{"id":76226,"date":"2018-05-23T16:30:27","date_gmt":"2018-05-23T19:30:27","guid":{"rendered":"http:\/\/www.hoymercedes.com.ar\/principal\/?p=76226"},"modified":"2018-05-23T16:32:08","modified_gmt":"2018-05-23T19:32:08","slug":"la-planta-de-reciclaje-en-carmen-de-areco-es-un-fiasco","status":"publish","type":"post","link":"https:\/\/www.hoymercedes.com.ar\/principal\/2018\/05\/23\/la-planta-de-reciclaje-en-carmen-de-areco-es-un-fiasco\/","title":{"rendered":"La Planta de Reciclaje en Carmen de Areco es un fiasco"},"content":{"rendered":"<p>Por Cristi\u00e1n Frers* &#8211; El secretario de obras y servicios p\u00fablicos de Carmen de Areco \u2013 Provincia de Buenos Aires, sr. Hugo Rodriguez,\u00a0 anunciaba el 26 de octubre del 2017 que \u201cLa planta de reciclaje estar\u00eda lista en seis meses\u201d y adem\u00e1s manifestaba que \u201cSe continuaba trabajando en el galp\u00f3n donde funcionar\u00e1n las m\u00e1quinas para el tratamiento de residuos s\u00f3lidos y urbanos y que adem\u00e1s de concretar las tareas de infraestructura, se tratar\u00eda de avanzar en materia de educaci\u00f3n\u201d\u2026 Han pasado siete meses de aquel anuncio y\u2026 NADA a sucedido. Se puede leer sus comentarios y escuchar la nota en FM Sincope (<a href=\"http:\/\/www.sincopenoticias.com.ar\/2017\/10\/26\/la-planta-de-tratamiento-de-residuos-estaria-lista-en-seis-meses\" target=\"_blank\" rel=\"noopener\">aqu\u00ed<\/a>)<\/p>\n<p>El 11 de noviembre del 2015, hice una denuncia por la tardanza en poner en funcionamiento la planta de reciclaje en el programa televisivo que se emit\u00eda por canal 13 (Artear) \u201cLa mesa esta lista\u201d a trav\u00e9s del periodista Gonzalo Rodriguez (<a href=\"https:\/\/www.youtube.com\/watch?v=EmlvNArYJmY\" target=\"_blank\" rel=\"noopener\">ver aqu\u00ed<\/a>). De hecho, tengo una denuncia ante la Defensor del Pueblo de la Provincia de Buenos Aires, expediente 15076\u2026 Pero, pareciera ser que a NADIE le interesa.<\/p>\n<p>Es hora que los Argentinos, pongamos MANOS A LAS OBRAS y nos dejemos de mentir a nosotros mismos \u201cpor nosotros, por nuestros hijos y por nuestros nietos\u201d, que se deje de ROBAR en un pa\u00eds que SIEMPRE se ha ROBADO. Se debe generar TRABAJO en BLANCO y dejar de MENTIR. Es hora que cada uno se haga cargo de sus ACTOS, y\u2026 Es lo que estoy haciendo como profesional, siendo T\u00e9cnico Superior en Gesti\u00f3n Ambiental porque evidentemente en aquella localidad, a muy pocas personas le interesa el tema de la basura.<\/p>\n<p>\u00bfPor qu\u00e9 me preocupa tanto el problema de la basura? Porque a \u00a0la hora de plantear estrategias y soluciones efectivas, la basura es uno de los problemas ambientales que se ubica dentro de la lista de prioritarios y que, a su vez, genera grandes desaf\u00edos para su manejo. La producci\u00f3n de basura ha venido en aumento de la mano con el crecimiento poblacional, el consumo y el desarrollo industrial. No hay mucho inter\u00e9s en efectuar una reducci\u00f3n importante en la generaci\u00f3n, como base para un manejo sustentable, para lograr la preservaci\u00f3n de los recursos naturales y tampoco inter\u00e9s en los mecanismos de disposici\u00f3n final.<\/p>\n<p>El manejo de los desechos s\u00f3lidos se resume a un ciclo que comienza con su generaci\u00f3n y acumulaci\u00f3n temporal, continuando con su recolecci\u00f3n, transporte y transferencia y termina con la acumulaci\u00f3n final de los mismos. Es a partir de esta acumulaci\u00f3n, transform\u00e1ndose en basurales a cielo abierto, es cuando comienzan los verdaderos problemas ecol\u00f3gicos, ya que los basureros se convierten en focos permanentes de contaminaci\u00f3n de aguas, suelo y aire.<\/p>\n<p>Los residuos son un grave problema para las ciudades, por un lado, diferentes factores \u2013como la superpoblaci\u00f3n, las diferentes actividades humanas modernas y el consumismo- han contribuido a acumular grandes cantidades de residuos (cientos y miles de toneladas anuales), cantidad que va en aumento. Por otro lado, no en todos los pa\u00edses existe la tecnolog\u00eda adecuada para reciclar los residuos y, hasta ahora, su manejo no ha resultado eficiente. Las quemas a cielo abierto y la disposici\u00f3n en los basurales a cielo abierto, provocan problemas de contaminaci\u00f3n, que acarrean enfermedades y da\u00f1o al ambiente, adem\u00e1s de conflictos sociales y pol\u00edticos.<\/p>\n<p>El cuidado del ambiente depende de todos. Comenzando por el Estado, mediante pol\u00edticas p\u00fablicas y de cada persona f\u00edsica y jur\u00eddica adapt\u00e1ndose a ellas. Se hace indispensable la emisi\u00f3n de incentivos que hagan concientizar y proponerse a la gente las ganas de ayudar.<\/p>\n<p>Se debe hacer algo ya, lamentablemente el da\u00f1o que le hemos hecho a nuestro pa\u00eds y al planeta, es irreversible e irreparable.<\/p>\n<p>Si supi\u00e9ramos generar recursos y administrarlos, otra seria la historia\u2026<\/p>\n<p>.<br \/>\n*Cristi\u00e1n Frers \u2013 T\u00e9cnico Superior en Gesti\u00f3n Ambiental y T\u00e9cnico Superior en Comunicaci\u00f3n Social (Periodista)<\/p>\n","protected":false},"excerpt":{"rendered":"<p>Por Cristi\u00e1n Frers* &#8211; El secretario de obras y servicios p\u00fablicos de Carmen de Areco \u2013 Provincia de Buenos Aires, &#8230; <a title=\"La Planta de Reciclaje en Carmen de Areco es un fiasco\" class=\"read-more\" href=\"https:\/\/www.hoymercedes.com.ar\/principal\/2018\/05\/23\/la-planta-de-reciclaje-en-carmen-de-areco-es-un-fiasco\/\" aria-label=\"Leer m\u00e1s sobre La Planta de Reciclaje en Carmen de Areco es un fiasco\">Leer m\u00e1s<\/a><\/p>\n","protected":false},"author":1,"featured_media":0,"comment_status":"closed","ping_status":"open","sticky":false,"template":"","format":"standard","meta":{"_monsterinsights_skip_tracking":false,"_monsterinsights_sitenote_active":false,"_monsterinsights_sitenote_note":"","_monsterinsights_sitenote_category":0,"jetpack_post_was_ever_published":false,"_jetpack_newsletter_access":"","_jetpack_dont_email_post_to_subs":false,"_jetpack_newsletter_tier_id":0,"_jetpack_memberships_contains_paywalled_content":false,"_jetpack_memberships_contains_paid_content":false,"footnotes":"","jetpack_publicize_message":"","jetpack_publicize_feature_enabled":true,"jetpack_social_post_already_shared":true,"jetpack_social_options":{"image_generator_settings":{"template":"highway","default_image_id":0,"font":"","enabled":false},"version":2},"_wpas_customize_per_network":false},"categories":[1],"tags":[9001,8748,13156],"class_list":["post-76226","post","type-post","status-publish","format-standard","hentry","category-opinion","tag-ambiente","tag-opinion","tag-planta-de-reciclado","generate-columns","tablet-grid-50","mobile-grid-100","grid-parent","grid-50"],"jetpack_publicize_connections":[],"jetpack_featured_media_url":"","wps_subtitle":"Nota de opini\u00f3n ","jetpack_sharing_enabled":true,"jetpack-related-posts":[{"id":96755,"url":"https:\/\/www.hoymercedes.com.ar\/principal\/2019\/07\/18\/el-tema-ambiental-en-la-localidad-de-carmen-de-areco-provincia-de-buenos-aires\/","url_meta":{"origin":76226,"position":0},"title":"El tema ambiental en la localidad de Carmen de Areco \u2013 Provincia de Buenos Aires","author":"hoymercedes","date":"18 julio, 2019","format":false,"excerpt":"Cristi\u00e1n Frers* \u2013 Desde el a\u00f1o 2005 estuve intentando implementar en la localidad la elaboraci\u00f3n de una pol\u00edtica ambiental municipal, que satisfaga las necesidades en todos los sectores de la vida local. Es importante que cada sector de la comunidad haga un balance del entorno sobre el proceso hist\u00f3rico de\u2026","rel":"","context":"En \u00abOpini\u00f3n\u00bb","block_context":{"text":"Opini\u00f3n","link":"https:\/\/www.hoymercedes.com.ar\/principal\/category\/opinion\/"},"img":{"alt_text":"","src":"https:\/\/i0.wp.com\/www.hoymercedes.com.ar\/principal\/wp-content\/uploads\/2018\/03\/20-rio-areco-700x467.jpg?resize=350%2C200&ssl=1","width":350,"height":200,"srcset":"https:\/\/i0.wp.com\/www.hoymercedes.com.ar\/principal\/wp-content\/uploads\/2018\/03\/20-rio-areco-700x467.jpg?resize=350%2C200&ssl=1 1x, https:\/\/i0.wp.com\/www.hoymercedes.com.ar\/principal\/wp-content\/uploads\/2018\/03\/20-rio-areco-700x467.jpg?resize=525%2C300&ssl=1 1.5x, https:\/\/i0.wp.com\/www.hoymercedes.com.ar\/principal\/wp-content\/uploads\/2018\/03\/20-rio-areco-700x467.jpg?resize=700%2C400&ssl=1 2x"},"classes":[]},{"id":152015,"url":"https:\/\/www.hoymercedes.com.ar\/principal\/2022\/08\/18\/el-tema-de-la-basura-y-el-dano-colateral\/","url_meta":{"origin":76226,"position":1},"title":"El tema de la basura y el da\u00f1o colateral","author":"hoymercedes","date":"18 agosto, 2022","format":false,"excerpt":"Los equipos de combate del fuego continuaban con las tareas para extinguir las llamas que desde hace varios d\u00edas afectan a las islas del Delta del Paran\u00e1, cuyo humo impact\u00f3 en las provincias de Entre R\u00edos, Santa Fe y Buenos Aires","rel":"","context":"En \u00abOpini\u00f3n\u00bb","block_context":{"text":"Opini\u00f3n","link":"https:\/\/www.hoymercedes.com.ar\/principal\/category\/opinion\/"},"img":{"alt_text":"","src":"https:\/\/i0.wp.com\/www.hoymercedes.com.ar\/principal\/wp-content\/uploads\/2022\/08\/humo.jpg?resize=350%2C200&ssl=1","width":350,"height":200},"classes":[]},{"id":185699,"url":"https:\/\/www.hoymercedes.com.ar\/principal\/2025\/06\/28\/opinion-como-se-debe-tratar-la-basura\/","url_meta":{"origin":76226,"position":2},"title":"Opini\u00f3n: \u00bfC\u00f3mo se debe tratar la basura?","author":"hoymercedes","date":"28 junio, 2025","format":false,"excerpt":"Por Cristi\u00e1n Frers* - Desde el a\u00f1o 2005 que impuls\u00f3 una planta para tratar la basura en la localidad de Carmen de Areco \u2013 Provincia de Buenos Aires, el entonces, presidente del Concejo Deliberante de Carmen de Areco y ex intendente mandato cumplido, Marcelo A. Skansi, \u00a0expres\u00f3 el 25 de\u2026","rel":"","context":"En \u00abSociedad\u00bb","block_context":{"text":"Sociedad","link":"https:\/\/www.hoymercedes.com.ar\/principal\/category\/sociedad\/"},"img":{"alt_text":"","src":"https:\/\/i0.wp.com\/www.hoymercedes.com.ar\/principal\/wp-content\/uploads\/2023\/08\/basura-incendiada-xIA.jpeg?resize=350%2C200&ssl=1","width":350,"height":200,"srcset":"https:\/\/i0.wp.com\/www.hoymercedes.com.ar\/principal\/wp-content\/uploads\/2023\/08\/basura-incendiada-xIA.jpeg?resize=350%2C200&ssl=1 1x, https:\/\/i0.wp.com\/www.hoymercedes.com.ar\/principal\/wp-content\/uploads\/2023\/08\/basura-incendiada-xIA.jpeg?resize=525%2C300&ssl=1 1.5x, https:\/\/i0.wp.com\/www.hoymercedes.com.ar\/principal\/wp-content\/uploads\/2023\/08\/basura-incendiada-xIA.jpeg?resize=700%2C400&ssl=1 2x"},"classes":[]},{"id":111513,"url":"https:\/\/www.hoymercedes.com.ar\/principal\/2020\/06\/02\/coronavirus-carmen-de-areco-y-arrecifes-confirman-sus-primeros-casos\/","url_meta":{"origin":76226,"position":3},"title":"Coronavirus: Carmen de Areco y Arrecifes confirman sus primeros casos","author":"hoymercedes","date":"2 junio, 2020","format":false,"excerpt":"Durante la jornada del lunes se confirmaron casos positivos de COVID-19 en la regi\u00f3n. Tanto el Municipio de Carmen de Areco como el de Arrecifes comunicaron los primeros casos positivos de ambas localidades, pacientes que resultaron ser compa\u00f1eros de trabajo en la empresa Granja Tres Arroyos de los casos positivos\u2026","rel":"","context":"En \u00abRegi\u00f3n\u00bb","block_context":{"text":"Regi\u00f3n","link":"https:\/\/www.hoymercedes.com.ar\/principal\/category\/region\/"},"img":{"alt_text":"","src":"https:\/\/i0.wp.com\/www.hoymercedes.com.ar\/principal\/wp-content\/uploads\/2020\/04\/17-coronavirus.jpg?resize=350%2C200&ssl=1","width":350,"height":200,"srcset":"https:\/\/i0.wp.com\/www.hoymercedes.com.ar\/principal\/wp-content\/uploads\/2020\/04\/17-coronavirus.jpg?resize=350%2C200&ssl=1 1x, https:\/\/i0.wp.com\/www.hoymercedes.com.ar\/principal\/wp-content\/uploads\/2020\/04\/17-coronavirus.jpg?resize=525%2C300&ssl=1 1.5x, https:\/\/i0.wp.com\/www.hoymercedes.com.ar\/principal\/wp-content\/uploads\/2020\/04\/17-coronavirus.jpg?resize=700%2C400&ssl=1 2x"},"classes":[]},{"id":144862,"url":"https:\/\/www.hoymercedes.com.ar\/principal\/2022\/03\/07\/el-lento-reciclaje-en-argentina\/","url_meta":{"origin":76226,"position":4},"title":"El lento reciclaje en Argentina","author":"hoymercedes","date":"7 marzo, 2022","format":false,"excerpt":"Cristi\u00e1n Frers* - Hay normativas e iniciativas estatales y privadas que apoyan la recuperaci\u00f3n de residuos. Cooperativas de recicladores urbanos, contenedores y puntos verdes. Pero, aun as\u00ed, el problema de la basura sigue siendo un desaf\u00edo colectivo, tras d\u00e9cadas de batallas, algunas perdidas y otras ganadas. \u00bfQu\u00e9 pasa que Argentina\u2026","rel":"","context":"En \u00abOpini\u00f3n\u00bb","block_context":{"text":"Opini\u00f3n","link":"https:\/\/www.hoymercedes.com.ar\/principal\/category\/opinion\/"},"img":{"alt_text":"","src":"https:\/\/i0.wp.com\/www.hoymercedes.com.ar\/principal\/wp-content\/uploads\/2019\/09\/14-reciclaje-ambiente.jpg?resize=350%2C200&ssl=1","width":350,"height":200,"srcset":"https:\/\/i0.wp.com\/www.hoymercedes.com.ar\/principal\/wp-content\/uploads\/2019\/09\/14-reciclaje-ambiente.jpg?resize=350%2C200&ssl=1 1x, https:\/\/i0.wp.com\/www.hoymercedes.com.ar\/principal\/wp-content\/uploads\/2019\/09\/14-reciclaje-ambiente.jpg?resize=525%2C300&ssl=1 1.5x, https:\/\/i0.wp.com\/www.hoymercedes.com.ar\/principal\/wp-content\/uploads\/2019\/09\/14-reciclaje-ambiente.jpg?resize=700%2C400&ssl=1 2x"},"classes":[]},{"id":166163,"url":"https:\/\/www.hoymercedes.com.ar\/principal\/2023\/08\/26\/la-basura-sigue-siendo-un-problema-en-el-2023\/","url_meta":{"origin":76226,"position":5},"title":"La basura sigue siendo un problema en el 2023\u00a0","author":"hoymercedes","date":"26 agosto, 2023","format":false,"excerpt":"Por Cristi\u00e1n Frers* - Columnas de humo gris y espeso invaden ambas manos de ruta provincial 51 a la altura de la localidad de Carmen de Areco - Provincia de Buenos Aires, en el costado de la ruta se ubica un basural a cielo abierto que ha proliferado en los\u2026","rel":"","context":"En \u00abOpini\u00f3n\u00bb","block_context":{"text":"Opini\u00f3n","link":"https:\/\/www.hoymercedes.com.ar\/principal\/category\/opinion\/"},"img":{"alt_text":"","src":"https:\/\/i0.wp.com\/www.hoymercedes.com.ar\/principal\/wp-content\/uploads\/2023\/08\/basura-incendiada-xIA.jpeg?resize=350%2C200&ssl=1","width":350,"height":200,"srcset":"https:\/\/i0.wp.com\/www.hoymercedes.com.ar\/principal\/wp-content\/uploads\/2023\/08\/basura-incendiada-xIA.jpeg?resize=350%2C200&ssl=1 1x, https:\/\/i0.wp.com\/www.hoymercedes.com.ar\/principal\/wp-content\/uploads\/2023\/08\/basura-incendiada-xIA.jpeg?resize=525%2C300&ssl=1 1.5x, https:\/\/i0.wp.com\/www.hoymercedes.com.ar\/principal\/wp-content\/uploads\/2023\/08\/basura-incendiada-xIA.jpeg?resize=700%2C400&ssl=1 2x"},"classes":[]}],"_links":{"self":[{"href":"https:\/\/www.hoymercedes.com.ar\/principal\/wp-json\/wp\/v2\/posts\/76226","targetHints":{"allow":["GET"]}}],"collection":[{"href":"https:\/\/www.hoymercedes.com.ar\/principal\/wp-json\/wp\/v2\/posts"}],"about":[{"href":"https:\/\/www.hoymercedes.com.ar\/principal\/wp-json\/wp\/v2\/types\/post"}],"author":[{"embeddable":true,"href":"https:\/\/www.hoymercedes.com.ar\/principal\/wp-json\/wp\/v2\/users\/1"}],"replies":[{"embeddable":true,"href":"https:\/\/www.hoymercedes.com.ar\/principal\/wp-json\/wp\/v2\/comments?post=76226"}],"version-history":[{"count":0,"href":"https:\/\/www.hoymercedes.com.ar\/principal\/wp-json\/wp\/v2\/posts\/76226\/revisions"}],"wp:attachment":[{"href":"https:\/\/www.hoymercedes.com.ar\/principal\/wp-json\/wp\/v2\/media?parent=76226"}],"wp:term":[{"taxonomy":"category","embeddable":true,"href":"https:\/\/www.hoymercedes.com.ar\/principal\/wp-json\/wp\/v2\/categories?post=76226"},{"taxonomy":"post_tag","embeddable":true,"href":"https:\/\/www.hoymercedes.com.ar\/principal\/wp-json\/wp\/v2\/tags?post=76226"}],"curies":[{"name":"wp","href":"https:\/\/api.w.org\/{rel}","templated":true}]}}