{"id":76228,"date":"2018-05-23T19:40:33","date_gmt":"2018-05-23T22:40:33","guid":{"rendered":"http:\/\/www.hoymercedes.com.ar\/principal\/?p=76228"},"modified":"2018-05-23T19:37:04","modified_gmt":"2018-05-23T22:37:04","slug":"las-acuarelas-de-maria-laura-mangoni-pueden-visitarse-hasta-el-7-de-junio","status":"publish","type":"post","link":"https:\/\/www.hoymercedes.com.ar\/principal\/2018\/05\/23\/las-acuarelas-de-maria-laura-mangoni-pueden-visitarse-hasta-el-7-de-junio\/","title":{"rendered":"Las Acuarelas de Mar\u00eda Laura Mangoni pueden visitarse hasta el 7 de junio"},"content":{"rendered":"<p>Por TeCleArte &#8211; El viernes pasado inaugur\u00f3 en el Teatro Tal\u00eda, en su sala de exposiciones Fernando Chirieleison, la muestra de acuarelas de Mar\u00eda Laura Mangoni. Figuras humanas prevalecen en una pincelada acuosa indefinida pero precisa. Los cuadros pueden visitarse hasta el 7 de junio en el hall de la sala teatral de calle 20, casi esquina 31.<\/p>\n<p><img loading=\"lazy\" decoding=\"async\" data-attachment-id=\"76230\" data-permalink=\"https:\/\/www.hoymercedes.com.ar\/principal\/2018\/05\/23\/las-acuarelas-de-maria-laura-mangoni-pueden-visitarse-hasta-el-7-de-junio\/23-acuarelas-mangoni-2\/#main\" data-orig-file=\"https:\/\/www.hoymercedes.com.ar\/principal\/wp-content\/uploads\/2018\/05\/23-acuarelas-mangoni-2.jpg\" data-orig-size=\"750,450\" data-comments-opened=\"0\" data-image-meta=\"{&quot;aperture&quot;:&quot;2.6&quot;,&quot;credit&quot;:&quot;&quot;,&quot;camera&quot;:&quot;SM-G313MU&quot;,&quot;caption&quot;:&quot;&quot;,&quot;created_timestamp&quot;:&quot;1526675049&quot;,&quot;copyright&quot;:&quot;&quot;,&quot;focal_length&quot;:&quot;3.31&quot;,&quot;iso&quot;:&quot;100&quot;,&quot;shutter_speed&quot;:&quot;0.04&quot;,&quot;title&quot;:&quot;&quot;,&quot;orientation&quot;:&quot;1&quot;}\" data-image-title=\"23 acuarelas mangoni 2\" data-image-description=\"\" data-image-caption=\"\" data-large-file=\"https:\/\/www.hoymercedes.com.ar\/principal\/wp-content\/uploads\/2018\/05\/23-acuarelas-mangoni-2.jpg\" class=\"aligncenter size-medium wp-image-76230\" src=\"https:\/\/www.hoymercedes.com.ar\/principal\/wp-content\/uploads\/2018\/05\/23-acuarelas-mangoni-2-630x378.jpg\" alt=\"\" width=\"630\" height=\"378\" srcset=\"https:\/\/www.hoymercedes.com.ar\/principal\/wp-content\/uploads\/2018\/05\/23-acuarelas-mangoni-2-630x378.jpg 630w, https:\/\/www.hoymercedes.com.ar\/principal\/wp-content\/uploads\/2018\/05\/23-acuarelas-mangoni-2-150x90.jpg 150w, https:\/\/www.hoymercedes.com.ar\/principal\/wp-content\/uploads\/2018\/05\/23-acuarelas-mangoni-2.jpg 750w\" sizes=\"auto, (max-width: 630px) 100vw, 630px\" \/><\/p>\n<p>Aunque a Mar\u00eda Laura se la conoce como fot\u00f3grafa aficionada y como nadadora, hace un par de a\u00f1os incursion\u00f3 en el dibujo y m\u00e1s espec\u00edficamente a las acuarelas a partir de su amor por el agua. \u201cHice fotograf\u00edas y quer\u00eda empezar a intervenir esas fotograf\u00edas con acuarelas. Fui al taller de Natalia Ochoa, y le ped\u00ed aprender a trabajar con acuarelas. Me parece fascinante. Soy nadadora y el agua me fascina\u201d, cont\u00f3 Mangoni.<\/p>\n<p>\u201cSoy una persona muy desestructurada y la acuarela y su proceso se va dando sobre la marcha. No ten\u00e9s vuelta atr\u00e1s, como puede ser con acr\u00edlico o el \u00f3leo. Es una improvisaci\u00f3n constante la acuarela. Como puede ser mi vida. Por eso supongo que es esa afinidad que siento. Empec\u00e9 a aprender y us\u00e9 esa acuarela como fin no como medio\u201d, agreg\u00f3 la expositora.<\/p>\n<p><img loading=\"lazy\" decoding=\"async\" data-attachment-id=\"76229\" data-permalink=\"https:\/\/www.hoymercedes.com.ar\/principal\/2018\/05\/23\/las-acuarelas-de-maria-laura-mangoni-pueden-visitarse-hasta-el-7-de-junio\/23-acuarelas-mangoni-1\/#main\" data-orig-file=\"https:\/\/www.hoymercedes.com.ar\/principal\/wp-content\/uploads\/2018\/05\/23-acuarelas-mangoni-1.jpg\" data-orig-size=\"750,450\" data-comments-opened=\"0\" data-image-meta=\"{&quot;aperture&quot;:&quot;2.6&quot;,&quot;credit&quot;:&quot;&quot;,&quot;camera&quot;:&quot;SM-G313MU&quot;,&quot;caption&quot;:&quot;&quot;,&quot;created_timestamp&quot;:&quot;1526675030&quot;,&quot;copyright&quot;:&quot;&quot;,&quot;focal_length&quot;:&quot;3.31&quot;,&quot;iso&quot;:&quot;250&quot;,&quot;shutter_speed&quot;:&quot;0.125&quot;,&quot;title&quot;:&quot;&quot;,&quot;orientation&quot;:&quot;1&quot;}\" data-image-title=\"23 acuarelas mangoni 1\" data-image-description=\"\" data-image-caption=\"\" data-large-file=\"https:\/\/www.hoymercedes.com.ar\/principal\/wp-content\/uploads\/2018\/05\/23-acuarelas-mangoni-1.jpg\" class=\"aligncenter size-medium wp-image-76229\" src=\"https:\/\/www.hoymercedes.com.ar\/principal\/wp-content\/uploads\/2018\/05\/23-acuarelas-mangoni-1-630x378.jpg\" alt=\"\" width=\"630\" height=\"378\" srcset=\"https:\/\/www.hoymercedes.com.ar\/principal\/wp-content\/uploads\/2018\/05\/23-acuarelas-mangoni-1-630x378.jpg 630w, https:\/\/www.hoymercedes.com.ar\/principal\/wp-content\/uploads\/2018\/05\/23-acuarelas-mangoni-1-150x90.jpg 150w, https:\/\/www.hoymercedes.com.ar\/principal\/wp-content\/uploads\/2018\/05\/23-acuarelas-mangoni-1.jpg 750w\" sizes=\"auto, (max-width: 630px) 100vw, 630px\" \/><\/p>\n<p>\u201cLa figura humana y en especial de la mujer me llama mucho la atenci\u00f3n. En la fotograf\u00eda tambi\u00e9n utilizo ese tema como constante. Tenes un grado de improvisaci\u00f3n en el que hasta que no terminas no sab\u00e9s c\u00f3mo queda la obra o qu\u00e9 resultado llegar\u00e1s. Ejemplo, si no dejaste blancos, no hay vuelta atr\u00e1s, no habr\u00e1 blancos. Donde manchaste y qued\u00f3 m\u00e1s oscuro, qued\u00f3 as\u00ed. Son obras que hice durante el 2016 y ahora sigo trabajando en lo mismo y creo que seguir\u00e9 con lo figurativo. La idea es seguir estudiando la incidencia de la luz y la sombra en el cuerpo humano\u201d, agreg\u00f3 Mar\u00eda Laura Mangoni que expone hasta el 7 de junio sus acuarelas en el hall, sala de exposiciones Fernando Chirieleison, del Teatro Tal\u00eda.<\/p>\n<p>Hasta esa fecha, despu\u00e9s de la hora 17, el teatro de calle 20 casi esquina 31, podr\u00e1n verse los trabajos de pinturas en acuarelas.<\/p>\n","protected":false},"excerpt":{"rendered":"<p>Por TeCleArte &#8211; El viernes pasado inaugur\u00f3 en el Teatro Tal\u00eda, en su sala de exposiciones Fernando Chirieleison, la muestra &#8230; <a title=\"Las Acuarelas de Mar\u00eda Laura Mangoni pueden visitarse hasta el 7 de junio\" class=\"read-more\" href=\"https:\/\/www.hoymercedes.com.ar\/principal\/2018\/05\/23\/las-acuarelas-de-maria-laura-mangoni-pueden-visitarse-hasta-el-7-de-junio\/\" aria-label=\"Leer m\u00e1s sobre Las Acuarelas de Mar\u00eda Laura Mangoni pueden visitarse hasta el 7 de junio\">Leer m\u00e1s<\/a><\/p>\n","protected":false},"author":1,"featured_media":76229,"comment_status":"closed","ping_status":"open","sticky":false,"template":"","format":"standard","meta":{"_monsterinsights_skip_tracking":false,"_monsterinsights_sitenote_active":false,"_monsterinsights_sitenote_note":"","_monsterinsights_sitenote_category":0,"jetpack_post_was_ever_published":false,"_jetpack_newsletter_access":"","_jetpack_dont_email_post_to_subs":false,"_jetpack_newsletter_tier_id":0,"_jetpack_memberships_contains_paywalled_content":false,"_jetpack_memberships_contains_paid_content":false,"footnotes":"","jetpack_publicize_message":"","jetpack_publicize_feature_enabled":true,"jetpack_social_post_already_shared":true,"jetpack_social_options":{"image_generator_settings":{"template":"highway","default_image_id":0,"font":"","enabled":false},"version":2},"_wpas_customize_per_network":false},"categories":[104],"tags":[13157,7805,8673,13158,10,653],"class_list":["post-76228","post","type-post","status-publish","format-standard","has-post-thumbnail","hentry","category-cultura","tag-acuarelas","tag-cultura","tag-exposicion","tag-maria-laura-mangoni","tag-mercedes","tag-teatro-talia","generate-columns","tablet-grid-50","mobile-grid-100","grid-parent","grid-50"],"jetpack_publicize_connections":[],"jetpack_featured_media_url":"https:\/\/www.hoymercedes.com.ar\/principal\/wp-content\/uploads\/2018\/05\/23-acuarelas-mangoni-1.jpg","wps_subtitle":"Exposici\u00f3n en Teatro Tal\u00eda","jetpack_sharing_enabled":true,"jetpack-related-posts":[{"id":75899,"url":"https:\/\/www.hoymercedes.com.ar\/principal\/2018\/05\/17\/acuarelas-de-maria-laura-mangoni-se-exponen-en-el-teatro-talia\/","url_meta":{"origin":76228,"position":0},"title":"Acuarelas de Mar\u00eda Laura Mangoni se exponen en el Teatro Tal\u00eda","author":"hoymercedes","date":"17 mayo, 2018","format":false,"excerpt":"Este viernes 18 de mayo, en la sala de exposiciones Fernando Chirieleison del Teatro Tal\u00eda se abrir\u00e1 la muestra \"Acuarelas\" de Mar\u00eda Laura Mangoni. La exposici\u00f3n se inaugurar\u00e1 a la hora 20 en la sala teatral de calle 20, casi esquina 31.","rel":"","context":"En \u00abCultura\u00bb","block_context":{"text":"Cultura","link":"https:\/\/www.hoymercedes.com.ar\/principal\/category\/cultura\/"},"img":{"alt_text":"","src":"https:\/\/i0.wp.com\/www.hoymercedes.com.ar\/principal\/wp-content\/uploads\/2018\/05\/17-talia-acuarela-2.jpg?resize=350%2C200&ssl=1","width":350,"height":200,"srcset":"https:\/\/i0.wp.com\/www.hoymercedes.com.ar\/principal\/wp-content\/uploads\/2018\/05\/17-talia-acuarela-2.jpg?resize=350%2C200&ssl=1 1x, https:\/\/i0.wp.com\/www.hoymercedes.com.ar\/principal\/wp-content\/uploads\/2018\/05\/17-talia-acuarela-2.jpg?resize=525%2C300&ssl=1 1.5x"},"classes":[]},{"id":159757,"url":"https:\/\/www.hoymercedes.com.ar\/principal\/2023\/03\/18\/acuarelas-y-anoranzas-en-el-colegio-de-arquitectos\/","url_meta":{"origin":76228,"position":1},"title":"Acuarelas y a\u00f1oranzas en el Colegio de Arquitectos","author":"hoymercedes","date":"18 marzo, 2023","format":false,"excerpt":"En la noche del viernes 17, el Colegio de Arquitectos Distrito 5 de Mercedes abri\u00f3 el ciclo de arte 2023. En esta oportunidad, las acuarelas de Betty Poli se enmarcaron en los relatos escritos por Mirta Leyes que se expresaron en vivo en la inauguraci\u00f3n de la muestra \"Acuarelas y\u2026","rel":"","context":"En \u00abCultura\u00bb","block_context":{"text":"Cultura","link":"https:\/\/www.hoymercedes.com.ar\/principal\/category\/cultura\/"},"img":{"alt_text":"","src":"https:\/\/i0.wp.com\/www.hoymercedes.com.ar\/principal\/wp-content\/uploads\/2023\/03\/muestra-Arq-leyes-poli-6.jpg?resize=350%2C200&ssl=1","width":350,"height":200,"srcset":"https:\/\/i0.wp.com\/www.hoymercedes.com.ar\/principal\/wp-content\/uploads\/2023\/03\/muestra-Arq-leyes-poli-6.jpg?resize=350%2C200&ssl=1 1x, https:\/\/i0.wp.com\/www.hoymercedes.com.ar\/principal\/wp-content\/uploads\/2023\/03\/muestra-Arq-leyes-poli-6.jpg?resize=525%2C300&ssl=1 1.5x, https:\/\/i0.wp.com\/www.hoymercedes.com.ar\/principal\/wp-content\/uploads\/2023\/03\/muestra-Arq-leyes-poli-6.jpg?resize=700%2C400&ssl=1 2x"},"classes":[]},{"id":168233,"url":"https:\/\/www.hoymercedes.com.ar\/principal\/2023\/10\/09\/muestra-de-acuarelas-en-homenaja-a-hector-cueto\/","url_meta":{"origin":76228,"position":2},"title":"Muestra de acuarelas en homenaja a H\u00e9ctor Cueto","author":"hoymercedes","date":"9 octubre, 2023","format":false,"excerpt":"\"Mercedes, un lugar en com\u00fan\" es el t\u00edtulo de la muestra que abrir\u00e1 sus puertas el viernes 13 de octubre, 19 horas, en el Estudio de Arte Cueto. Con acuarelas de Jorge Swinnen y, especialmente, de H\u00e9ctor Cueto que por estos d\u00edas habr\u00eda cumplido 100 a\u00f1os, la exposici\u00f3n se podr\u00e1\u2026","rel":"","context":"En \u00abCultura\u00bb","block_context":{"text":"Cultura","link":"https:\/\/www.hoymercedes.com.ar\/principal\/category\/cultura\/"},"img":{"alt_text":"","src":"https:\/\/i0.wp.com\/www.hoymercedes.com.ar\/principal\/wp-content\/uploads\/2023\/10\/muestra-cueto-seinenn.jpg?resize=350%2C200&ssl=1","width":350,"height":200,"srcset":"https:\/\/i0.wp.com\/www.hoymercedes.com.ar\/principal\/wp-content\/uploads\/2023\/10\/muestra-cueto-seinenn.jpg?resize=350%2C200&ssl=1 1x, https:\/\/i0.wp.com\/www.hoymercedes.com.ar\/principal\/wp-content\/uploads\/2023\/10\/muestra-cueto-seinenn.jpg?resize=525%2C300&ssl=1 1.5x, https:\/\/i0.wp.com\/www.hoymercedes.com.ar\/principal\/wp-content\/uploads\/2023\/10\/muestra-cueto-seinenn.jpg?resize=700%2C400&ssl=1 2x"},"classes":[]},{"id":143319,"url":"https:\/\/www.hoymercedes.com.ar\/principal\/2022\/01\/31\/maria-laura-mangoni-inicio-su-temporada-de-aguas-abiertas-2022\/","url_meta":{"origin":76228,"position":3},"title":"Mar\u00eda Laura Mangoni inici\u00f3 su temporada de Aguas Abiertas 2022","author":"hoymercedes","date":"31 enero, 2022","format":false,"excerpt":"En la tercera fecha del Circuito de Nataci\u00f3n R\u00edo Uruguay, que tuvo lugar en Concepci\u00f3n del Uruguay, Entre R\u00edos, particip\u00f3 la nadadora mercedina Mar\u00eda Laura Mangoni junto a otros 275 nadadores de cien ciudades y cinco provincias argentinas. Sol y un r\u00edo planchado exigi\u00f3 el mejor esfuerzo de los participantes,\u2026","rel":"","context":"En \u00abDeportes\u00bb","block_context":{"text":"Deportes","link":"https:\/\/www.hoymercedes.com.ar\/principal\/category\/deportes\/"},"img":{"alt_text":"","src":"https:\/\/i0.wp.com\/www.hoymercedes.com.ar\/principal\/wp-content\/uploads\/2022\/01\/maria-laura-mangoni-310122.jpg?resize=350%2C200&ssl=1","width":350,"height":200,"srcset":"https:\/\/i0.wp.com\/www.hoymercedes.com.ar\/principal\/wp-content\/uploads\/2022\/01\/maria-laura-mangoni-310122.jpg?resize=350%2C200&ssl=1 1x, https:\/\/i0.wp.com\/www.hoymercedes.com.ar\/principal\/wp-content\/uploads\/2022\/01\/maria-laura-mangoni-310122.jpg?resize=525%2C300&ssl=1 1.5x"},"classes":[]},{"id":168396,"url":"https:\/\/www.hoymercedes.com.ar\/principal\/2023\/10\/16\/paso-la-muestra-de-acuarelas-de-cueto-y-swinnen\/","url_meta":{"origin":76228,"position":4},"title":"Pas\u00f3 la muestra de acuarelas de Cueto y Swinnen","author":"hoymercedes","date":"16 octubre, 2023","format":false,"excerpt":"Durate el fin de semana, se llev\u00f3 adelante la exposici\u00f3n de obras en acuarela del fallecido H\u00e9ctor Cueto y del arquitecto Jorge Swinnen. La muestra se pudo visitar el viernes, s\u00e1bado y domingo en la sala de el Estudio de Arte Cueto. \"En sus acuarelas H\u00e9ctor Cueto ilustra recuerdos, aunque\u2026","rel":"","context":"En \u00abCultura\u00bb","block_context":{"text":"Cultura","link":"https:\/\/www.hoymercedes.com.ar\/principal\/category\/cultura\/"},"img":{"alt_text":"","src":"https:\/\/i0.wp.com\/www.hoymercedes.com.ar\/principal\/wp-content\/uploads\/2023\/10\/IMG_20231013_201533835.jpg?resize=350%2C200&ssl=1","width":350,"height":200,"srcset":"https:\/\/i0.wp.com\/www.hoymercedes.com.ar\/principal\/wp-content\/uploads\/2023\/10\/IMG_20231013_201533835.jpg?resize=350%2C200&ssl=1 1x, https:\/\/i0.wp.com\/www.hoymercedes.com.ar\/principal\/wp-content\/uploads\/2023\/10\/IMG_20231013_201533835.jpg?resize=525%2C300&ssl=1 1.5x, https:\/\/i0.wp.com\/www.hoymercedes.com.ar\/principal\/wp-content\/uploads\/2023\/10\/IMG_20231013_201533835.jpg?resize=700%2C400&ssl=1 2x"},"classes":[]},{"id":155997,"url":"https:\/\/www.hoymercedes.com.ar\/principal\/2022\/11\/30\/natacion-maria-laura-mangoni-inicio-su-temporada-en-aguas-abiertas-en-entre-rios\/","url_meta":{"origin":76228,"position":5},"title":"Nataci\u00f3n: Mar\u00eda Laura Mangoni inici\u00f3 su temporada en aguas abiertas en Entre R\u00edos","author":"hoymercedes","date":"30 noviembre, 2022","format":false,"excerpt":"La nadadora mercedina Mar\u00eda Laura Mangoni qued\u00f3 segunda en su categor\u00eda en la 13\u00b0 edici\u00f3n de los \"3km Lago de Federaci\u00f3n\" por el R\u00edo Uruguay en Entre R\u00edos","rel":"","context":"En \u00abDeportes\u00bb","block_context":{"text":"Deportes","link":"https:\/\/www.hoymercedes.com.ar\/principal\/category\/deportes\/"},"img":{"alt_text":"","src":"https:\/\/i0.wp.com\/www.hoymercedes.com.ar\/principal\/wp-content\/uploads\/2022\/11\/natacion-laura.jpg?resize=350%2C200&ssl=1","width":350,"height":200,"srcset":"https:\/\/i0.wp.com\/www.hoymercedes.com.ar\/principal\/wp-content\/uploads\/2022\/11\/natacion-laura.jpg?resize=350%2C200&ssl=1 1x, https:\/\/i0.wp.com\/www.hoymercedes.com.ar\/principal\/wp-content\/uploads\/2022\/11\/natacion-laura.jpg?resize=525%2C300&ssl=1 1.5x, https:\/\/i0.wp.com\/www.hoymercedes.com.ar\/principal\/wp-content\/uploads\/2022\/11\/natacion-laura.jpg?resize=700%2C400&ssl=1 2x"},"classes":[]}],"_links":{"self":[{"href":"https:\/\/www.hoymercedes.com.ar\/principal\/wp-json\/wp\/v2\/posts\/76228","targetHints":{"allow":["GET"]}}],"collection":[{"href":"https:\/\/www.hoymercedes.com.ar\/principal\/wp-json\/wp\/v2\/posts"}],"about":[{"href":"https:\/\/www.hoymercedes.com.ar\/principal\/wp-json\/wp\/v2\/types\/post"}],"author":[{"embeddable":true,"href":"https:\/\/www.hoymercedes.com.ar\/principal\/wp-json\/wp\/v2\/users\/1"}],"replies":[{"embeddable":true,"href":"https:\/\/www.hoymercedes.com.ar\/principal\/wp-json\/wp\/v2\/comments?post=76228"}],"version-history":[{"count":0,"href":"https:\/\/www.hoymercedes.com.ar\/principal\/wp-json\/wp\/v2\/posts\/76228\/revisions"}],"wp:featuredmedia":[{"embeddable":true,"href":"https:\/\/www.hoymercedes.com.ar\/principal\/wp-json\/wp\/v2\/media\/76229"}],"wp:attachment":[{"href":"https:\/\/www.hoymercedes.com.ar\/principal\/wp-json\/wp\/v2\/media?parent=76228"}],"wp:term":[{"taxonomy":"category","embeddable":true,"href":"https:\/\/www.hoymercedes.com.ar\/principal\/wp-json\/wp\/v2\/categories?post=76228"},{"taxonomy":"post_tag","embeddable":true,"href":"https:\/\/www.hoymercedes.com.ar\/principal\/wp-json\/wp\/v2\/tags?post=76228"}],"curies":[{"name":"wp","href":"https:\/\/api.w.org\/{rel}","templated":true}]}}