{"id":76232,"date":"2018-05-23T18:28:16","date_gmt":"2018-05-23T21:28:16","guid":{"rendered":"http:\/\/www.hoymercedes.com.ar\/principal\/?p=76232"},"modified":"2018-05-23T19:39:18","modified_gmt":"2018-05-23T22:39:18","slug":"ustarroz-visito-industrial-que-recibio-su-tractor-tras-gestionar-subsidio-ante-el-municipio","status":"publish","type":"post","link":"https:\/\/www.hoymercedes.com.ar\/principal\/2018\/05\/23\/ustarroz-visito-industrial-que-recibio-su-tractor-tras-gestionar-subsidio-ante-el-municipio\/","title":{"rendered":"Ustarroz visit\u00f3 Industrial que recibi\u00f3 su tractor tras gestionar subsidio ante el Municipio"},"content":{"rendered":"<figure id=\"attachment_76233\" aria-describedby=\"caption-attachment-76233\" style=\"width: 620px\" class=\"wp-caption aligncenter\"><img loading=\"lazy\" decoding=\"async\" data-attachment-id=\"76233\" data-permalink=\"https:\/\/www.hoymercedes.com.ar\/principal\/2018\/05\/23\/ustarroz-visito-industrial-que-recibio-su-tractor-tras-gestionar-subsidio-ante-el-municipio\/industrial2\/#main\" data-orig-file=\"https:\/\/www.hoymercedes.com.ar\/principal\/wp-content\/uploads\/2018\/05\/Industrial2.jpg\" data-orig-size=\"730,411\" data-comments-opened=\"0\" data-image-meta=\"{&quot;aperture&quot;:&quot;1.9&quot;,&quot;credit&quot;:&quot;&quot;,&quot;camera&quot;:&quot;SM-G920I&quot;,&quot;caption&quot;:&quot;&quot;,&quot;created_timestamp&quot;:&quot;1526551227&quot;,&quot;copyright&quot;:&quot;&quot;,&quot;focal_length&quot;:&quot;4.3&quot;,&quot;iso&quot;:&quot;400&quot;,&quot;shutter_speed&quot;:&quot;0.03030303030303&quot;,&quot;title&quot;:&quot;&quot;,&quot;orientation&quot;:&quot;0&quot;}\" data-image-title=\"Industrial2\" data-image-description=\"\" data-image-caption=\"&lt;p&gt;Visita Industrial&lt;\/p&gt;\n\" data-large-file=\"https:\/\/www.hoymercedes.com.ar\/principal\/wp-content\/uploads\/2018\/05\/Industrial2.jpg\" class=\"size-medium wp-image-76233\" src=\"https:\/\/www.hoymercedes.com.ar\/principal\/wp-content\/uploads\/2018\/05\/Industrial2-630x355.jpg\" alt=\"\" width=\"630\" height=\"355\" srcset=\"https:\/\/www.hoymercedes.com.ar\/principal\/wp-content\/uploads\/2018\/05\/Industrial2-630x355.jpg 630w, https:\/\/www.hoymercedes.com.ar\/principal\/wp-content\/uploads\/2018\/05\/Industrial2-150x84.jpg 150w, https:\/\/www.hoymercedes.com.ar\/principal\/wp-content\/uploads\/2018\/05\/Industrial2.jpg 730w\" sizes=\"auto, (max-width: 630px) 100vw, 630px\" \/><figcaption id=\"caption-attachment-76233\" class=\"wp-caption-text\">Visita Industrial<\/figcaption><\/figure>\n<p style=\"font-weight: 400;\">Un nuevo aporte en materia educativa se produjo por medio del trabajo conjunto entre la Municipalidad y la Escuela T\u00e9cnica N\u00b01 que recibi\u00f3 un subsidio para la adquisici\u00f3n de un tractor y as\u00ed poder efectuar un mejor y correcto mantenimiento de su predio. El intendente Juan Ignacio Ustarroz visit\u00f3 la instituci\u00f3n, dialog\u00f3 con sus representantes y vio el veh\u00edculo recientemente sumado al patrimonio de la escuela.<\/p>\n<p style=\"font-weight: 400;\">Su directora Daniela Dasdore cont\u00f3 que \u201ctenemos un predio muy grande con mucho espacio verde y en \u00e9poca de primavera verano mantenerlo resulta complicado, desde la cooperadora es dif\u00edcil pagar todos los meses para que corten el pasto entonces un tractor es una soluci\u00f3n real\u201d cont\u00f3 destacando que \u201centre talleres, teor\u00eda y predio tenemos cuatro manzanas\u201d siendo un espacio f\u00edsico muy amplio.<\/p>\n<p style=\"font-weight: 400;\">El mantenimiento costaba varios miles de pesos y \u201cfinalmente lleg\u00f3 el tractor\u201d<\/p>\n<p style=\"font-weight: 400;\">El jefe comunal, Dr Juan Ignacio Ustarroz, visit\u00f3 el colegio junto al consejero escolar Jos\u00e9 Lu\u00eds Pisano.<\/p>\n<p style=\"font-weight: 400;\">Ustarroz coment\u00f3 que \u201cEs un orgullo visitar esta instituci\u00f3n, dar un nuevo acompa\u00f1amiento y ver el excelente trabajo que cada d\u00eda realizan, brindando a la sociedad excelentes egresados, con un saber fundamental para el campo laboral y para \u00e1reas tan sensibles como lo son la industria y la producci\u00f3n, siendo sus t\u00e9cnicos tan valiosos en la historia del pa\u00eds y la ciudad\u201d para remarcar que \u201csomos una gesti\u00f3n que est\u00e1 muy cerca y vinculada con las instituciones educativas, que brindamos respuestas al cien por ciento de los pedidos y que el 90% de las obras las efectuamos desde el Municipio. A veces m\u00e1s con aspectos m\u00e1s grandes, en otros m\u00e1s chicos, pero estamos presente\u201d<\/p>\n<p style=\"font-weight: 400;\">\u201cAgradecemos la buena voluntad, de apoyarnos, por las gestiones sin dudar\u201d, destac\u00f3 Daniela Dasdore respecto al apoyo y visita del intendente.<\/p>\n<p style=\"font-weight: 400;\">En Julio ser\u00e1 la feria de ciencia distrital donde \u201cse elegir\u00e1n entre 9 y 15 proyectos que pasan a la feria regional, as\u00ed que estamos prepar\u00e1ndonos, invitando a todas las escuelas, porque es un buen momento de aprendizaje\u201d; narr\u00f3 expresando que sirve para mostrar \u201clo que sucede puertas adentro hacia la comunidad\u201d siendo Industrial una hist\u00f3rica participante con excelentes proyectos.<\/p>\n<p style=\"font-weight: 400;\">Vale recordar que la instituci\u00f3n da un fuerte y s\u00f3lido saber t\u00e9cnico con herramientas para el campo laborar, con formaci\u00f3n que incluye pr\u00e1cticas que ponen en la realidad lo aprendido.<\/p>\n<p style=\"font-weight: 400;\">Industrial tiene actualmente 413 alumnos haciendo en un turno teor\u00eda y en el otro los talleres siendo tambi\u00e9n la Municipalidad instituci\u00f3n que les permite realizar pr\u00e1cticas profesionales y de experiencia laboral.<\/p>\n<p>&nbsp;<\/p>\n<p><span style=\"color: #808080;\">Fuente: Municipio\u00a0<\/span><\/p>\n","protected":false},"excerpt":{"rendered":"<p>Un nuevo aporte en materia educativa se produjo por medio del trabajo conjunto entre la Municipalidad y la Escuela T\u00e9cnica &#8230; <a title=\"Ustarroz visit\u00f3 Industrial que recibi\u00f3 su tractor tras gestionar subsidio ante el Municipio\" class=\"read-more\" href=\"https:\/\/www.hoymercedes.com.ar\/principal\/2018\/05\/23\/ustarroz-visito-industrial-que-recibio-su-tractor-tras-gestionar-subsidio-ante-el-municipio\/\" aria-label=\"Leer m\u00e1s sobre Ustarroz visit\u00f3 Industrial que recibi\u00f3 su tractor tras gestionar subsidio ante el Municipio\">Leer m\u00e1s<\/a><\/p>\n","protected":false},"author":1,"featured_media":76233,"comment_status":"closed","ping_status":"open","sticky":false,"template":"","format":"standard","meta":{"_monsterinsights_skip_tracking":false,"_monsterinsights_sitenote_active":false,"_monsterinsights_sitenote_note":"","_monsterinsights_sitenote_category":0,"jetpack_post_was_ever_published":false,"_jetpack_newsletter_access":"","_jetpack_dont_email_post_to_subs":false,"_jetpack_newsletter_tier_id":0,"_jetpack_memberships_contains_paywalled_content":false,"_jetpack_memberships_contains_paid_content":false,"footnotes":"","jetpack_publicize_message":"","jetpack_publicize_feature_enabled":true,"jetpack_social_post_already_shared":true,"jetpack_social_options":{"image_generator_settings":{"template":"highway","default_image_id":0,"font":"","enabled":false},"version":2},"_wpas_customize_per_network":false},"categories":[23],"tags":[47,2724,13161,244,13160],"class_list":["post-76232","post","type-post","status-publish","format-standard","has-post-thumbnail","hentry","category-educacion","tag-educacion-2","tag-escuela-industrial","tag-insumos","tag-municipio-2","tag-recursos","generate-columns","tablet-grid-50","mobile-grid-100","grid-parent","grid-50"],"jetpack_publicize_connections":[],"jetpack_featured_media_url":"https:\/\/www.hoymercedes.com.ar\/principal\/wp-content\/uploads\/2018\/05\/Industrial2.jpg","wps_subtitle":"Apoyo educativo","jetpack_sharing_enabled":true,"_links":{"self":[{"href":"https:\/\/www.hoymercedes.com.ar\/principal\/wp-json\/wp\/v2\/posts\/76232","targetHints":{"allow":["GET"]}}],"collection":[{"href":"https:\/\/www.hoymercedes.com.ar\/principal\/wp-json\/wp\/v2\/posts"}],"about":[{"href":"https:\/\/www.hoymercedes.com.ar\/principal\/wp-json\/wp\/v2\/types\/post"}],"author":[{"embeddable":true,"href":"https:\/\/www.hoymercedes.com.ar\/principal\/wp-json\/wp\/v2\/users\/1"}],"replies":[{"embeddable":true,"href":"https:\/\/www.hoymercedes.com.ar\/principal\/wp-json\/wp\/v2\/comments?post=76232"}],"version-history":[{"count":0,"href":"https:\/\/www.hoymercedes.com.ar\/principal\/wp-json\/wp\/v2\/posts\/76232\/revisions"}],"wp:featuredmedia":[{"embeddable":true,"href":"https:\/\/www.hoymercedes.com.ar\/principal\/wp-json\/wp\/v2\/media\/76233"}],"wp:attachment":[{"href":"https:\/\/www.hoymercedes.com.ar\/principal\/wp-json\/wp\/v2\/media?parent=76232"}],"wp:term":[{"taxonomy":"category","embeddable":true,"href":"https:\/\/www.hoymercedes.com.ar\/principal\/wp-json\/wp\/v2\/categories?post=76232"},{"taxonomy":"post_tag","embeddable":true,"href":"https:\/\/www.hoymercedes.com.ar\/principal\/wp-json\/wp\/v2\/tags?post=76232"}],"curies":[{"name":"wp","href":"https:\/\/api.w.org\/{rel}","templated":true}]}}