{"id":76236,"date":"2018-05-23T20:30:37","date_gmt":"2018-05-23T23:30:37","guid":{"rendered":"http:\/\/www.hoymercedes.com.ar\/principal\/?p=76236"},"modified":"2018-05-23T19:51:46","modified_gmt":"2018-05-23T22:51:46","slug":"ustarroz-junto-a-los-ninos-inauguro-ampliacion-de-edificio-y-salita-del-jardin-epi-san-martin","status":"publish","type":"post","link":"https:\/\/www.hoymercedes.com.ar\/principal\/2018\/05\/23\/ustarroz-junto-a-los-ninos-inauguro-ampliacion-de-edificio-y-salita-del-jardin-epi-san-martin\/","title":{"rendered":"Ustarroz junto a los ni\u00f1os inaugur\u00f3 ampliaci\u00f3n de edificio y salita del Jard\u00edn EPI San Mart\u00edn"},"content":{"rendered":"<figure id=\"attachment_76237\" aria-describedby=\"caption-attachment-76237\" style=\"width: 620px\" class=\"wp-caption aligncenter\"><img loading=\"lazy\" decoding=\"async\" data-attachment-id=\"76237\" data-permalink=\"https:\/\/www.hoymercedes.com.ar\/principal\/2018\/05\/23\/ustarroz-junto-a-los-ninos-inauguro-ampliacion-de-edificio-y-salita-del-jardin-epi-san-martin\/epidsc_0065\/#main\" data-orig-file=\"https:\/\/www.hoymercedes.com.ar\/principal\/wp-content\/uploads\/2018\/05\/epiDSC_0065.jpg\" data-orig-size=\"730,487\" data-comments-opened=\"0\" data-image-meta=\"{&quot;aperture&quot;:&quot;0&quot;,&quot;credit&quot;:&quot;&quot;,&quot;camera&quot;:&quot;&quot;,&quot;caption&quot;:&quot;&quot;,&quot;created_timestamp&quot;:&quot;0&quot;,&quot;copyright&quot;:&quot;&quot;,&quot;focal_length&quot;:&quot;0&quot;,&quot;iso&quot;:&quot;0&quot;,&quot;shutter_speed&quot;:&quot;0&quot;,&quot;title&quot;:&quot;&quot;,&quot;orientation&quot;:&quot;0&quot;}\" data-image-title=\"epiDSC_0065\" data-image-description=\"\" data-image-caption=\"&lt;p&gt;Inauguraci\u00f3n de obra&lt;\/p&gt;\n\" data-large-file=\"https:\/\/www.hoymercedes.com.ar\/principal\/wp-content\/uploads\/2018\/05\/epiDSC_0065.jpg\" class=\"size-medium wp-image-76237\" src=\"https:\/\/www.hoymercedes.com.ar\/principal\/wp-content\/uploads\/2018\/05\/epiDSC_0065-630x420.jpg\" alt=\"\" width=\"630\" height=\"420\" srcset=\"https:\/\/www.hoymercedes.com.ar\/principal\/wp-content\/uploads\/2018\/05\/epiDSC_0065-630x420.jpg 630w, https:\/\/www.hoymercedes.com.ar\/principal\/wp-content\/uploads\/2018\/05\/epiDSC_0065-150x100.jpg 150w, https:\/\/www.hoymercedes.com.ar\/principal\/wp-content\/uploads\/2018\/05\/epiDSC_0065.jpg 730w\" sizes=\"auto, (max-width: 630px) 100vw, 630px\" \/><figcaption id=\"caption-attachment-76237\" class=\"wp-caption-text\">Inauguraci\u00f3n de obra<\/figcaption><\/figure>\n<p>\u201cDesde el Municipio de Mercedes se sigue demostrando con hechos concretos que la ni\u00f1ez es una prioridad en nuestra ciudad\u201d narraron mientras se produc\u00eda la inauguraci\u00f3n de la ampliaci\u00f3n edilicia y pedag\u00f3gica del Jard\u00edn Espacio de Primera Infancia del Barrio San Mart\u00edn. El intendente local, Dr. Juan Ignacio Ustarroz, expres\u00f3 que \u201ces un d\u00eda de mucha alegr\u00eda para todos nosotros, es una enorme satisfacci\u00f3n estar ampliando este jard\u00edn espacio primaria infancia\u201d ante los nenes, pap\u00e1s, mam\u00e1s, personas y docentes presentes, adem\u00e1s de funcionarios y concejales de todas las fuerzas pol\u00edticas.<\/p>\n<p>A la hora de tomar la palabra, tambi\u00e9n sostuvo que \u201cal ver el trabajo de las docentes y el equipo de trabajo de estos E.P.I (Espacios Primara Infancia), el acompa\u00f1amiento de los padres y como los ni\u00f1os disfrutan y aprenden es cuando dijimos esto vale la pena multiplicarlo para poder llevarlos a m\u00e1s lugares de nuestra ciudad\u201d.<\/p>\n<p>En la apertura de esta ampliaci\u00f3n, estuvieron presentes vecinos, familiares, ni\u00f1os, personal docente, funcionarios, miembros de la sociedad de fomento y la Secretaria de Desarrollo Social, Lic. Jorgelina Silva.<\/p>\n<figure id=\"attachment_76238\" aria-describedby=\"caption-attachment-76238\" style=\"width: 620px\" class=\"wp-caption aligncenter\"><img loading=\"lazy\" decoding=\"async\" data-attachment-id=\"76238\" data-permalink=\"https:\/\/www.hoymercedes.com.ar\/principal\/2018\/05\/23\/ustarroz-junto-a-los-ninos-inauguro-ampliacion-de-edificio-y-salita-del-jardin-epi-san-martin\/epidsc_0096\/#main\" data-orig-file=\"https:\/\/www.hoymercedes.com.ar\/principal\/wp-content\/uploads\/2018\/05\/epiDSC_0096.jpg\" data-orig-size=\"730,487\" data-comments-opened=\"0\" data-image-meta=\"{&quot;aperture&quot;:&quot;0&quot;,&quot;credit&quot;:&quot;&quot;,&quot;camera&quot;:&quot;&quot;,&quot;caption&quot;:&quot;&quot;,&quot;created_timestamp&quot;:&quot;0&quot;,&quot;copyright&quot;:&quot;&quot;,&quot;focal_length&quot;:&quot;0&quot;,&quot;iso&quot;:&quot;0&quot;,&quot;shutter_speed&quot;:&quot;0&quot;,&quot;title&quot;:&quot;&quot;,&quot;orientation&quot;:&quot;0&quot;}\" data-image-title=\"epiDSC_0096\" data-image-description=\"\" data-image-caption=\"&lt;p&gt;Ni\u00f1os y familiares presentes &lt;\/p&gt;\n\" data-large-file=\"https:\/\/www.hoymercedes.com.ar\/principal\/wp-content\/uploads\/2018\/05\/epiDSC_0096.jpg\" class=\"size-medium wp-image-76238\" src=\"https:\/\/www.hoymercedes.com.ar\/principal\/wp-content\/uploads\/2018\/05\/epiDSC_0096-630x420.jpg\" alt=\"\" width=\"630\" height=\"420\" srcset=\"https:\/\/www.hoymercedes.com.ar\/principal\/wp-content\/uploads\/2018\/05\/epiDSC_0096-630x420.jpg 630w, https:\/\/www.hoymercedes.com.ar\/principal\/wp-content\/uploads\/2018\/05\/epiDSC_0096-150x100.jpg 150w, https:\/\/www.hoymercedes.com.ar\/principal\/wp-content\/uploads\/2018\/05\/epiDSC_0096.jpg 730w\" sizes=\"auto, (max-width: 630px) 100vw, 630px\" \/><figcaption id=\"caption-attachment-76238\" class=\"wp-caption-text\">Ni\u00f1os y familiares presentes<\/figcaption><\/figure>\n<p><strong>M\u00e1s inversi\u00f3n<\/strong><\/p>\n<p>El primer mandatario, Juan Ignacio Ustarroz, destac\u00f3 \u201cno solo dijimos ampliemos el E.P.I del barrio San Mart\u00edn, sino que nos propusimos construir otros, por ese motivo no solo construiremos dos m\u00e1s \u2013ya fueron licitados- sino que queremos llegar a un total de once jardines Espacios Primera Infancia\u201d.<\/p>\n<p>\u201cEsto se da en el marco de muchas pol\u00edticas que hemos implementado -como por ejemplo el programa Mil D\u00edas- y lo hacemos por una raz\u00f3n muy sencilla porque los primeros a\u00f1os de vida de los ni\u00f1os es la m\u00e1s importante\u201d y agreg\u00f3 \u201ctodo lo que la familia y el Estado le da en esa etapa de crecimiento les va a servir para poder crecer y desarrollarse de la mejor manera\u201d.<\/p>\n<p>De esta forma, el Dr. Ustarroz, asegur\u00f3 \u201cuna sociedad y un Estado que piensa como prioridad la ni\u00f1ez, construir\u00e1 seguramente un lugar mucho mejor\u201d.<\/p>\n<p>Adem\u00e1s, el intendente Ustarroz, resalt\u00f3 la calidez humana de los trabajadores y las familias del lugar \u201cque desarrollan y acompa\u00f1an las actividades con mucho compromiso, amor y profesionalismo\u201d.<\/p>\n<figure id=\"attachment_76239\" aria-describedby=\"caption-attachment-76239\" style=\"width: 620px\" class=\"wp-caption aligncenter\"><img loading=\"lazy\" decoding=\"async\" data-attachment-id=\"76239\" data-permalink=\"https:\/\/www.hoymercedes.com.ar\/principal\/2018\/05\/23\/ustarroz-junto-a-los-ninos-inauguro-ampliacion-de-edificio-y-salita-del-jardin-epi-san-martin\/epidsc_0109\/#main\" data-orig-file=\"https:\/\/www.hoymercedes.com.ar\/principal\/wp-content\/uploads\/2018\/05\/epiDSC_0109.jpg\" data-orig-size=\"730,487\" data-comments-opened=\"0\" data-image-meta=\"{&quot;aperture&quot;:&quot;0&quot;,&quot;credit&quot;:&quot;&quot;,&quot;camera&quot;:&quot;&quot;,&quot;caption&quot;:&quot;&quot;,&quot;created_timestamp&quot;:&quot;0&quot;,&quot;copyright&quot;:&quot;&quot;,&quot;focal_length&quot;:&quot;0&quot;,&quot;iso&quot;:&quot;0&quot;,&quot;shutter_speed&quot;:&quot;0&quot;,&quot;title&quot;:&quot;&quot;,&quot;orientation&quot;:&quot;0&quot;}\" data-image-title=\"epiDSC_0109\" data-image-description=\"\" data-image-caption=\"\" data-large-file=\"https:\/\/www.hoymercedes.com.ar\/principal\/wp-content\/uploads\/2018\/05\/epiDSC_0109.jpg\" class=\"size-medium wp-image-76239\" src=\"https:\/\/www.hoymercedes.com.ar\/principal\/wp-content\/uploads\/2018\/05\/epiDSC_0109-630x420.jpg\" alt=\"\" width=\"630\" height=\"420\" srcset=\"https:\/\/www.hoymercedes.com.ar\/principal\/wp-content\/uploads\/2018\/05\/epiDSC_0109-630x420.jpg 630w, https:\/\/www.hoymercedes.com.ar\/principal\/wp-content\/uploads\/2018\/05\/epiDSC_0109-150x100.jpg 150w, https:\/\/www.hoymercedes.com.ar\/principal\/wp-content\/uploads\/2018\/05\/epiDSC_0109.jpg 730w\" sizes=\"auto, (max-width: 630px) 100vw, 630px\" \/><figcaption id=\"caption-attachment-76239\" class=\"wp-caption-text\">37 ni\u00f1os participan del espacio<\/figcaption><\/figure>\n<p><strong>Agradecimiento<\/strong><\/p>\n<p>Por otro lado, agradeci\u00f3 \u201ca todos los vecinos de Mercedes porque gracias al esfuerzo de nuestros contribuyentes desde el Estado Municipal podemos realizar cada vez m\u00e1s obras con recursos propios\u201d<\/p>\n<p><strong>Apoyo<\/strong><\/p>\n<p>Jorgelina Silva, Secretaria de Desarrollo Social, sostuvo \u201cen este lugar, adem\u00e1s de funcionar este dispositivo educativo tan importante para los ni\u00f1os, conviven las necesidades de los vecinos y se generan mecanismo para dar m\u00e1s respuestas sociales, desde diferentes acciones de Estado\u201d sostuvo mostrando as\u00ed que el trabajo es amplio y completo. \u201cEsta es una emoci\u00f3n para todos\u201d destac\u00f3 la funcionaria.<\/p>\n<p>Por su parte, docentes que trabajan en el lugar, Milagros Basualdo y Bel\u00e9n Cirillo, dejaron su impresi\u00f3n: \u201ces un d\u00eda de mucha emoci\u00f3n ya que concurren muchos chicos y esta ampliaci\u00f3n beneficia y contribuye a una mejor ense\u00f1anza y mayor comodidad\u201d.<\/p>\n<p>Cabe destacar, que a este Espacio Primera Infancia \u2013Barrio San Mart\u00edn- concurren 37 ni\u00f1os. En el mismo, reciben el desayuno, almuerzo \u2013alimentos saludables, sin conservantes-\u00a0 y todo lo necesario para su higiene personal.<\/p>\n<p>&nbsp;<\/p>\n<figure id=\"attachment_76240\" aria-describedby=\"caption-attachment-76240\" style=\"width: 620px\" class=\"wp-caption aligncenter\"><img loading=\"lazy\" decoding=\"async\" data-attachment-id=\"76240\" data-permalink=\"https:\/\/www.hoymercedes.com.ar\/principal\/2018\/05\/23\/ustarroz-junto-a-los-ninos-inauguro-ampliacion-de-edificio-y-salita-del-jardin-epi-san-martin\/epidsc_0124\/#main\" data-orig-file=\"https:\/\/www.hoymercedes.com.ar\/principal\/wp-content\/uploads\/2018\/05\/epiDSC_0124.jpg\" data-orig-size=\"730,574\" data-comments-opened=\"0\" data-image-meta=\"{&quot;aperture&quot;:&quot;0&quot;,&quot;credit&quot;:&quot;&quot;,&quot;camera&quot;:&quot;&quot;,&quot;caption&quot;:&quot;&quot;,&quot;created_timestamp&quot;:&quot;0&quot;,&quot;copyright&quot;:&quot;&quot;,&quot;focal_length&quot;:&quot;0&quot;,&quot;iso&quot;:&quot;0&quot;,&quot;shutter_speed&quot;:&quot;0&quot;,&quot;title&quot;:&quot;&quot;,&quot;orientation&quot;:&quot;0&quot;}\" data-image-title=\"epiDSC_0124\" data-image-description=\"\" data-image-caption=\"&lt;p&gt;Cirillo y Basualdo&lt;\/p&gt;\n\" data-large-file=\"https:\/\/www.hoymercedes.com.ar\/principal\/wp-content\/uploads\/2018\/05\/epiDSC_0124.jpg\" class=\"size-medium wp-image-76240\" src=\"https:\/\/www.hoymercedes.com.ar\/principal\/wp-content\/uploads\/2018\/05\/epiDSC_0124-630x495.jpg\" alt=\"\" width=\"630\" height=\"495\" srcset=\"https:\/\/www.hoymercedes.com.ar\/principal\/wp-content\/uploads\/2018\/05\/epiDSC_0124-630x495.jpg 630w, https:\/\/www.hoymercedes.com.ar\/principal\/wp-content\/uploads\/2018\/05\/epiDSC_0124-150x118.jpg 150w, https:\/\/www.hoymercedes.com.ar\/principal\/wp-content\/uploads\/2018\/05\/epiDSC_0124.jpg 730w\" sizes=\"auto, (max-width: 630px) 100vw, 630px\" \/><figcaption id=\"caption-attachment-76240\" class=\"wp-caption-text\">Cirillo y Basualdo<\/figcaption><\/figure>\n<p>&nbsp;<\/p>\n<p>Fuente: Municipio<\/p>\n","protected":false},"excerpt":{"rendered":"<p>\u201cDesde el Municipio de Mercedes se sigue demostrando con hechos concretos que la ni\u00f1ez es una prioridad en nuestra ciudad\u201d &#8230; <a title=\"Ustarroz junto a los ni\u00f1os inaugur\u00f3 ampliaci\u00f3n de edificio y salita del Jard\u00edn EPI San Mart\u00edn\" class=\"read-more\" href=\"https:\/\/www.hoymercedes.com.ar\/principal\/2018\/05\/23\/ustarroz-junto-a-los-ninos-inauguro-ampliacion-de-edificio-y-salita-del-jardin-epi-san-martin\/\" aria-label=\"Leer m\u00e1s sobre Ustarroz junto a los ni\u00f1os inaugur\u00f3 ampliaci\u00f3n de edificio y salita del Jard\u00edn EPI San Mart\u00edn\">Leer m\u00e1s<\/a><\/p>\n","protected":false},"author":1,"featured_media":76237,"comment_status":"closed","ping_status":"open","sticky":false,"template":"","format":"standard","meta":{"_monsterinsights_skip_tracking":false,"_monsterinsights_sitenote_active":false,"_monsterinsights_sitenote_note":"","_monsterinsights_sitenote_category":0,"jetpack_post_was_ever_published":false,"_jetpack_newsletter_access":"","_jetpack_dont_email_post_to_subs":false,"_jetpack_newsletter_tier_id":0,"_jetpack_memberships_contains_paywalled_content":false,"_jetpack_memberships_contains_paid_content":false,"footnotes":"","jetpack_publicize_message":"","jetpack_publicize_feature_enabled":true,"jetpack_social_post_already_shared":true,"jetpack_social_options":{"image_generator_settings":{"template":"highway","default_image_id":0,"font":"","enabled":false},"version":2},"_wpas_customize_per_network":false},"categories":[30],"tags":[13163,585,197],"class_list":["post-76236","post","type-post","status-publish","format-standard","has-post-thumbnail","hentry","category-municipio","tag-espacio-primera-infancia","tag-juan-ustarroz","tag-municipalidad-de-mercedes","generate-columns","tablet-grid-50","mobile-grid-100","grid-parent","grid-50"],"jetpack_publicize_connections":[],"jetpack_featured_media_url":"https:\/\/www.hoymercedes.com.ar\/principal\/wp-content\/uploads\/2018\/05\/epiDSC_0065.jpg","wps_subtitle":"Desarrollo Social y Humano","jetpack_sharing_enabled":true,"jetpack-related-posts":[{"id":70042,"url":"https:\/\/www.hoymercedes.com.ar\/principal\/2017\/11\/25\/continua-obra-de-ampliacion-del-jardin-primera-infancia-barrio-san-martin\/","url_meta":{"origin":76236,"position":0},"title":"Contin\u00faa obra de ampliaci\u00f3n del Jard\u00edn &#8211; Primera Infancia Barrio San Mart\u00edn","author":"hoymercedes","date":"25 noviembre, 2017","format":false,"excerpt":"El municipio de Mercedes contin\u00faa llevando adelante obras de infraestructura para mejorar y aumentar el confort de nuestros ni\u00f1os. El intendente de nuestra ciudad, Dr. Juan Ignacio Ustarroz, recorri\u00f3 las obras de ampliaci\u00f3n que se vienen realizando en el Jard\u00edn Espacio Primera Infancia del barrio San Mart\u00edn. Adem\u00e1s anunci\u00f3 se\u2026","rel":"","context":"En \u00abMunicipio\u00bb","block_context":{"text":"Municipio","link":"https:\/\/www.hoymercedes.com.ar\/principal\/category\/municipio\/"},"img":{"alt_text":"","src":"https:\/\/i0.wp.com\/www.hoymercedes.com.ar\/principal\/wp-content\/uploads\/2017\/11\/DSC_0024.jpg?resize=350%2C200&ssl=1","width":350,"height":200,"srcset":"https:\/\/i0.wp.com\/www.hoymercedes.com.ar\/principal\/wp-content\/uploads\/2017\/11\/DSC_0024.jpg?resize=350%2C200&ssl=1 1x, https:\/\/i0.wp.com\/www.hoymercedes.com.ar\/principal\/wp-content\/uploads\/2017\/11\/DSC_0024.jpg?resize=525%2C300&ssl=1 1.5x, https:\/\/i0.wp.com\/www.hoymercedes.com.ar\/principal\/wp-content\/uploads\/2017\/11\/DSC_0024.jpg?resize=700%2C400&ssl=1 2x"},"classes":[]},{"id":167229,"url":"https:\/\/www.hoymercedes.com.ar\/principal\/2023\/09\/18\/ustarroz-inauguro-el-10o-jardin-espacio-primera-infancia\/","url_meta":{"origin":76236,"position":1},"title":"Ustarroz inaugur\u00f3 el 10\u00ba Jard\u00edn Espacio Primera Infancia","author":"hoymercedes","date":"18 septiembre, 2023","format":false,"excerpt":"Es el decimo inaugurado por la gesti\u00f3n del intendente Ustarroz. Fue en la localidad de Gowland dando respuesta a las familias. Funcionar\u00e1 en el edificio del Club de Gowland tras conveniar un trabajo en conjunto en pos del cuidado de las y los ni\u00f1os. Participaron del acto las familias, la\u2026","rel":"","context":"En \u00abSociedad\u00bb","block_context":{"text":"Sociedad","link":"https:\/\/www.hoymercedes.com.ar\/principal\/category\/sociedad\/"},"img":{"alt_text":"","src":"https:\/\/i0.wp.com\/www.hoymercedes.com.ar\/principal\/wp-content\/uploads\/2023\/09\/Inauguracion.EspacioJarinPrimeraInfancia.GowlandDSC09405.jpg?resize=350%2C200&ssl=1","width":350,"height":200,"srcset":"https:\/\/i0.wp.com\/www.hoymercedes.com.ar\/principal\/wp-content\/uploads\/2023\/09\/Inauguracion.EspacioJarinPrimeraInfancia.GowlandDSC09405.jpg?resize=350%2C200&ssl=1 1x, https:\/\/i0.wp.com\/www.hoymercedes.com.ar\/principal\/wp-content\/uploads\/2023\/09\/Inauguracion.EspacioJarinPrimeraInfancia.GowlandDSC09405.jpg?resize=525%2C300&ssl=1 1.5x, https:\/\/i0.wp.com\/www.hoymercedes.com.ar\/principal\/wp-content\/uploads\/2023\/09\/Inauguracion.EspacioJarinPrimeraInfancia.GowlandDSC09405.jpg?resize=700%2C400&ssl=1 2x, https:\/\/i0.wp.com\/www.hoymercedes.com.ar\/principal\/wp-content\/uploads\/2023\/09\/Inauguracion.EspacioJarinPrimeraInfancia.GowlandDSC09405.jpg?resize=1050%2C600&ssl=1 3x"},"classes":[]},{"id":176186,"url":"https:\/\/www.hoymercedes.com.ar\/principal\/2024\/06\/03\/con-mucha-alegria-y-tras-gran-esfuerzo-reabrio-el-jardin-espacio-primera-infancia-san-justo\/","url_meta":{"origin":76236,"position":2},"title":"Con mucha alegr\u00eda y tras gran esfuerzo reabri\u00f3 el Jard\u00edn Espacio Primera Infancia San Justo","author":"hoymercedes","date":"3 junio, 2024","format":false,"excerpt":"En el barrio San Justo se llev\u00f3 adelante la reapertura del Espacio Primera Infancia donde el Municipio de Mercedes llev\u00f3 adelante obras de reconstrucci\u00f3n del techo y estructuras afectadas en la \u00faltima gran tormenta que azot\u00f3 a nuestra ciudad. En Mercedes contamos con 10 espacios primera infancia. La obra realmente\u2026","rel":"","context":"En \u00abMunicipio\u00bb","block_context":{"text":"Municipio","link":"https:\/\/www.hoymercedes.com.ar\/principal\/category\/municipio\/"},"img":{"alt_text":"Con mucha alegr\u00eda y tras gran esfuerzo reabri\u00f3 el Jard\u00edn Espacio Primera Infancia San Justo","src":"https:\/\/i0.wp.com\/www.hoymercedes.com.ar\/principal\/wp-content\/uploads\/2024\/06\/EspacioPrimeraInfanciaSanJusto.jpg?resize=350%2C200&ssl=1","width":350,"height":200,"srcset":"https:\/\/i0.wp.com\/www.hoymercedes.com.ar\/principal\/wp-content\/uploads\/2024\/06\/EspacioPrimeraInfanciaSanJusto.jpg?resize=350%2C200&ssl=1 1x, https:\/\/i0.wp.com\/www.hoymercedes.com.ar\/principal\/wp-content\/uploads\/2024\/06\/EspacioPrimeraInfanciaSanJusto.jpg?resize=525%2C300&ssl=1 1.5x, https:\/\/i0.wp.com\/www.hoymercedes.com.ar\/principal\/wp-content\/uploads\/2024\/06\/EspacioPrimeraInfanciaSanJusto.jpg?resize=700%2C400&ssl=1 2x, https:\/\/i0.wp.com\/www.hoymercedes.com.ar\/principal\/wp-content\/uploads\/2024\/06\/EspacioPrimeraInfanciaSanJusto.jpg?resize=1050%2C600&ssl=1 3x"},"classes":[]},{"id":139299,"url":"https:\/\/www.hoymercedes.com.ar\/principal\/2021\/10\/30\/ustarroz-y-ministro-zabaleta-recorrieron-nuevas-instalaciones-del-jardin-epi-blandengues\/","url_meta":{"origin":76236,"position":3},"title":"Ustarroz y ministro Zabaleta recorrieron nuevas instalaciones del Jard\u00edn EPI Blandengues","author":"hoymercedes","date":"30 octubre, 2021","format":false,"excerpt":"El intendente Juan Ignacio Ustarroz junto al ministro de Social de la Naci\u00f3n, \"Juanchi\" Zabaleta, recorrieron la ampliaci\u00f3n del Espacio Primera Infancia del barrio Blandengues. Es el 7 puesto en funciones por la actual gesti\u00f3n y hay 4 m\u00e1s en proceso. En este caso, el flamante edificio, fue realizado en\u2026","rel":"","context":"En \u00abMunicipio\u00bb","block_context":{"text":"Municipio","link":"https:\/\/www.hoymercedes.com.ar\/principal\/category\/municipio\/"},"img":{"alt_text":"","src":"https:\/\/i0.wp.com\/www.hoymercedes.com.ar\/principal\/wp-content\/uploads\/2021\/10\/2.jpg?resize=350%2C200&ssl=1","width":350,"height":200,"srcset":"https:\/\/i0.wp.com\/www.hoymercedes.com.ar\/principal\/wp-content\/uploads\/2021\/10\/2.jpg?resize=350%2C200&ssl=1 1x, https:\/\/i0.wp.com\/www.hoymercedes.com.ar\/principal\/wp-content\/uploads\/2021\/10\/2.jpg?resize=525%2C300&ssl=1 1.5x, https:\/\/i0.wp.com\/www.hoymercedes.com.ar\/principal\/wp-content\/uploads\/2021\/10\/2.jpg?resize=700%2C400&ssl=1 2x"},"classes":[]},{"id":78094,"url":"https:\/\/www.hoymercedes.com.ar\/principal\/2018\/07\/02\/en-barrio-san-justo-municipio-construye-un-nuevo-jardin-espacio-primera-infancia\/","url_meta":{"origin":76236,"position":4},"title":"En barrio San Justo Municipio construye un nuevo Jard\u00edn Espacio Primera Infancia","author":"hoymercedes","date":"2 julio, 2018","format":false,"excerpt":"El Municipio de Mercedes contin\u00faa pensando e invirtiendo en la ni\u00f1ez y primera infancia. En esta ocasi\u00f3n el jefe comunal, el Dr. Juan Ignacio Ustarroz, estuvo recorriendo la obra de lo que ser\u00e1 un nuevo jard\u00edn espacio primera infancia en el barrio San Justo. Esto es parte del plan de\u2026","rel":"","context":"En \u00abMunicipio\u00bb","block_context":{"text":"Municipio","link":"https:\/\/www.hoymercedes.com.ar\/principal\/category\/municipio\/"},"img":{"alt_text":"","src":"https:\/\/i0.wp.com\/www.hoymercedes.com.ar\/principal\/wp-content\/uploads\/2018\/07\/epi-aerea.jpg?resize=350%2C200&ssl=1","width":350,"height":200,"srcset":"https:\/\/i0.wp.com\/www.hoymercedes.com.ar\/principal\/wp-content\/uploads\/2018\/07\/epi-aerea.jpg?resize=350%2C200&ssl=1 1x, https:\/\/i0.wp.com\/www.hoymercedes.com.ar\/principal\/wp-content\/uploads\/2018\/07\/epi-aerea.jpg?resize=525%2C300&ssl=1 1.5x, https:\/\/i0.wp.com\/www.hoymercedes.com.ar\/principal\/wp-content\/uploads\/2018\/07\/epi-aerea.jpg?resize=700%2C400&ssl=1 2x"},"classes":[]},{"id":100051,"url":"https:\/\/www.hoymercedes.com.ar\/principal\/2019\/09\/18\/ustaroz-junto-a-los-vecinos-inauguro-el-6-jardin-espacio-primera-infancia\/","url_meta":{"origin":76236,"position":5},"title":"Ustarroz junto a los vecinos inaugur\u00f3 el 6\u00b0 Jard\u00edn Espacio Primera Infancia","author":"hoymercedes","date":"18 septiembre, 2019","format":false,"excerpt":"Inauguraci\u00f3n El intendente Juan Ignacio Ustarroz junto a vecinos y trabajadores inaugur\u00f3 el sexto Espacio Primera Infancia, un logro sin precedentes en nuestra ciudad. El mismo est\u00e1 emplazado en el barrio Mutti (calles 61 bis entre 8 y 10). En primera instancia el Dr. Ustarroz agradeci\u00f3 el trabajo de todas\u2026","rel":"","context":"En \u00abMunicipio\u00bb","block_context":{"text":"Municipio","link":"https:\/\/www.hoymercedes.com.ar\/principal\/category\/municipio\/"},"img":{"alt_text":"","src":"https:\/\/i0.wp.com\/www.hoymercedes.com.ar\/principal\/wp-content\/uploads\/2019\/09\/espaciojardinprimerainfanciamuttiDSC_0056.jpg?resize=350%2C200&ssl=1","width":350,"height":200,"srcset":"https:\/\/i0.wp.com\/www.hoymercedes.com.ar\/principal\/wp-content\/uploads\/2019\/09\/espaciojardinprimerainfanciamuttiDSC_0056.jpg?resize=350%2C200&ssl=1 1x, https:\/\/i0.wp.com\/www.hoymercedes.com.ar\/principal\/wp-content\/uploads\/2019\/09\/espaciojardinprimerainfanciamuttiDSC_0056.jpg?resize=525%2C300&ssl=1 1.5x, https:\/\/i0.wp.com\/www.hoymercedes.com.ar\/principal\/wp-content\/uploads\/2019\/09\/espaciojardinprimerainfanciamuttiDSC_0056.jpg?resize=700%2C400&ssl=1 2x"},"classes":[]}],"_links":{"self":[{"href":"https:\/\/www.hoymercedes.com.ar\/principal\/wp-json\/wp\/v2\/posts\/76236","targetHints":{"allow":["GET"]}}],"collection":[{"href":"https:\/\/www.hoymercedes.com.ar\/principal\/wp-json\/wp\/v2\/posts"}],"about":[{"href":"https:\/\/www.hoymercedes.com.ar\/principal\/wp-json\/wp\/v2\/types\/post"}],"author":[{"embeddable":true,"href":"https:\/\/www.hoymercedes.com.ar\/principal\/wp-json\/wp\/v2\/users\/1"}],"replies":[{"embeddable":true,"href":"https:\/\/www.hoymercedes.com.ar\/principal\/wp-json\/wp\/v2\/comments?post=76236"}],"version-history":[{"count":0,"href":"https:\/\/www.hoymercedes.com.ar\/principal\/wp-json\/wp\/v2\/posts\/76236\/revisions"}],"wp:featuredmedia":[{"embeddable":true,"href":"https:\/\/www.hoymercedes.com.ar\/principal\/wp-json\/wp\/v2\/media\/76237"}],"wp:attachment":[{"href":"https:\/\/www.hoymercedes.com.ar\/principal\/wp-json\/wp\/v2\/media?parent=76236"}],"wp:term":[{"taxonomy":"category","embeddable":true,"href":"https:\/\/www.hoymercedes.com.ar\/principal\/wp-json\/wp\/v2\/categories?post=76236"},{"taxonomy":"post_tag","embeddable":true,"href":"https:\/\/www.hoymercedes.com.ar\/principal\/wp-json\/wp\/v2\/tags?post=76236"}],"curies":[{"name":"wp","href":"https:\/\/api.w.org\/{rel}","templated":true}]}}