{"id":76251,"date":"2018-05-24T11:57:17","date_gmt":"2018-05-24T14:57:17","guid":{"rendered":"http:\/\/www.hoymercedes.com.ar\/principal\/?p=76251"},"modified":"2018-05-23T23:47:51","modified_gmt":"2018-05-24T02:47:51","slug":"en-trocha-trabajan-con-la-iluminacion-del-predio","status":"publish","type":"post","link":"https:\/\/www.hoymercedes.com.ar\/principal\/2018\/05\/24\/en-trocha-trabajan-con-la-iluminacion-del-predio\/","title":{"rendered":"En Trocha trabajan con la iluminaci\u00f3n del predio"},"content":{"rendered":"<p>Luego del anuncio del Intendente Juan Ignacio Ustarroz, se comenz\u00f3 con los primeros pasos para colocar la iluminaci\u00f3n en la cancha del Club Trocha y la construcci\u00f3n del vestuario. Este trabajo es encarado por la Direcci\u00f3n de Deportes de la Municipalidad de Mercedes en su trabajo pleno de ayuda a las instituciones deportivas.<\/p>\n<p><img loading=\"lazy\" decoding=\"async\" data-attachment-id=\"76252\" data-permalink=\"https:\/\/www.hoymercedes.com.ar\/principal\/2018\/05\/24\/en-trocha-trabajan-con-la-iluminacion-del-predio\/obras-en-trocha\/#main\" data-orig-file=\"https:\/\/www.hoymercedes.com.ar\/principal\/wp-content\/uploads\/2018\/05\/Obras-en-Trocha.jpg\" data-orig-size=\"533,960\" data-comments-opened=\"0\" data-image-meta=\"{&quot;aperture&quot;:&quot;0&quot;,&quot;credit&quot;:&quot;&quot;,&quot;camera&quot;:&quot;&quot;,&quot;caption&quot;:&quot;&quot;,&quot;created_timestamp&quot;:&quot;0&quot;,&quot;copyright&quot;:&quot;&quot;,&quot;focal_length&quot;:&quot;0&quot;,&quot;iso&quot;:&quot;0&quot;,&quot;shutter_speed&quot;:&quot;0&quot;,&quot;title&quot;:&quot;&quot;,&quot;orientation&quot;:&quot;0&quot;}\" data-image-title=\"Obras en Trocha\" data-image-description=\"\" data-image-caption=\"\" data-large-file=\"https:\/\/www.hoymercedes.com.ar\/principal\/wp-content\/uploads\/2018\/05\/Obras-en-Trocha.jpg\" class=\"aligncenter size-medium wp-image-76252\" src=\"https:\/\/www.hoymercedes.com.ar\/principal\/wp-content\/uploads\/2018\/05\/Obras-en-Trocha-344x620.jpg\" alt=\"\" width=\"344\" height=\"620\" srcset=\"https:\/\/www.hoymercedes.com.ar\/principal\/wp-content\/uploads\/2018\/05\/Obras-en-Trocha-344x620.jpg 344w, https:\/\/www.hoymercedes.com.ar\/principal\/wp-content\/uploads\/2018\/05\/Obras-en-Trocha-83x150.jpg 83w, https:\/\/www.hoymercedes.com.ar\/principal\/wp-content\/uploads\/2018\/05\/Obras-en-Trocha.jpg 533w\" sizes=\"auto, (max-width: 344px) 100vw, 344px\" \/><\/p>\n","protected":false},"excerpt":{"rendered":"<p>Luego del anuncio del Intendente Juan Ignacio Ustarroz, se comenz\u00f3 con los primeros pasos para colocar la iluminaci\u00f3n en la &#8230; <a title=\"En Trocha trabajan con la iluminaci\u00f3n del predio\" class=\"read-more\" href=\"https:\/\/www.hoymercedes.com.ar\/principal\/2018\/05\/24\/en-trocha-trabajan-con-la-iluminacion-del-predio\/\" aria-label=\"Leer m\u00e1s sobre En Trocha trabajan con la iluminaci\u00f3n del predio\">Leer m\u00e1s<\/a><\/p>\n","protected":false},"author":1,"featured_media":76252,"comment_status":"closed","ping_status":"open","sticky":false,"template":"","format":"standard","meta":{"_monsterinsights_skip_tracking":false,"_monsterinsights_sitenote_active":false,"_monsterinsights_sitenote_note":"","_monsterinsights_sitenote_category":0,"jetpack_post_was_ever_published":false,"_jetpack_newsletter_access":"","_jetpack_dont_email_post_to_subs":false,"_jetpack_newsletter_tier_id":0,"_jetpack_memberships_contains_paywalled_content":false,"_jetpack_memberships_contains_paid_content":false,"footnotes":"","jetpack_publicize_message":"","jetpack_publicize_feature_enabled":true,"jetpack_social_post_already_shared":true,"jetpack_social_options":{"image_generator_settings":{"template":"highway","default_image_id":0,"font":"","enabled":false},"version":2},"_wpas_customize_per_network":false},"categories":[21],"tags":[204,1003,1901,1379],"class_list":["post-76251","post","type-post","status-publish","format-standard","has-post-thumbnail","hentry","category-deportes","tag-deportes-2","tag-futbol","tag-liga-mercedina","tag-trocha","generate-columns","tablet-grid-50","mobile-grid-100","grid-parent","grid-50"],"jetpack_publicize_connections":[],"jetpack_featured_media_url":"https:\/\/www.hoymercedes.com.ar\/principal\/wp-content\/uploads\/2018\/05\/Obras-en-Trocha.jpg","wps_subtitle":"Liga Mercedina","jetpack_sharing_enabled":true,"jetpack-related-posts":[{"id":129391,"url":"https:\/\/www.hoymercedes.com.ar\/principal\/2021\/05\/02\/el-club-trocha-destaca-el-trabajo-realizado-en-la-jerarquizacion-de-la-15\/","url_meta":{"origin":76251,"position":0},"title":"El Club Trocha destaca el trabajo realizado en la jerarquizaci\u00f3n de \u201cla 15\u201d","author":"hoymercedes","date":"2 mayo, 2021","format":false,"excerpt":"\u201cEl barrio est\u00e1 quedando espectacular, Mercedes cambi\u00f3 una barbaridad, ha crecido enormemente. Esta obra es la frutilla del postre para nuestro predio\u201d, dijo Duilio de Bernardi, vice del Club Trocha. La reciente obra, realizada por la Municipalidad de Mercedes, beneficia y jerarquiza indirectamente al predio deportivo de la instituci\u00f3n. Sin\u2026","rel":"","context":"En \u00abDeportes\u00bb","block_context":{"text":"Deportes","link":"https:\/\/www.hoymercedes.com.ar\/principal\/category\/deportes\/"},"img":{"alt_text":"","src":"https:\/\/i0.wp.com\/www.hoymercedes.com.ar\/principal\/wp-content\/uploads\/2021\/05\/E0PhhUqXoAUP2ua.jpg?resize=350%2C200&ssl=1","width":350,"height":200,"srcset":"https:\/\/i0.wp.com\/www.hoymercedes.com.ar\/principal\/wp-content\/uploads\/2021\/05\/E0PhhUqXoAUP2ua.jpg?resize=350%2C200&ssl=1 1x, https:\/\/i0.wp.com\/www.hoymercedes.com.ar\/principal\/wp-content\/uploads\/2021\/05\/E0PhhUqXoAUP2ua.jpg?resize=525%2C300&ssl=1 1.5x, https:\/\/i0.wp.com\/www.hoymercedes.com.ar\/principal\/wp-content\/uploads\/2021\/05\/E0PhhUqXoAUP2ua.jpg?resize=700%2C400&ssl=1 2x, https:\/\/i0.wp.com\/www.hoymercedes.com.ar\/principal\/wp-content\/uploads\/2021\/05\/E0PhhUqXoAUP2ua.jpg?resize=1050%2C600&ssl=1 3x"},"classes":[]},{"id":118837,"url":"https:\/\/www.hoymercedes.com.ar\/principal\/2020\/10\/21\/trocha-lanzo-su-nuevo-proyecto-de-trabajo-deportivo\/","url_meta":{"origin":76251,"position":1},"title":"Trocha lanz\u00f3 su nuevo proyecto de trabajo deportivo","author":"hoymercedes","date":"21 octubre, 2020","format":false,"excerpt":"El Club Atl\u00e9tico Trocha present\u00f3 en la noche del martes a los entrenadores que estar\u00e1n a cargo de los distintos planteles de F\u00fatbol Infanto Juvenil de cara a la Temporada 2021 en lo que ser\u00e1 un proyecto a largo plazo encabezado por Juan Ignacio Menendez, quien est\u00e1 a cargo tambi\u00e9n\u2026","rel":"","context":"En \u00abDeportes\u00bb","block_context":{"text":"Deportes","link":"https:\/\/www.hoymercedes.com.ar\/principal\/category\/deportes\/"},"img":{"alt_text":"","src":"https:\/\/i0.wp.com\/www.hoymercedes.com.ar\/principal\/wp-content\/uploads\/2020\/10\/WhatsApp-Image-2020-10-20-at-22.47.10.jpeg?resize=350%2C200&ssl=1","width":350,"height":200,"srcset":"https:\/\/i0.wp.com\/www.hoymercedes.com.ar\/principal\/wp-content\/uploads\/2020\/10\/WhatsApp-Image-2020-10-20-at-22.47.10.jpeg?resize=350%2C200&ssl=1 1x, https:\/\/i0.wp.com\/www.hoymercedes.com.ar\/principal\/wp-content\/uploads\/2020\/10\/WhatsApp-Image-2020-10-20-at-22.47.10.jpeg?resize=525%2C300&ssl=1 1.5x, https:\/\/i0.wp.com\/www.hoymercedes.com.ar\/principal\/wp-content\/uploads\/2020\/10\/WhatsApp-Image-2020-10-20-at-22.47.10.jpeg?resize=700%2C400&ssl=1 2x, https:\/\/i0.wp.com\/www.hoymercedes.com.ar\/principal\/wp-content\/uploads\/2020\/10\/WhatsApp-Image-2020-10-20-at-22.47.10.jpeg?resize=1050%2C600&ssl=1 3x"},"classes":[]},{"id":81686,"url":"https:\/\/www.hoymercedes.com.ar\/principal\/2018\/09\/28\/municipio-y-club-trocha-realizan-vestuarios-banos-y-mejores-estructurales\/","url_meta":{"origin":76251,"position":2},"title":"Municipio y Club Trocha realizan vestuarios, ba\u00f1os y mejores estructurales","author":"hoymercedes","date":"28 septiembre, 2018","format":false,"excerpt":"Avanzan las obras en conjunto entre el Municipio y el Club Trocha. Vestuarios, ba\u00f1os, iluminaci\u00f3n, mejoras estructurales para una de las instituciones hist\u00f3ricas de la ciudad. A trav\u00e9s del programa \u201cEsfuerzos Compartidos\u201d, donde instituciones junto a la comuna trabajan conjuntamente, se est\u00e1n llevando a cabo vestuarios y ba\u00f1os en el\u2026","rel":"","context":"En \u00abDeportes\u00bb","block_context":{"text":"Deportes","link":"https:\/\/www.hoymercedes.com.ar\/principal\/category\/deportes\/"},"img":{"alt_text":"","src":"https:\/\/i0.wp.com\/www.hoymercedes.com.ar\/principal\/wp-content\/uploads\/2018\/09\/trocha-2.jpg?resize=350%2C200&ssl=1","width":350,"height":200,"srcset":"https:\/\/i0.wp.com\/www.hoymercedes.com.ar\/principal\/wp-content\/uploads\/2018\/09\/trocha-2.jpg?resize=350%2C200&ssl=1 1x, https:\/\/i0.wp.com\/www.hoymercedes.com.ar\/principal\/wp-content\/uploads\/2018\/09\/trocha-2.jpg?resize=525%2C300&ssl=1 1.5x, https:\/\/i0.wp.com\/www.hoymercedes.com.ar\/principal\/wp-content\/uploads\/2018\/09\/trocha-2.jpg?resize=700%2C400&ssl=1 2x"},"classes":[]},{"id":136557,"url":"https:\/\/www.hoymercedes.com.ar\/principal\/2021\/09\/04\/trocha-debuta-de-local-en-la-liga\/","url_meta":{"origin":76251,"position":3},"title":"Trocha debuta de local en la Liga","author":"hoymercedes","date":"4 septiembre, 2021","format":false,"excerpt":"Tras haber superado a Ituzaing\u00f3 el pasado fin de semana, las chicas del futbol femenino del Club Trocha recibir\u00e1n hoy a Country Canning por la segunda fecha del Torneo de Primera Divisi\u00f3n \u201cC\u201d de AFA. El encuentro comenzar\u00e1 a las 11 horas y las dirigidas por Juan Ignacio Men\u00e9ndez ser\u00e1n\u2026","rel":"","context":"En \u00abDeportes\u00bb","block_context":{"text":"Deportes","link":"https:\/\/www.hoymercedes.com.ar\/principal\/category\/deportes\/"},"img":{"alt_text":"","src":"https:\/\/i0.wp.com\/www.hoymercedes.com.ar\/principal\/wp-content\/uploads\/2021\/09\/Futbol-femenino-trocha-768x470-1.jpg?resize=350%2C200&ssl=1","width":350,"height":200,"srcset":"https:\/\/i0.wp.com\/www.hoymercedes.com.ar\/principal\/wp-content\/uploads\/2021\/09\/Futbol-femenino-trocha-768x470-1.jpg?resize=350%2C200&ssl=1 1x, https:\/\/i0.wp.com\/www.hoymercedes.com.ar\/principal\/wp-content\/uploads\/2021\/09\/Futbol-femenino-trocha-768x470-1.jpg?resize=525%2C300&ssl=1 1.5x, https:\/\/i0.wp.com\/www.hoymercedes.com.ar\/principal\/wp-content\/uploads\/2021\/09\/Futbol-femenino-trocha-768x470-1.jpg?resize=700%2C400&ssl=1 2x"},"classes":[]},{"id":117951,"url":"https:\/\/www.hoymercedes.com.ar\/principal\/2020\/10\/05\/la-trocha-cumplio-5-anos-como-complejo-cultural\/","url_meta":{"origin":76251,"position":4},"title":"La Trocha cumpli\u00f3 5 a\u00f1os como Complejo Cultural","author":"hoymercedes","date":"5 octubre, 2020","format":false,"excerpt":"La Trocha cumpli\u00f3 5 a\u00f1os de su inauguraci\u00f3n como Complejo Cultural. Fue en aquel entonces con una fiesta con m\u00faltiples atractivos. Wado de Pedro hab\u00eda impulsado desde la secretar\u00eda general de la presidencia las obras que durante meses permitieron recuperar el predio para los mercedinos. Quedaba atr\u00e1s el peligro y\u2026","rel":"","context":"En \u00abMunicipio\u00bb","block_context":{"text":"Municipio","link":"https:\/\/www.hoymercedes.com.ar\/principal\/category\/municipio\/"},"img":{"alt_text":"","src":"https:\/\/i0.wp.com\/www.hoymercedes.com.ar\/principal\/wp-content\/uploads\/2020\/10\/trocha-inauguracion.4.jpg?resize=350%2C200&ssl=1","width":350,"height":200,"srcset":"https:\/\/i0.wp.com\/www.hoymercedes.com.ar\/principal\/wp-content\/uploads\/2020\/10\/trocha-inauguracion.4.jpg?resize=350%2C200&ssl=1 1x, https:\/\/i0.wp.com\/www.hoymercedes.com.ar\/principal\/wp-content\/uploads\/2020\/10\/trocha-inauguracion.4.jpg?resize=525%2C300&ssl=1 1.5x, https:\/\/i0.wp.com\/www.hoymercedes.com.ar\/principal\/wp-content\/uploads\/2020\/10\/trocha-inauguracion.4.jpg?resize=700%2C400&ssl=1 2x, https:\/\/i0.wp.com\/www.hoymercedes.com.ar\/principal\/wp-content\/uploads\/2020\/10\/trocha-inauguracion.4.jpg?resize=1050%2C600&ssl=1 3x"},"classes":[]},{"id":138264,"url":"https:\/\/www.hoymercedes.com.ar\/principal\/2021\/10\/04\/trocha-sumo-un-punto-en-burzaco\/","url_meta":{"origin":76251,"position":5},"title":"Trocha sum\u00f3 un punto en Burzaco","author":"hoymercedes","date":"4 octubre, 2021","format":false,"excerpt":"Por la quinta fecha del torneo de Primera Divisi\u00f3n \u201cC\u201d organizado por la AFA para el futbol femenino, las dirigidas por Juan Ignacio Men\u00e9ndez viajaron hasta\u00a0Burzaco\u00a0para medirse ante San Mart\u00edn.\u00a0 Luego de la derrota sufrida ante Belgrano en la cancha de la Liga, las\u00a0mercedinas\u00a0necesitaban sumar puntos para no quedarse relegadas\u2026","rel":"","context":"En \u00abDeportes\u00bb","block_context":{"text":"Deportes","link":"https:\/\/www.hoymercedes.com.ar\/principal\/category\/deportes\/"},"img":{"alt_text":"","src":"https:\/\/i0.wp.com\/www.hoymercedes.com.ar\/principal\/wp-content\/uploads\/2021\/10\/dtrocha-04.jpeg?resize=350%2C200&ssl=1","width":350,"height":200,"srcset":"https:\/\/i0.wp.com\/www.hoymercedes.com.ar\/principal\/wp-content\/uploads\/2021\/10\/dtrocha-04.jpeg?resize=350%2C200&ssl=1 1x, https:\/\/i0.wp.com\/www.hoymercedes.com.ar\/principal\/wp-content\/uploads\/2021\/10\/dtrocha-04.jpeg?resize=525%2C300&ssl=1 1.5x, https:\/\/i0.wp.com\/www.hoymercedes.com.ar\/principal\/wp-content\/uploads\/2021\/10\/dtrocha-04.jpeg?resize=700%2C400&ssl=1 2x"},"classes":[]}],"_links":{"self":[{"href":"https:\/\/www.hoymercedes.com.ar\/principal\/wp-json\/wp\/v2\/posts\/76251","targetHints":{"allow":["GET"]}}],"collection":[{"href":"https:\/\/www.hoymercedes.com.ar\/principal\/wp-json\/wp\/v2\/posts"}],"about":[{"href":"https:\/\/www.hoymercedes.com.ar\/principal\/wp-json\/wp\/v2\/types\/post"}],"author":[{"embeddable":true,"href":"https:\/\/www.hoymercedes.com.ar\/principal\/wp-json\/wp\/v2\/users\/1"}],"replies":[{"embeddable":true,"href":"https:\/\/www.hoymercedes.com.ar\/principal\/wp-json\/wp\/v2\/comments?post=76251"}],"version-history":[{"count":0,"href":"https:\/\/www.hoymercedes.com.ar\/principal\/wp-json\/wp\/v2\/posts\/76251\/revisions"}],"wp:featuredmedia":[{"embeddable":true,"href":"https:\/\/www.hoymercedes.com.ar\/principal\/wp-json\/wp\/v2\/media\/76252"}],"wp:attachment":[{"href":"https:\/\/www.hoymercedes.com.ar\/principal\/wp-json\/wp\/v2\/media?parent=76251"}],"wp:term":[{"taxonomy":"category","embeddable":true,"href":"https:\/\/www.hoymercedes.com.ar\/principal\/wp-json\/wp\/v2\/categories?post=76251"},{"taxonomy":"post_tag","embeddable":true,"href":"https:\/\/www.hoymercedes.com.ar\/principal\/wp-json\/wp\/v2\/tags?post=76251"}],"curies":[{"name":"wp","href":"https:\/\/api.w.org\/{rel}","templated":true}]}}