{"id":76311,"date":"2018-05-24T10:20:34","date_gmt":"2018-05-24T13:20:34","guid":{"rendered":"http:\/\/www.hoymercedes.com.ar\/principal\/?p=76311"},"modified":"2018-05-24T10:31:11","modified_gmt":"2018-05-24T13:31:11","slug":"la-sole-grabo-publicidad-en-mercedes","status":"publish","type":"post","link":"https:\/\/www.hoymercedes.com.ar\/principal\/2018\/05\/24\/la-sole-grabo-publicidad-en-mercedes\/","title":{"rendered":"La Sole grab\u00f3 publicidad en Mercedes"},"content":{"rendered":"<p>Por TeCleArte &#8211; En la tarde-noche del mi\u00e9rcoles, La Sole &#8211; Soledad Pastoruti &#8211; estuvo en Mercedes grabando la publicidad del supermercado de Avenida 40. Junto a decena de actores y actrices profesionales y aficionados de Mercedes, la cantante protagoniza la publicidad audiovisual\u00a0 pronto se ver\u00e1 en TV e Internet.<\/p>\n<figure id=\"attachment_76312\" aria-describedby=\"caption-attachment-76312\" style=\"width: 620px\" class=\"wp-caption aligncenter\"><img loading=\"lazy\" decoding=\"async\" data-attachment-id=\"76312\" data-permalink=\"https:\/\/www.hoymercedes.com.ar\/principal\/2018\/05\/24\/la-sole-grabo-publicidad-en-mercedes\/24-sole-anonima\/#main\" data-orig-file=\"https:\/\/www.hoymercedes.com.ar\/principal\/wp-content\/uploads\/2018\/05\/24-sole-anonima.jpg\" data-orig-size=\"750,500\" data-comments-opened=\"0\" data-image-meta=\"{&quot;aperture&quot;:&quot;0&quot;,&quot;credit&quot;:&quot;&quot;,&quot;camera&quot;:&quot;&quot;,&quot;caption&quot;:&quot;&quot;,&quot;created_timestamp&quot;:&quot;0&quot;,&quot;copyright&quot;:&quot;&quot;,&quot;focal_length&quot;:&quot;0&quot;,&quot;iso&quot;:&quot;0&quot;,&quot;shutter_speed&quot;:&quot;0&quot;,&quot;title&quot;:&quot;&quot;,&quot;orientation&quot;:&quot;0&quot;}\" data-image-title=\"24 sole anonima\" data-image-description=\"\" data-image-caption=\"&lt;p&gt;Foto: Instagram Mauricio Castro&lt;\/p&gt;\n\" data-large-file=\"https:\/\/www.hoymercedes.com.ar\/principal\/wp-content\/uploads\/2018\/05\/24-sole-anonima.jpg\" class=\"size-medium wp-image-76312\" src=\"https:\/\/www.hoymercedes.com.ar\/principal\/wp-content\/uploads\/2018\/05\/24-sole-anonima-630x420.jpg\" alt=\"\" width=\"630\" height=\"420\" srcset=\"https:\/\/www.hoymercedes.com.ar\/principal\/wp-content\/uploads\/2018\/05\/24-sole-anonima-630x420.jpg 630w, https:\/\/www.hoymercedes.com.ar\/principal\/wp-content\/uploads\/2018\/05\/24-sole-anonima-150x100.jpg 150w, https:\/\/www.hoymercedes.com.ar\/principal\/wp-content\/uploads\/2018\/05\/24-sole-anonima.jpg 750w\" sizes=\"auto, (max-width: 630px) 100vw, 630px\" \/><figcaption id=\"caption-attachment-76312\" class=\"wp-caption-text\">Foto: Instagram Mauricio Castro (El Cruce del Arte)<\/figcaption><\/figure>\n<p>D\u00edas atr\u00e1s, a trav\u00e9s de la actriz y directora Gabriela Lorusso se hizo la convocatoria para quienes quisiesen participar de la publicidad del supermercado La An\u00f3nina que se grab\u00f3 el mi\u00e9rcoles.<\/p>\n<p>Este jueves no fueron pocos los que en sus redes sociales publicaron fotos de ellos con la cantante Soledad. Ahora a esperar la proyecci\u00f3n de la publicidad en los medios audiovisuales.<\/p>\n<p>No es la primera vez que una publicidad de este empresa se produzca en la sucursal de Mercedes, una de las m\u00e1s grandes en la zona y gracias a la producci\u00f3n de mercedinos de las piezas publicitarias.<\/p>\n","protected":false},"excerpt":{"rendered":"<p>Por TeCleArte &#8211; En la tarde-noche del mi\u00e9rcoles, La Sole &#8211; Soledad Pastoruti &#8211; estuvo en Mercedes grabando la publicidad &#8230; <a title=\"La Sole grab\u00f3 publicidad en Mercedes\" class=\"read-more\" href=\"https:\/\/www.hoymercedes.com.ar\/principal\/2018\/05\/24\/la-sole-grabo-publicidad-en-mercedes\/\" aria-label=\"Leer m\u00e1s sobre La Sole grab\u00f3 publicidad en Mercedes\">Leer m\u00e1s<\/a><\/p>\n","protected":false},"author":1,"featured_media":76312,"comment_status":"closed","ping_status":"open","sticky":false,"template":"","format":"standard","meta":{"_monsterinsights_skip_tracking":false,"_monsterinsights_sitenote_active":false,"_monsterinsights_sitenote_note":"","_monsterinsights_sitenote_category":0,"jetpack_post_was_ever_published":false,"_jetpack_newsletter_access":"","_jetpack_dont_email_post_to_subs":false,"_jetpack_newsletter_tier_id":0,"_jetpack_memberships_contains_paywalled_content":false,"_jetpack_memberships_contains_paid_content":false,"footnotes":"","jetpack_publicize_message":"","jetpack_publicize_feature_enabled":true,"jetpack_social_post_already_shared":true,"jetpack_social_options":{"image_generator_settings":{"template":"highway","default_image_id":0,"font":"","enabled":false},"version":2},"_wpas_customize_per_network":false},"categories":[104],"tags":[7805,8155,11463,13167,1048],"class_list":["post-76311","post","type-post","status-publish","format-standard","has-post-thumbnail","hentry","category-cultura","tag-cultura","tag-gabriela-lorusso","tag-grabacion","tag-publicidad","tag-supermercado-la-anonima","generate-columns","tablet-grid-50","mobile-grid-100","grid-parent","grid-50"],"jetpack_publicize_connections":[],"jetpack_featured_media_url":"https:\/\/www.hoymercedes.com.ar\/principal\/wp-content\/uploads\/2018\/05\/24-sole-anonima.jpg","wps_subtitle":"En la noche del mi\u00e9rcoles","jetpack_sharing_enabled":true,"_links":{"self":[{"href":"https:\/\/www.hoymercedes.com.ar\/principal\/wp-json\/wp\/v2\/posts\/76311","targetHints":{"allow":["GET"]}}],"collection":[{"href":"https:\/\/www.hoymercedes.com.ar\/principal\/wp-json\/wp\/v2\/posts"}],"about":[{"href":"https:\/\/www.hoymercedes.com.ar\/principal\/wp-json\/wp\/v2\/types\/post"}],"author":[{"embeddable":true,"href":"https:\/\/www.hoymercedes.com.ar\/principal\/wp-json\/wp\/v2\/users\/1"}],"replies":[{"embeddable":true,"href":"https:\/\/www.hoymercedes.com.ar\/principal\/wp-json\/wp\/v2\/comments?post=76311"}],"version-history":[{"count":0,"href":"https:\/\/www.hoymercedes.com.ar\/principal\/wp-json\/wp\/v2\/posts\/76311\/revisions"}],"wp:featuredmedia":[{"embeddable":true,"href":"https:\/\/www.hoymercedes.com.ar\/principal\/wp-json\/wp\/v2\/media\/76312"}],"wp:attachment":[{"href":"https:\/\/www.hoymercedes.com.ar\/principal\/wp-json\/wp\/v2\/media?parent=76311"}],"wp:term":[{"taxonomy":"category","embeddable":true,"href":"https:\/\/www.hoymercedes.com.ar\/principal\/wp-json\/wp\/v2\/categories?post=76311"},{"taxonomy":"post_tag","embeddable":true,"href":"https:\/\/www.hoymercedes.com.ar\/principal\/wp-json\/wp\/v2\/tags?post=76311"}],"curies":[{"name":"wp","href":"https:\/\/api.w.org\/{rel}","templated":true}]}}