{"id":76322,"date":"2018-05-24T14:46:01","date_gmt":"2018-05-24T17:46:01","guid":{"rendered":"http:\/\/www.hoymercedes.com.ar\/principal\/?p=76322"},"modified":"2018-05-24T14:46:01","modified_gmt":"2018-05-24T17:46:01","slug":"el-rotary-club-de-mercedes-cumplio-80-anos","status":"publish","type":"post","link":"https:\/\/www.hoymercedes.com.ar\/principal\/2018\/05\/24\/el-rotary-club-de-mercedes-cumplio-80-anos\/","title":{"rendered":"El Rotary Club de Mercedes cumpli\u00f3 80 a\u00f1os"},"content":{"rendered":"<p><em><strong>Por Susana Spano &#8211; Con una cena para los socios, el Rotary Club de Mercedes \u2013 Distrito 4855 &#8211; celebr\u00f3 sus primeros 80 a\u00f1os. La Instituci\u00f3n anunci\u00f3, adem\u00e1s, un importante aporte solidario para la comunidad.\u00a0<\/strong><\/em><\/p>\n<p><img loading=\"lazy\" decoding=\"async\" data-attachment-id=\"76324\" data-permalink=\"https:\/\/www.hoymercedes.com.ar\/principal\/2018\/05\/24\/el-rotary-club-de-mercedes-cumplio-80-anos\/24-rotary-susana-2\/#main\" data-orig-file=\"https:\/\/www.hoymercedes.com.ar\/principal\/wp-content\/uploads\/2018\/05\/24-rotary-susana-2.jpg\" data-orig-size=\"750,500\" data-comments-opened=\"0\" data-image-meta=\"{&quot;aperture&quot;:&quot;0&quot;,&quot;credit&quot;:&quot;&quot;,&quot;camera&quot;:&quot;&quot;,&quot;caption&quot;:&quot;&quot;,&quot;created_timestamp&quot;:&quot;0&quot;,&quot;copyright&quot;:&quot;&quot;,&quot;focal_length&quot;:&quot;0&quot;,&quot;iso&quot;:&quot;0&quot;,&quot;shutter_speed&quot;:&quot;0&quot;,&quot;title&quot;:&quot;&quot;,&quot;orientation&quot;:&quot;0&quot;}\" data-image-title=\"24 rotary susana 2\" data-image-description=\"\" data-image-caption=\"\" data-large-file=\"https:\/\/www.hoymercedes.com.ar\/principal\/wp-content\/uploads\/2018\/05\/24-rotary-susana-2.jpg\" class=\"aligncenter size-medium wp-image-76324\" src=\"https:\/\/www.hoymercedes.com.ar\/principal\/wp-content\/uploads\/2018\/05\/24-rotary-susana-2-630x420.jpg\" alt=\"\" width=\"630\" height=\"420\" srcset=\"https:\/\/www.hoymercedes.com.ar\/principal\/wp-content\/uploads\/2018\/05\/24-rotary-susana-2-630x420.jpg 630w, https:\/\/www.hoymercedes.com.ar\/principal\/wp-content\/uploads\/2018\/05\/24-rotary-susana-2-150x100.jpg 150w, https:\/\/www.hoymercedes.com.ar\/principal\/wp-content\/uploads\/2018\/05\/24-rotary-susana-2.jpg 750w\" sizes=\"auto, (max-width: 630px) 100vw, 630px\" \/><\/p>\n<p>El lunes 14 de mayo. el Rotary Club de Mercedes cumpli\u00f3 80 a\u00f1os.\u00a0El grato acontecimiento se celebr\u00f3 con una cena, que coincidi\u00f3 con la habitual rueda de c\u00f3nyuges que la Instituci\u00f3n realiza los lunes de cada mes.<\/p>\n<p>La presidenta de Rotary Mercedes \u2013 Ana Mar\u00eda Bussinger \u2013 abri\u00f3 el acto, agradeciendo a los presentes y aclar\u00f3 que en el pr\u00f3ximo cambio de autoridades \u2013 que se producir\u00e1 en julio \u2013 se realizar\u00e1 una gran fiesta institucional para celebrar el evento. A continuaci\u00f3n, invit\u00f3 a tres miembros del Club para realizar el tradicional izamiento de banderas \u2013 Argentina, Rotaria, C\u00f3nyuges &#8211; y posteriormente se sirvi\u00f3 la cena.<\/p>\n<p>Promediando la velada, solicit\u00f3 a dos miembros del Club que dirigieran unas palabras a los presentes. En primer lugar lo hizo el profesor Pedro Lor\u00e9, quien coment\u00f3 sus impresiones acerca de una reuni\u00f3n \u00a0realizada en el Distrito 4905, Rotary de Luj\u00e1n, a la que concurri\u00f3 en calidad de representante de la Instituci\u00f3n. En ella, coment\u00f3, \u00a0se hizo presente un representante del presidente de Rotary Internacional y se estableci\u00f3 que, adem\u00e1s de la entrega de distinciones y homenajes, tres oradores disertaran para la concurrencia. Uno de ellos fue el profesor Lor\u00e9, quien desarroll\u00f3 el tema \u00a0\u2013 \u201cEl Rotary que yo conoc\u00ed\u201d.<\/p>\n<p>Antes de la segunda intervenci\u00f3n, la presidenta de Rotary tom\u00f3 la palabra para agradecer a Walter Zunino y Gustavo Cano que se ofrecieron para ir a buscar la silla postural que Rotary consigui\u00f3, a trav\u00e9s de la gesti\u00f3n de otro miembro de la instituci\u00f3n &#8211; Alejandra Soul\u00e9 &#8211; \u00a0para\u00a0 un ni\u00f1o de Agote (ver recuadro aparte)<\/p>\n<p>El Sr. Manolo Ferrari, fue el encargado de exponer una semblanza sobre la historia del aniversario de Rotary Mercedes. En su alocuci\u00f3n destac\u00f3:<\/p>\n<p>\u201cCuando se fund\u00f3 el Club, Mercedes ten\u00eda aproximadamente 25.000 habitantes, las calles eran en su mayor\u00eda empedradas (\u2026) La ciudad se mostraba pujante, en todo sentido, hab\u00eda llegado el ferrocarril y \u00e9ste pose\u00eda una puntualidad extraordinaria. Se dec\u00eda, como una broma, que se pod\u00eda poner en hora el reloj controlando la hora de partida y llegada de los trenes. (\u2026)<\/p>\n<p>Mercedes era una ciudad\u00a0 que ten\u00eda\u00a0 ascendente en toda la Provincia porque ten\u00edamos el Departamento Judicial de Mercedes,\u00a0 que llegaba hasta Pergamino y Jun\u00edn y, por el lado del oeste, hasta Trenque Lauquen \u2013 para decir los m\u00e1s importantes.<\/p>\n<p>A Mercedes ven\u00eda desde Chacabuco un Sr., llamado Domingo Galante, martillero, comisionista, que le tra\u00eda ciertos expedientes al Dr. Tamagno. En uno de sus viajes, este Sr. le cont\u00f3 que en su ciudad se hab\u00eda formado un Rotary Club\u00a0 y le sugiri\u00f3 que se fundara otro aqu\u00ed. A Tamagno le pareci\u00f3 muy buena idea y as\u00ed se conform\u00f3 el primer Rotary Club de Mercedes, con personas destacadas de nuestra ciudad, \u00a0cuyo presidente fue Rafael Guti\u00e9rrez y sus socios fundadores: Baldasini Eugenio, Barbe Manfredo, Camele Juan, Carossino C\u00e9sar, Condesse Feliciano, Cores Enrique, Chapuis Francisco, Guti\u00e9rrez Jos\u00e9, Guti\u00e9rrez Rafael, Herrero Teodoro, Laforgue Roberto, Larrory Fernando, Pitta Domingo, Risso Hualde Aquilino, \u00a0Sanguinetti Rom\u00e1n, Silva Barrios F\u00e9lix, Tamagno Roberto, Tapia Thales, Testolini Gast\u00f3n, y Zamudio Juan Carlos (\u2026) Se pagaba una cuota \u201cper capita\u201d de 10$ por socio.(\u2026)<\/p>\n<p>El Rotary sigui\u00f3 su derrotero, fue el Club N\u00ba 44 que se cre\u00f3 en la Argentina, En 1942 se hizo la primera conferencia del Distrito, en el Club Mercedes, en la parte de atr\u00e1s, que ten\u00eda un gran sal\u00f3n(\u2026) No quiero terminar estas palabras sin mencionar a los Gobernadores de Distrito que tuvimos en Mercedes, ellos fueron:\u00a0 Tamagno Roberto \u2013 1944\/45-; Altube Abel \u2013 1958\/59 \u2013 Ferrari Manuel H. 1978\/79 \u2013 Lor\u00e9 Pedro \u2013 1984\/85 \u2013 Malano H\u00e9ctor \u2013 1989\/1990 \u2013 Lor\u00e9 Pedro -1993\/94\u00a0 y Rosselo Roberto \u2013 2015\/16 \u2013 Tenemos el privilegio \u2013 Pedro lo puede confirmar \u2013 de ser el Club de Distrito que m\u00e1s gobernadores ha tenido, lo cual es un gran logro y \u00a0una satisfacci\u00f3n; orgullo no, \u00a0porque orgullo es una palabra que indica superioridad y nosotros no tenemos esas cosas. Solo tenemos honestidad y voluntad para ayudar, en lo que podemos\u00a0 a aquel que \u00a0padece de una carencia. \u00c9se es el verdadero sentido de un Club de Servicio\u201d.<\/p>\n<p>Las palabras del Sr. Ferrari fueron recibidas con calurosos aplausos.<\/p>\n<p>Posteriormente, la presidenta de la Instituci\u00f3n invit\u00f3 a Manolo Ferrari, Pedro Lor\u00e9 y Roberto Rosselo \u2013 como ex gobernadores distritales \u2013 a que la acompa\u00f1aran a soplar las velitas de la tradicional torta. Los presentes cantaron el Feliz Cumplea\u00f1os. Luego lleg\u00f3 el brindis.<\/p>\n<p>Con \u00a0alegr\u00eda y en un clima distendido, culmin\u00f3 esta velada de festejo por los 80 a\u00f1os del Rotary Club de Mercedes, Distrito 4855, una Instituci\u00f3n que tiene fuertes lazos con nuestra comunidad y ha trascendido, por su l\u00ednea de conducta, su permanente trabajo y la b\u00fasqueda de soluciones que requiere y espera, no solo Mercedes sino el mundo.<\/p>\n<p><img loading=\"lazy\" decoding=\"async\" data-attachment-id=\"76324\" data-permalink=\"https:\/\/www.hoymercedes.com.ar\/principal\/2018\/05\/24\/el-rotary-club-de-mercedes-cumplio-80-anos\/24-rotary-susana-2\/#main\" data-orig-file=\"https:\/\/www.hoymercedes.com.ar\/principal\/wp-content\/uploads\/2018\/05\/24-rotary-susana-2.jpg\" data-orig-size=\"750,500\" data-comments-opened=\"0\" data-image-meta=\"{&quot;aperture&quot;:&quot;0&quot;,&quot;credit&quot;:&quot;&quot;,&quot;camera&quot;:&quot;&quot;,&quot;caption&quot;:&quot;&quot;,&quot;created_timestamp&quot;:&quot;0&quot;,&quot;copyright&quot;:&quot;&quot;,&quot;focal_length&quot;:&quot;0&quot;,&quot;iso&quot;:&quot;0&quot;,&quot;shutter_speed&quot;:&quot;0&quot;,&quot;title&quot;:&quot;&quot;,&quot;orientation&quot;:&quot;0&quot;}\" data-image-title=\"24 rotary susana 2\" data-image-description=\"\" data-image-caption=\"\" data-large-file=\"https:\/\/www.hoymercedes.com.ar\/principal\/wp-content\/uploads\/2018\/05\/24-rotary-susana-2.jpg\" class=\"aligncenter size-medium wp-image-76324\" src=\"https:\/\/www.hoymercedes.com.ar\/principal\/wp-content\/uploads\/2018\/05\/24-rotary-susana-2-630x420.jpg\" alt=\"\" width=\"630\" height=\"420\" srcset=\"https:\/\/www.hoymercedes.com.ar\/principal\/wp-content\/uploads\/2018\/05\/24-rotary-susana-2-630x420.jpg 630w, https:\/\/www.hoymercedes.com.ar\/principal\/wp-content\/uploads\/2018\/05\/24-rotary-susana-2-150x100.jpg 150w, https:\/\/www.hoymercedes.com.ar\/principal\/wp-content\/uploads\/2018\/05\/24-rotary-susana-2.jpg 750w\" sizes=\"auto, (max-width: 630px) 100vw, 630px\" \/><\/p>\n<p><strong>\u201cCuca\u201d Bussinger, una historia de amor<\/strong><\/p>\n<p>Al otro d\u00eda del cumplea\u00f1os, visit\u00f3 los estudio de Radio F\u00e9nix \u2013 93.9 -, la presidenta del Rotary Mercedes, nos hab\u00edan quedado muchas cosas para preguntarle y, lejos de la algarab\u00eda del festejo, quisimos profundizar el tema de una donaci\u00f3n que hab\u00edan realizado<\/p>\n<p><strong>\u00bfContamos c\u00f3mo surge el tema de la silla?<\/strong><\/p>\n<p>.- Surgi\u00f3 de una visita que nos hizo L\u00eda Dulevich con una se\u00f1ora, Santana, creo que era el apellido, dici\u00e9ndonos si pod\u00edamos hacer alg\u00fan evento para conseguir una \u201csilla postural\u201d para un nene de 9 a\u00f1os que vive en Agote. Nos mostraron una foto, en la que se ve al nene en un cochecito de beb\u00e9, porque su enfermedad no le permite mantenerse erguido. Verlo fue conmocionante.\u00a0En la reuni\u00f3n estaba Alejandra Soul\u00e9, que es rotaria y me dijo: \u201cVoy a hacer una llamada\u201d y llam\u00f3 a un neur\u00f3logo infantil, que hab\u00eda atendido a su hijo. Ella estaba enterada de que este m\u00e9dico tiene una especie de red donde se conectan distintos pacientes que \u00e9l atendi\u00f3 y tiene sillas u otros objetos para discapacidad que se prestan o donan.\u00a0El profesional nos conect\u00f3 con una familia que viv\u00eda en Lan\u00fas Este y, en tres o cuatro d\u00edas, Walter Zunino a quien ayer invitamos y realmente fue de una ayuda invaluable. Lo encontr\u00e9 en la cale y le dije lo que suced\u00eda y me dijo: \u201cConseguime el n\u00famero de tel\u00e9fono de la familia que, la voy a buscar\u201d.\u00a0Le expliqu\u00e9 que hab\u00eda que ir a buscarla con un veh\u00edculo especial porque era grande. Me dijo que no me preocupara y, aprovechando\u00a0 el feriado puente la fue a busca. En algo m\u00e1s de 48 hs. tuvimos la silla ac\u00e1 en Mercedes.\u00a0Pertenec\u00eda a una familia que ten\u00eda un hijo, pero de 24 a\u00f1os, con el mismo problema y que ya no pod\u00eda usarla. Cuando se enteraron de nuestro pedido se pusieron recontentos de poder donar esa silla para alguien que la necesitara.\u00a0Juan Carlos Pserga, que tambi\u00e9n es rotario, la arregl\u00f3 porque la familia le hab\u00eda hecho algunas modificaciones de uso\u00a0 y esta semana se la vamos a entregar a la se\u00f1ora.<\/p>\n<p>&nbsp;<\/p>\n<p><strong>\u00bfHay que hacer alg\u00fan otro agradecimiento?<\/strong><\/p>\n<p>.- S\u00ed, estamos muy contentos porque el nene ya no est\u00e1 en ese carrito de beb\u00e9, tiene una silla que le consigui\u00f3 temporalmente la Direcci\u00f3n de Discapacidad de la Municipalidad y lo est\u00e1n atendiendo en el CETIM &#8211; Centro Educativo\u00a0Terap\u00e9utico Integral\u00a0Mercedes.\u00a0Nosotros vamos a entregarle esta silla que conseguimos y despu\u00e9s quedar\u00e1 en comodato para la Direcci\u00f3n de Discapacidad.\u00a0Ellos est\u00e1n gestionando, a trav\u00e9s de un \u00a0expediente, una \u00a0silla \u00a0para el nene \u2013 necesitan que sea plegable porque una vez por mes va al Hospital de\u00a0 Ni\u00f1os de la Plata y as\u00ed es m\u00e1s c\u00f3modo para que su mam\u00e1 pueda llevarlo. La nuestra es fija.\u00a0Cuando le env\u00eden su silla, con las caracter\u00edsticas que se pidieron, la nuestra quedar\u00e1 en esa Direcci\u00f3n para ser usada en otro caso que se presente.<\/p>\n<p><strong>\u00bfQu\u00e9 otros proyectos tiene el Club?<\/strong><\/p>\n<p>&#8211; Bueno, tenemos dos carpetas presentadas: una para el Hospital, que nos pidieron un equipo digital, que hay que tramitarlo con una subvenci\u00f3n global. Lamentablemente lo empec\u00e9 al principio de mi mandato; lo estoy terminando y todav\u00eda no lo consigo as\u00ed que lo va a heredar Gustavo Calvo, que es el pr\u00f3ximo presidente de Rotary Mercedes.\u00a0En el otro pedido estamos m\u00e1s avanzados. Vamos a hacer un convenio con la Direcci\u00f3n de Salud para el futuro Centro de Im\u00e1genes. Nos pidieron un ec\u00f3grafo digital, que es m\u00e1s accesible. Lamentablemente estamos muy desfasados con el d\u00f3lar porque todas estas cosas son importadas. Pero no perdemos las esperanzas de conseguirlo.<\/p>\n<p>&nbsp;<\/p>\n<p>&nbsp;<\/p>\n","protected":false},"excerpt":{"rendered":"<p>Por Susana Spano &#8211; Con una cena para los socios, el Rotary Club de Mercedes \u2013 Distrito 4855 &#8211; celebr\u00f3 &#8230; <a title=\"El Rotary Club de Mercedes cumpli\u00f3 80 a\u00f1os\" class=\"read-more\" href=\"https:\/\/www.hoymercedes.com.ar\/principal\/2018\/05\/24\/el-rotary-club-de-mercedes-cumplio-80-anos\/\" aria-label=\"Leer m\u00e1s sobre El Rotary Club de Mercedes cumpli\u00f3 80 a\u00f1os\">Leer m\u00e1s<\/a><\/p>\n","protected":false},"author":1,"featured_media":76323,"comment_status":"closed","ping_status":"open","sticky":false,"template":"","format":"standard","meta":{"_monsterinsights_skip_tracking":false,"_monsterinsights_sitenote_active":false,"_monsterinsights_sitenote_note":"","_monsterinsights_sitenote_category":0,"jetpack_post_was_ever_published":false,"_jetpack_newsletter_access":"","_jetpack_dont_email_post_to_subs":false,"_jetpack_newsletter_tier_id":0,"_jetpack_memberships_contains_paywalled_content":false,"_jetpack_memberships_contains_paid_content":false,"footnotes":"","jetpack_publicize_message":"","jetpack_publicize_feature_enabled":true,"jetpack_social_post_already_shared":true,"jetpack_social_options":{"image_generator_settings":{"template":"highway","default_image_id":0,"font":"","enabled":false},"version":2},"_wpas_customize_per_network":false},"categories":[8],"tags":[8829,2590,7802],"class_list":["post-76322","post","type-post","status-publish","format-standard","has-post-thumbnail","hentry","category-sociedad","tag-aniversario","tag-rotary-club-mercedes","tag-sociedad","generate-columns","tablet-grid-50","mobile-grid-100","grid-parent","grid-50"],"jetpack_publicize_connections":[],"jetpack_featured_media_url":"https:\/\/www.hoymercedes.com.ar\/principal\/wp-content\/uploads\/2018\/05\/24-rotary-susana-1.jpg","wps_subtitle":"Aniversario en el servicio a la comunidad","jetpack_sharing_enabled":true,"jetpack-related-posts":[{"id":22721,"url":"https:\/\/www.hoymercedes.com.ar\/principal\/2013\/06\/05\/rotary-club-cumplio-75-anos-en-la-ciudad\/","url_meta":{"origin":76322,"position":0},"title":"Rotary Club cumpli\u00f3 75 a\u00f1os en la ciudad","author":"hoymercedes","date":"5 junio, 2013","format":false,"excerpt":"El Rotary Club de nuestra ciudad celebr\u00f3 sus 75 a\u00f1o de vida institucional en Mercedes. El acto cont\u00f3 con la presencia del intendente Carlos Selva en la sede que se encuentra en 31 entre 30 y 32. El encuentro fue importante dado que la instituci\u00f3n contin\u00faa como desde hace tantos\u2026","rel":"","context":"En \u00abSociedad\u00bb","block_context":{"text":"Sociedad","link":"https:\/\/www.hoymercedes.com.ar\/principal\/category\/sociedad\/"},"img":{"alt_text":"Rotary Mercedes","src":"https:\/\/i0.wp.com\/www.hoymercedes.com.ar\/principal\/wp-content\/uploads\/2013\/06\/RotaryMercedes.jpg?resize=350%2C200","width":350,"height":200,"srcset":"https:\/\/i0.wp.com\/www.hoymercedes.com.ar\/principal\/wp-content\/uploads\/2013\/06\/RotaryMercedes.jpg?resize=350%2C200 1x, https:\/\/i0.wp.com\/www.hoymercedes.com.ar\/principal\/wp-content\/uploads\/2013\/06\/RotaryMercedes.jpg?resize=525%2C300 1.5x"},"classes":[]},{"id":14992,"url":"https:\/\/www.hoymercedes.com.ar\/principal\/2012\/08\/04\/rotary-club-agradece-el-apoyo-al-bingo-realizado-e-invitan-a-tallarinada\/","url_meta":{"origin":76322,"position":1},"title":"Rotary Club agradece el apoyo al bingo realizado e invitan a tallarinada","author":"hoymercedes","date":"4 agosto, 2012","format":false,"excerpt":"La Rueda de C\u00f3nyuges del Rotary Club de Mercedes organiz\u00f3, el domingo 29 de julio, el tradicional Chocolate - Bingo a beneficio de las becas estudiantiles. Y, por medio de la presente, quiere agradecer a todos quienes participaron posibilitando que el evento sea un \u00e9xito, reuniendo en una c\u00e1lida tarde\u2026","rel":"","context":"En \u00abSociedad\u00bb","block_context":{"text":"Sociedad","link":"https:\/\/www.hoymercedes.com.ar\/principal\/category\/sociedad\/"},"img":{"alt_text":"","src":"https:\/\/i0.wp.com\/www.hoymercedes.com.ar\/principal\/wp-content\/uploads\/2012\/08\/Bingo-Rotary.jpg?resize=350%2C200","width":350,"height":200,"srcset":"https:\/\/i0.wp.com\/www.hoymercedes.com.ar\/principal\/wp-content\/uploads\/2012\/08\/Bingo-Rotary.jpg?resize=350%2C200 1x, https:\/\/i0.wp.com\/www.hoymercedes.com.ar\/principal\/wp-content\/uploads\/2012\/08\/Bingo-Rotary.jpg?resize=525%2C300 1.5x"},"classes":[]},{"id":104267,"url":"https:\/\/www.hoymercedes.com.ar\/principal\/2019\/12\/20\/rotary-mercedes-distinguio-a-las-personalidades-del-ano\/","url_meta":{"origin":76322,"position":2},"title":"Rotary Mercedes distingui\u00f3 a las personalidades del a\u00f1o","author":"hoymercedes","date":"20 diciembre, 2019","format":false,"excerpt":"En el marco de la cena de despedida del a\u00f1o del Rotary Club Mercedes, se entregaron reconocimientos a tres personalidades de la ciudad por su servicio a la comunidad. Entre ellos Omar \u201cPelusa\u201d Gonz\u00e1lez, por su trabajo solidario junto a All Boys Solidario y Gendarmer\u00eda Nacional; el ex Jefe del\u2026","rel":"","context":"En \u00abSociedad\u00bb","block_context":{"text":"Sociedad","link":"https:\/\/www.hoymercedes.com.ar\/principal\/category\/sociedad\/"},"img":{"alt_text":"","src":"https:\/\/i0.wp.com\/www.hoymercedes.com.ar\/principal\/wp-content\/uploads\/2019\/12\/20-Rotary-pelusa1.jpg?resize=350%2C200&ssl=1","width":350,"height":200,"srcset":"https:\/\/i0.wp.com\/www.hoymercedes.com.ar\/principal\/wp-content\/uploads\/2019\/12\/20-Rotary-pelusa1.jpg?resize=350%2C200&ssl=1 1x, https:\/\/i0.wp.com\/www.hoymercedes.com.ar\/principal\/wp-content\/uploads\/2019\/12\/20-Rotary-pelusa1.jpg?resize=525%2C300&ssl=1 1.5x, https:\/\/i0.wp.com\/www.hoymercedes.com.ar\/principal\/wp-content\/uploads\/2019\/12\/20-Rotary-pelusa1.jpg?resize=700%2C400&ssl=1 2x"},"classes":[]},{"id":71212,"url":"https:\/\/www.hoymercedes.com.ar\/principal\/2017\/12\/29\/rotary-club-mercedes-despidio-el-ano-con-una-donacion-a-la-divina-providencia\/","url_meta":{"origin":76322,"position":3},"title":"Rotary Club Mercedes despidi\u00f3 el a\u00f1o con una donaci\u00f3n a la Divina Providencia","author":"hoymercedes","date":"29 diciembre, 2017","format":false,"excerpt":"Por Susana Spano -\u00a0El Rotary Club de Mercedes despidi\u00f3 el a\u00f1o con una cena\u00a0 en la que, adem\u00e1s, realiz\u00f3 una importante donaci\u00f3n para el Hogar \u201cDivina Providencia\u201d de Mercedes. Con motivo de la finalizaci\u00f3n del a\u00f1o, las autoridades de esta importante instituci\u00f3n mercedina aprovecharon el evento para reunirse en una\u2026","rel":"","context":"En \u00abSociedad\u00bb","block_context":{"text":"Sociedad","link":"https:\/\/www.hoymercedes.com.ar\/principal\/category\/sociedad\/"},"img":{"alt_text":"","src":"https:\/\/i0.wp.com\/www.hoymercedes.com.ar\/principal\/wp-content\/uploads\/2017\/12\/29-rotary-mercedes-2.jpeg?resize=350%2C200&ssl=1","width":350,"height":200,"srcset":"https:\/\/i0.wp.com\/www.hoymercedes.com.ar\/principal\/wp-content\/uploads\/2017\/12\/29-rotary-mercedes-2.jpeg?resize=350%2C200&ssl=1 1x, https:\/\/i0.wp.com\/www.hoymercedes.com.ar\/principal\/wp-content\/uploads\/2017\/12\/29-rotary-mercedes-2.jpeg?resize=525%2C300&ssl=1 1.5x, https:\/\/i0.wp.com\/www.hoymercedes.com.ar\/principal\/wp-content\/uploads\/2017\/12\/29-rotary-mercedes-2.jpeg?resize=700%2C400&ssl=1 2x"},"classes":[]},{"id":88593,"url":"https:\/\/www.hoymercedes.com.ar\/principal\/2019\/02\/23\/los-dos-rotary-locales-celebran-los-114-anos-de-la-institucion-internacional\/","url_meta":{"origin":76322,"position":4},"title":"Los dos Rotary locales celebran los 114 a\u00f1os de la instituci\u00f3n internacional","author":"hoymercedes","date":"23 febrero, 2019","format":false,"excerpt":"Este s\u00e1bado 23 de febrero se cumplen 114 a\u00f1os de la fundaci\u00f3n de Rotary International. El Rotary Club Mercedes y el Rotary Club Bulevar 40 tambi\u00e9n de nuestra ciudad, celebran el d\u00eda del rotario mercedino. Fue en la ciudad de Chicago en 1905 y fue Paul Harris quien dio el\u2026","rel":"","context":"En \u00abSociedad\u00bb","block_context":{"text":"Sociedad","link":"https:\/\/www.hoymercedes.com.ar\/principal\/category\/sociedad\/"},"img":{"alt_text":"","src":"https:\/\/i0.wp.com\/www.hoymercedes.com.ar\/principal\/wp-content\/uploads\/2019\/02\/23-logo-rotary.jpg?resize=350%2C200&ssl=1","width":350,"height":200,"srcset":"https:\/\/i0.wp.com\/www.hoymercedes.com.ar\/principal\/wp-content\/uploads\/2019\/02\/23-logo-rotary.jpg?resize=350%2C200&ssl=1 1x, https:\/\/i0.wp.com\/www.hoymercedes.com.ar\/principal\/wp-content\/uploads\/2019\/02\/23-logo-rotary.jpg?resize=525%2C300&ssl=1 1.5x, https:\/\/i0.wp.com\/www.hoymercedes.com.ar\/principal\/wp-content\/uploads\/2019\/02\/23-logo-rotary.jpg?resize=700%2C400&ssl=1 2x"},"classes":[]},{"id":30178,"url":"https:\/\/www.hoymercedes.com.ar\/principal\/2014\/02\/22\/rotary-club-conmemora-su-109-aniversario\/","url_meta":{"origin":76322,"position":5},"title":"Rotary Club conmemora su 109 aniversario","author":"hoymercedes","date":"22 febrero, 2014","format":false,"excerpt":"El d\u00eda Domingo 23 se celebra el 109 aniversario de la fundaci\u00f3n de Rotary\u00a0International y D\u00eda del Rotario de Mercedes, nuestra instituci\u00f3n con\u00a0presencia en m\u00e1s de 160 pa\u00edses y compuesta por 34.558 clubes que albergan a\u00a0m\u00e1s de 1220.000 festejamos la plena vigencia de nuestra instituci\u00f3n y la\u00a0trascendencia de su mensaje\u2026","rel":"","context":"En \u00abSociedad\u00bb","block_context":{"text":"Sociedad","link":"https:\/\/www.hoymercedes.com.ar\/principal\/category\/sociedad\/"},"img":{"alt_text":"","src":"","width":0,"height":0},"classes":[]}],"_links":{"self":[{"href":"https:\/\/www.hoymercedes.com.ar\/principal\/wp-json\/wp\/v2\/posts\/76322","targetHints":{"allow":["GET"]}}],"collection":[{"href":"https:\/\/www.hoymercedes.com.ar\/principal\/wp-json\/wp\/v2\/posts"}],"about":[{"href":"https:\/\/www.hoymercedes.com.ar\/principal\/wp-json\/wp\/v2\/types\/post"}],"author":[{"embeddable":true,"href":"https:\/\/www.hoymercedes.com.ar\/principal\/wp-json\/wp\/v2\/users\/1"}],"replies":[{"embeddable":true,"href":"https:\/\/www.hoymercedes.com.ar\/principal\/wp-json\/wp\/v2\/comments?post=76322"}],"version-history":[{"count":0,"href":"https:\/\/www.hoymercedes.com.ar\/principal\/wp-json\/wp\/v2\/posts\/76322\/revisions"}],"wp:featuredmedia":[{"embeddable":true,"href":"https:\/\/www.hoymercedes.com.ar\/principal\/wp-json\/wp\/v2\/media\/76323"}],"wp:attachment":[{"href":"https:\/\/www.hoymercedes.com.ar\/principal\/wp-json\/wp\/v2\/media?parent=76322"}],"wp:term":[{"taxonomy":"category","embeddable":true,"href":"https:\/\/www.hoymercedes.com.ar\/principal\/wp-json\/wp\/v2\/categories?post=76322"},{"taxonomy":"post_tag","embeddable":true,"href":"https:\/\/www.hoymercedes.com.ar\/principal\/wp-json\/wp\/v2\/tags?post=76322"}],"curies":[{"name":"wp","href":"https:\/\/api.w.org\/{rel}","templated":true}]}}