{"id":7633,"date":"2011-09-24T21:59:25","date_gmt":"2011-09-24T21:59:25","guid":{"rendered":"http:\/\/www.hoymercedes.com.ar\/principal\/?p=7633"},"modified":"2011-09-24T21:59:25","modified_gmt":"2011-09-24T21:59:25","slug":"internos-catolicos-presentaron-la-resurreccion-la-iglesia-y-la-virgen-maria","status":"publish","type":"post","link":"https:\/\/www.hoymercedes.com.ar\/principal\/2011\/09\/24\/internos-catolicos-presentaron-la-resurreccion-la-iglesia-y-la-virgen-maria\/","title":{"rendered":"Internos cat\u00f3licos presentaron la resurrecci\u00f3n, la iglesia y la Virgen Mar\u00eda"},"content":{"rendered":"<p><a href=\"https:\/\/www.hoymercedes.com.ar\/principal\/wp-content\/uploads\/2011\/09\/Teatro-Internos-Cat\u00f3licos-Unidad5.jpg\"><img loading=\"lazy\" decoding=\"async\" data-attachment-id=\"7635\" data-permalink=\"https:\/\/www.hoymercedes.com.ar\/principal\/2011\/09\/24\/internos-catolicos-presentaron-la-resurreccion-la-iglesia-y-la-virgen-maria\/teatro-internos-catolicos-unidad5\/#main\" data-orig-file=\"https:\/\/www.hoymercedes.com.ar\/principal\/wp-content\/uploads\/2011\/09\/Teatro-Internos-Cat\u00f3licos-Unidad5.jpg\" data-orig-size=\"608,456\" data-comments-opened=\"1\" data-image-meta=\"{&quot;aperture&quot;:&quot;3.4&quot;,&quot;credit&quot;:&quot;&quot;,&quot;camera&quot;:&quot;KODAK EASYSHARE V1003 ZOOM DIGITAL CAMERA&quot;,&quot;caption&quot;:&quot;&quot;,&quot;created_timestamp&quot;:&quot;1269872551&quot;,&quot;copyright&quot;:&quot;&quot;,&quot;focal_length&quot;:&quot;11.7&quot;,&quot;iso&quot;:&quot;80&quot;,&quot;shutter_speed&quot;:&quot;0.008&quot;,&quot;title&quot;:&quot;&quot;}\" data-image-title=\"Teatro-Internos-Cat\u00f3licos-Unidad5\" data-image-description=\"\" data-image-caption=\"\" data-large-file=\"https:\/\/www.hoymercedes.com.ar\/principal\/wp-content\/uploads\/2011\/09\/Teatro-Internos-Cat\u00f3licos-Unidad5.jpg\" class=\"aligncenter size-full wp-image-7635\" title=\"Teatro-Internos-Cat\u00f3licos-Unidad5\" src=\"https:\/\/www.hoymercedes.com.ar\/principal\/wp-content\/uploads\/2011\/09\/Teatro-Internos-Cat\u00f3licos-Unidad5.jpg\" alt=\"\" width=\"608\" height=\"456\" \/><\/a><\/p>\n<p>El jueves 22 a las 20 se llevo a cabo la presentaci\u00f3n del grupo de representaci\u00f3n religioso \u201cBeato Ceferino Namuncura\u201d integrado por internos de la Unidad 5 Mercedes, de la obra \u201cLa resurrecci\u00f3n, la Iglesia y la Virgen Mar\u00eda\u201d en la sala A del Teatro Municipal,<\/p>\n<p>El Grupo que salio en esta oportunidad estuvo compuesto por 18 integrantes y a cargo de los catequistas Susana Montenegro, Marta Varela y Hugo Salvo llevan adelante el trabajo de la Pastoral Penitenciaria.<\/p>\n<p>La obra dur\u00f3 aproximadamente una hora y media, donde hubo pasajes de la vida de Jes\u00fas, de la Virgen Mar\u00eda, de los Milagros, los Ap\u00f3stoles, ense\u00f1anzas del catecismo, de la importancia de la Iglesia y cantos referidos a los temas que van tratando, todo acompa\u00f1ado de una excelente musicalizaci\u00f2n, hermosos vestuarios confeccionados por ellos y sus catequistas.<\/p>\n<p>El final fue con la entrada de la Virgen de Lujan y de la Virgen de la Merced, representadas por dos internas con la vestimenta de cada una de las V\u00edrgenes. Fue hermosa y emotiva toda la obra.<\/p>\n","protected":false},"excerpt":{"rendered":"<p>El jueves 22 a las 20 se llevo a cabo la presentaci\u00f3n del grupo de representaci\u00f3n religioso \u201cBeato Ceferino Namuncura\u201d &#8230; <a title=\"Internos cat\u00f3licos presentaron la resurrecci\u00f3n, la iglesia y la Virgen Mar\u00eda\" class=\"read-more\" href=\"https:\/\/www.hoymercedes.com.ar\/principal\/2011\/09\/24\/internos-catolicos-presentaron-la-resurreccion-la-iglesia-y-la-virgen-maria\/\" aria-label=\"Leer m\u00e1s sobre Internos cat\u00f3licos presentaron la resurrecci\u00f3n, la iglesia y la Virgen Mar\u00eda\">Leer m\u00e1s<\/a><\/p>\n","protected":false},"author":1,"featured_media":0,"comment_status":"open","ping_status":"open","sticky":false,"template":"","format":"standard","meta":{"_monsterinsights_skip_tracking":false,"_monsterinsights_sitenote_active":false,"_monsterinsights_sitenote_note":"","_monsterinsights_sitenote_category":0,"jetpack_post_was_ever_published":false,"_jetpack_newsletter_access":"","_jetpack_dont_email_post_to_subs":false,"_jetpack_newsletter_tier_id":0,"_jetpack_memberships_contains_paywalled_content":false,"_jetpack_memberships_contains_paid_content":false,"footnotes":"","jetpack_publicize_message":"","jetpack_publicize_feature_enabled":true,"jetpack_social_post_already_shared":false,"jetpack_social_options":{"image_generator_settings":{"template":"highway","default_image_id":0,"font":"","enabled":false},"version":2},"_wpas_customize_per_network":false},"categories":[8],"tags":[1352,113],"class_list":["post-7633","post","type-post","status-publish","format-standard","hentry","category-sociedad","tag-internos-catolicos","tag-unidad-5","generate-columns","tablet-grid-50","mobile-grid-100","grid-parent","grid-50"],"jetpack_publicize_connections":[],"jetpack_featured_media_url":"","wps_subtitle":"","jetpack_sharing_enabled":true,"_links":{"self":[{"href":"https:\/\/www.hoymercedes.com.ar\/principal\/wp-json\/wp\/v2\/posts\/7633","targetHints":{"allow":["GET"]}}],"collection":[{"href":"https:\/\/www.hoymercedes.com.ar\/principal\/wp-json\/wp\/v2\/posts"}],"about":[{"href":"https:\/\/www.hoymercedes.com.ar\/principal\/wp-json\/wp\/v2\/types\/post"}],"author":[{"embeddable":true,"href":"https:\/\/www.hoymercedes.com.ar\/principal\/wp-json\/wp\/v2\/users\/1"}],"replies":[{"embeddable":true,"href":"https:\/\/www.hoymercedes.com.ar\/principal\/wp-json\/wp\/v2\/comments?post=7633"}],"version-history":[{"count":0,"href":"https:\/\/www.hoymercedes.com.ar\/principal\/wp-json\/wp\/v2\/posts\/7633\/revisions"}],"wp:attachment":[{"href":"https:\/\/www.hoymercedes.com.ar\/principal\/wp-json\/wp\/v2\/media?parent=7633"}],"wp:term":[{"taxonomy":"category","embeddable":true,"href":"https:\/\/www.hoymercedes.com.ar\/principal\/wp-json\/wp\/v2\/categories?post=7633"},{"taxonomy":"post_tag","embeddable":true,"href":"https:\/\/www.hoymercedes.com.ar\/principal\/wp-json\/wp\/v2\/tags?post=7633"}],"curies":[{"name":"wp","href":"https:\/\/api.w.org\/{rel}","templated":true}]}}