{"id":76344,"date":"2018-05-24T22:55:21","date_gmt":"2018-05-25T01:55:21","guid":{"rendered":"http:\/\/www.hoymercedes.com.ar\/principal\/?p=76344"},"modified":"2018-05-24T22:55:21","modified_gmt":"2018-05-25T01:55:21","slug":"se-espera-gran-cantidad-de-participantes-en-competencia-de-mountain-bike-en-mercedes","status":"publish","type":"post","link":"https:\/\/www.hoymercedes.com.ar\/principal\/2018\/05\/24\/se-espera-gran-cantidad-de-participantes-en-competencia-de-mountain-bike-en-mercedes\/","title":{"rendered":"Se espera gran cantidad de participantes en competencia de Mountain Bike en Mercedes"},"content":{"rendered":"<p>&nbsp;<\/p>\n<p>La municipalidad de Mercedes contin\u00faa apoyando con hechos concretos al deporte. Esta vez, el primer mandatario de nuestra ciudad, el Dr. Juan Ignacio Ustarroz, hizo entrega de un subsidio a la Comisi\u00f3n Municipal de Ciclismo, para la realizaci\u00f3n de una carrera de Mountain Bike. La misma, se llevar\u00e1 a cabo en el parque Municipal de nuestra ciudad. \u201cQueremos felicitar a la comisi\u00f3n de ciclismo por el esfuerzo y el trabajo que vienen realizando. Creemos que el deporte es lo que crea lazos, forma un ambiente saludable y genera una sociedad mejor\u201d expres\u00f3 el Dr. Ustarroz.<\/p>\n<p>Conjuntamente, declar\u00f3: \u201cEntendemos que la pr\u00e1ctica del deporte por si misma amerita la inversi\u00f3n del Estado\u201d y agreg\u00f3 \u201ccreemos que este tipo de eventos deportivos son importante para\u00a0 Mercedes, ya que concurrir\u00e1n deportistas de otras ciudades, ocasi\u00f3n que seguramente ser\u00e1 aprovechada para conocer y disfrutar de nuestra ciudad\u201d.<\/p>\n<p>Por otro lado, el primer mandatario, manifest\u00f3 \u201cla Comisi\u00f3n Municipal de Ciclismo trabaja bien y mucho, nosotros a trav\u00e9s del Estado lo que hacemos es contribuir en la medida de nuestras posibilidades con aportes econ\u00f3micos, para que estos emprendimientos se sustenten y puedan llevarse a cabo\u201d.<\/p>\n<p>El Director de Deportes, Mart\u00edn Silvestre, explic\u00f3: \u201cDavid Fresnes, Presidente de Comisi\u00f3n Municipal de Ciclismo y Juan Dagnino, integrante de la comisi\u00f3n nos presentaron el proyecto de realizar una carrera importante de mountain bike\u201d y agreg\u00f3 \u201ca partir de este pedido comenzamos a trabajar y preparar esta competici\u00f3n que no presenta antecedentes en nuestra ciudad\u201d.<\/p>\n<p>Adem\u00e1s, destac\u00f3 \u201cel trabajo que viene realizando la comisi\u00f3n es muy importante para el ciclismo y la fomentaci\u00f3n de ese deporte\u201d y agreg\u00f3 \u201ceste a\u00f1o, a trav\u00e9s de la Direcci\u00f3n de Deporte, hemos generado una escuela municipal de ciclismo en conjunto con la Comisi\u00f3n de Ciclismo Municipal\u201d.<\/p>\n<p>\u201cLa carrera que se correr\u00e1 ma\u00f1ana es el resultado de este muy buen trabajo que venimos realizando en conjunto\u201d subray\u00f3 el Director de Deportes.<\/p>\n<p>David Fresnes, Presidente de la Comisi\u00f3n Municipal de Ciclismo, destac\u00f3: \u201cAnte todo quiero gradecer al Municipio por la ayuda, que para nosotros es m\u00e1s que importante\u201d y resalt\u00f3 \u201csin este aporte hubiera sido imposible llevar a cabo esta carrera\u201d.<\/p>\n<p>\u201cQueremos invitar a toda la gente de Mercedes que se quiera acercar al parque, a participar o ver, ser\u00e1 un evento antes nunca visto en nuestra ciudad\u201d destac\u00f3 el Presidente de la Comisi\u00f3n Municipal de Ciclismo.<\/p>\n<p>Esta competencia contar\u00e1 con 22 categor\u00edas, es la primera vez que se cuenta con tantas categor\u00edas. Se esperan m\u00e1s de 400 competidores, existe una preinscripci\u00f3n de m\u00e1s de 200 corredores. Hay muchos campeones argentinos confirmados, cada uno en su categor\u00eda. A las 11:00 de la ma\u00f1ana est\u00e1 programada la largada. De todas maneras, quienes quieran anotarse, lo podr\u00e1n hacer a partir de las 09:00 en el parque Municipal.<\/p>\n<p>&nbsp;<\/p>\n<p><span style=\"color: #808080;\">Fuente: Municipio<\/span><\/p>\n","protected":false},"excerpt":{"rendered":"<p>&nbsp; La municipalidad de Mercedes contin\u00faa apoyando con hechos concretos al deporte. Esta vez, el primer mandatario de nuestra ciudad, &#8230; <a title=\"Se espera gran cantidad de participantes en competencia de Mountain Bike en Mercedes\" class=\"read-more\" href=\"https:\/\/www.hoymercedes.com.ar\/principal\/2018\/05\/24\/se-espera-gran-cantidad-de-participantes-en-competencia-de-mountain-bike-en-mercedes\/\" aria-label=\"Leer m\u00e1s sobre Se espera gran cantidad de participantes en competencia de Mountain Bike en Mercedes\">Leer m\u00e1s<\/a><\/p>\n","protected":false},"author":1,"featured_media":76345,"comment_status":"closed","ping_status":"open","sticky":false,"template":"","format":"standard","meta":{"_monsterinsights_skip_tracking":false,"_monsterinsights_sitenote_active":false,"_monsterinsights_sitenote_note":"","_monsterinsights_sitenote_category":0,"jetpack_post_was_ever_published":false,"_jetpack_newsletter_access":"","_jetpack_dont_email_post_to_subs":false,"_jetpack_newsletter_tier_id":0,"_jetpack_memberships_contains_paywalled_content":false,"_jetpack_memberships_contains_paid_content":false,"footnotes":"","jetpack_publicize_message":"","jetpack_publicize_feature_enabled":true,"jetpack_social_post_already_shared":true,"jetpack_social_options":{"image_generator_settings":{"template":"highway","default_image_id":0,"font":"","enabled":false},"version":2},"_wpas_customize_per_network":false},"categories":[21],"tags":[13170],"class_list":["post-76344","post","type-post","status-publish","format-standard","has-post-thumbnail","hentry","category-deportes","tag-carrera-mountan-bike","generate-columns","tablet-grid-50","mobile-grid-100","grid-parent","grid-50"],"jetpack_publicize_connections":[],"jetpack_featured_media_url":"https:\/\/www.hoymercedes.com.ar\/principal\/wp-content\/uploads\/2018\/05\/mbike.jpg","wps_subtitle":"","jetpack_sharing_enabled":true,"jetpack-related-posts":[{"id":123041,"url":"https:\/\/www.hoymercedes.com.ar\/principal\/2021\/01\/08\/entregan-subsidio-a-la-comision-de-ciclismo\/","url_meta":{"origin":76344,"position":0},"title":"Entregan subsidio a la Comisi\u00f3n de Ciclismo","author":"hoymercedes","date":"8 enero, 2021","format":false,"excerpt":"El intendente municipal Juan Ustarroz entreg\u00f3 un subsidio a la Comisi\u00f3n Municipal de Ciclismo para la compra de bicicletas que se usar\u00e1n en actividades recreativas. Recibi\u00f3 en su despacho al presidente de la Comisi\u00f3n Municipal de Ciclismo, David Fresnes, para entregarle un aporte de 880 mil pesos para la compra\u2026","rel":"","context":"En \u00abMunicipio\u00bb","block_context":{"text":"Municipio","link":"https:\/\/www.hoymercedes.com.ar\/principal\/category\/municipio\/"},"img":{"alt_text":"","src":"https:\/\/i0.wp.com\/www.hoymercedes.com.ar\/principal\/wp-content\/uploads\/2021\/01\/81-2.jpeg?resize=350%2C200&ssl=1","width":350,"height":200,"srcset":"https:\/\/i0.wp.com\/www.hoymercedes.com.ar\/principal\/wp-content\/uploads\/2021\/01\/81-2.jpeg?resize=350%2C200&ssl=1 1x, https:\/\/i0.wp.com\/www.hoymercedes.com.ar\/principal\/wp-content\/uploads\/2021\/01\/81-2.jpeg?resize=525%2C300&ssl=1 1.5x, https:\/\/i0.wp.com\/www.hoymercedes.com.ar\/principal\/wp-content\/uploads\/2021\/01\/81-2.jpeg?resize=700%2C400&ssl=1 2x"},"classes":[]},{"id":165475,"url":"https:\/\/www.hoymercedes.com.ar\/principal\/2023\/08\/09\/ciclismo-vuelve-el-rural-bike-a-mercedes\/","url_meta":{"origin":76344,"position":1},"title":"Ciclismo: Vuelve el Rural Bike a Mercedes","author":"hoymercedes","date":"9 agosto, 2023","format":false,"excerpt":"El pr\u00f3ximo s\u00e1bado 12 de agosto, el Parque Municipal Independencia ser\u00e1 el escenario de una nueva prueba cicl\u00edstica de Rural Bike, con la organizaci\u00f3n de la Comisi\u00f3n Municipal de Ciclismo. Para esta ocasi\u00f3n, el circuito que se utilizar\u00e1 ser\u00e1 en las inmediaciones del propio parque, alcanzado un recorrido de principio\u2026","rel":"","context":"En \u00abDeportes\u00bb","block_context":{"text":"Deportes","link":"https:\/\/www.hoymercedes.com.ar\/principal\/category\/deportes\/"},"img":{"alt_text":"","src":"https:\/\/i0.wp.com\/www.hoymercedes.com.ar\/principal\/wp-content\/uploads\/2023\/08\/image-7.png?resize=350%2C200&ssl=1","width":350,"height":200,"srcset":"https:\/\/i0.wp.com\/www.hoymercedes.com.ar\/principal\/wp-content\/uploads\/2023\/08\/image-7.png?resize=350%2C200&ssl=1 1x, https:\/\/i0.wp.com\/www.hoymercedes.com.ar\/principal\/wp-content\/uploads\/2023\/08\/image-7.png?resize=525%2C300&ssl=1 1.5x"},"classes":[]},{"id":46806,"url":"https:\/\/www.hoymercedes.com.ar\/principal\/2016\/01\/11\/la-doble-bragado-llega-a-mercedes-y-sera-nuevamente-un-gran-espectaculo\/","url_meta":{"origin":76344,"position":2},"title":"La Doble Bragado llega a Mercedes y ser\u00e1 nuevamente un gran espect\u00e1culo","author":"hoymercedes","date":"11 enero, 2016","format":false,"excerpt":"Como ya es tradicional en nuestra ciudad a fines del mes de enero llega la reconocida carrera Doble Bragado. Fm La Tribuna transmitir\u00e1 en vivo la totalidad de la competencia. El intendente Juan I. Ustarroz junto al Presidente del Club Ciclista Naci\u00f3n Oscar L\u00f3pez, el Director de Deportes Juan Mart\u00edn\u2026","rel":"","context":"En \u00abDeportes\u00bb","block_context":{"text":"Deportes","link":"https:\/\/www.hoymercedes.com.ar\/principal\/category\/deportes\/"},"img":{"alt_text":"","src":"https:\/\/i0.wp.com\/www.hoymercedes.com.ar\/principal\/wp-content\/uploads\/2016\/01\/presentaci%C3%B3n-doble-bragado-2016.jpg?resize=350%2C200&ssl=1","width":350,"height":200,"srcset":"https:\/\/i0.wp.com\/www.hoymercedes.com.ar\/principal\/wp-content\/uploads\/2016\/01\/presentaci%C3%B3n-doble-bragado-2016.jpg?resize=350%2C200&ssl=1 1x, https:\/\/i0.wp.com\/www.hoymercedes.com.ar\/principal\/wp-content\/uploads\/2016\/01\/presentaci%C3%B3n-doble-bragado-2016.jpg?resize=525%2C300&ssl=1 1.5x"},"classes":[]},{"id":163853,"url":"https:\/\/www.hoymercedes.com.ar\/principal\/2023\/06\/26\/ciclismo-el-rural-bike-volvio-a-mercedes\/","url_meta":{"origin":76344,"position":3},"title":"Ciclismo: El rural bike volvi\u00f3 a Mercedes","author":"hoymercedes","date":"26 junio, 2023","format":false,"excerpt":"Se realiz\u00f3 una nueva prueba para las ruedas gordas sobre un trazado de 40 kil\u00f3metros. Cerca de 60 bikers se hicieron presentes en el circuito del Parque para formar parte de la carrera. El s\u00e1bado por la tarde se llev\u00f3 a cabo una nueva prueba de Rural Bike organizada por\u2026","rel":"","context":"En \u00abDeportes\u00bb","block_context":{"text":"Deportes","link":"https:\/\/www.hoymercedes.com.ar\/principal\/category\/deportes\/"},"img":{"alt_text":"","src":"https:\/\/i0.wp.com\/www.hoymercedes.com.ar\/principal\/wp-content\/uploads\/2023\/06\/bike-26060-e1687806350671.jpg?resize=350%2C200&ssl=1","width":350,"height":200,"srcset":"https:\/\/i0.wp.com\/www.hoymercedes.com.ar\/principal\/wp-content\/uploads\/2023\/06\/bike-26060-e1687806350671.jpg?resize=350%2C200&ssl=1 1x, https:\/\/i0.wp.com\/www.hoymercedes.com.ar\/principal\/wp-content\/uploads\/2023\/06\/bike-26060-e1687806350671.jpg?resize=525%2C300&ssl=1 1.5x, https:\/\/i0.wp.com\/www.hoymercedes.com.ar\/principal\/wp-content\/uploads\/2023\/06\/bike-26060-e1687806350671.jpg?resize=700%2C400&ssl=1 2x"},"classes":[]},{"id":140284,"url":"https:\/\/www.hoymercedes.com.ar\/principal\/2021\/11\/19\/holanda-y-velez-se-suman-como-sede-del-programa-mercedes-aprende-unida\/","url_meta":{"origin":76344,"position":4},"title":"Holanda y V\u00e9lez se suman como sede del programa \u201cMercedes Aprende Unida\u201d","author":"hoymercedes","date":"19 noviembre, 2021","format":false,"excerpt":"Bajo el marco del programa municipal \u201cMercedes Aprende Unida\u201d se firmaron convenios con el Club V\u00e9lez y Holanda para desarrollar el mismo en ambas instituciones. De esta manera, desde el Palacio Municipal, mediante la firma del intendente Juan Ignacio Ustarroz, se oficializ\u00f3 esta acci\u00f3n que se llevar\u00e1 adelante los d\u00edas\u2026","rel":"","context":"En \u00abEducaci\u00f3n\u00bb","block_context":{"text":"Educaci\u00f3n","link":"https:\/\/www.hoymercedes.com.ar\/principal\/category\/educacion\/"},"img":{"alt_text":"","src":"https:\/\/i0.wp.com\/www.hoymercedes.com.ar\/principal\/wp-content\/uploads\/2021\/11\/DSC_0467-copia-scaled.jpg?resize=350%2C200&ssl=1","width":350,"height":200,"srcset":"https:\/\/i0.wp.com\/www.hoymercedes.com.ar\/principal\/wp-content\/uploads\/2021\/11\/DSC_0467-copia-scaled.jpg?resize=350%2C200&ssl=1 1x, https:\/\/i0.wp.com\/www.hoymercedes.com.ar\/principal\/wp-content\/uploads\/2021\/11\/DSC_0467-copia-scaled.jpg?resize=525%2C300&ssl=1 1.5x, https:\/\/i0.wp.com\/www.hoymercedes.com.ar\/principal\/wp-content\/uploads\/2021\/11\/DSC_0467-copia-scaled.jpg?resize=700%2C400&ssl=1 2x, https:\/\/i0.wp.com\/www.hoymercedes.com.ar\/principal\/wp-content\/uploads\/2021\/11\/DSC_0467-copia-scaled.jpg?resize=1050%2C600&ssl=1 3x, https:\/\/i0.wp.com\/www.hoymercedes.com.ar\/principal\/wp-content\/uploads\/2021\/11\/DSC_0467-copia-scaled.jpg?resize=1400%2C800&ssl=1 4x"},"classes":[]},{"id":101681,"url":"https:\/\/www.hoymercedes.com.ar\/principal\/2019\/10\/23\/avanza-la-primera-cancha-de-hockey-sintetico-realizada-entre-ateneo-y-el-municipio\/","url_meta":{"origin":76344,"position":5},"title":"Avanza la primera cancha de hockey sint\u00e9tico realizada entre Ateneo y el Municipio","author":"hoymercedes","date":"23 octubre, 2019","format":false,"excerpt":"Preparaci\u00f3n del terreno El Municipio de Mercedes contin\u00faa trabajando de manera mancomunada con las diferentes instituciones, y en este caso en post de una actividad deportiva que viene creciendo a\u00f1o a a\u00f1o, como lo es el hockey. De esta manera, se est\u00e1 realizando la primera cancha de c\u00e9sped sint\u00e9tico en\u2026","rel":"","context":"En \u00abDeportes\u00bb","block_context":{"text":"Deportes","link":"https:\/\/www.hoymercedes.com.ar\/principal\/category\/deportes\/"},"img":{"alt_text":"","src":"https:\/\/i0.wp.com\/www.hoymercedes.com.ar\/principal\/wp-content\/uploads\/2019\/10\/Ateneo1.jpeg?resize=350%2C200&ssl=1","width":350,"height":200,"srcset":"https:\/\/i0.wp.com\/www.hoymercedes.com.ar\/principal\/wp-content\/uploads\/2019\/10\/Ateneo1.jpeg?resize=350%2C200&ssl=1 1x, https:\/\/i0.wp.com\/www.hoymercedes.com.ar\/principal\/wp-content\/uploads\/2019\/10\/Ateneo1.jpeg?resize=525%2C300&ssl=1 1.5x"},"classes":[]}],"_links":{"self":[{"href":"https:\/\/www.hoymercedes.com.ar\/principal\/wp-json\/wp\/v2\/posts\/76344","targetHints":{"allow":["GET"]}}],"collection":[{"href":"https:\/\/www.hoymercedes.com.ar\/principal\/wp-json\/wp\/v2\/posts"}],"about":[{"href":"https:\/\/www.hoymercedes.com.ar\/principal\/wp-json\/wp\/v2\/types\/post"}],"author":[{"embeddable":true,"href":"https:\/\/www.hoymercedes.com.ar\/principal\/wp-json\/wp\/v2\/users\/1"}],"replies":[{"embeddable":true,"href":"https:\/\/www.hoymercedes.com.ar\/principal\/wp-json\/wp\/v2\/comments?post=76344"}],"version-history":[{"count":0,"href":"https:\/\/www.hoymercedes.com.ar\/principal\/wp-json\/wp\/v2\/posts\/76344\/revisions"}],"wp:featuredmedia":[{"embeddable":true,"href":"https:\/\/www.hoymercedes.com.ar\/principal\/wp-json\/wp\/v2\/media\/76345"}],"wp:attachment":[{"href":"https:\/\/www.hoymercedes.com.ar\/principal\/wp-json\/wp\/v2\/media?parent=76344"}],"wp:term":[{"taxonomy":"category","embeddable":true,"href":"https:\/\/www.hoymercedes.com.ar\/principal\/wp-json\/wp\/v2\/categories?post=76344"},{"taxonomy":"post_tag","embeddable":true,"href":"https:\/\/www.hoymercedes.com.ar\/principal\/wp-json\/wp\/v2\/tags?post=76344"}],"curies":[{"name":"wp","href":"https:\/\/api.w.org\/{rel}","templated":true}]}}