{"id":76350,"date":"2018-05-25T10:10:07","date_gmt":"2018-05-25T13:10:07","guid":{"rendered":"http:\/\/www.hoymercedes.com.ar\/principal\/?p=76350"},"modified":"2018-05-25T09:35:09","modified_gmt":"2018-05-25T12:35:09","slug":"selva-hacen-oidos-sordos-a-reclamos-de-los-mas-vulnerables","status":"publish","type":"post","link":"https:\/\/www.hoymercedes.com.ar\/principal\/2018\/05\/25\/selva-hacen-oidos-sordos-a-reclamos-de-los-mas-vulnerables\/","title":{"rendered":"Selva: \u201cHacen o\u00eddos sordos a reclamos de los m\u00e1s vulnerables\u201d"},"content":{"rendered":"<p><strong><em>El Diputado Nacional Carlos Selva destac\u00f3 \u201cinsensibilidad\u201d del Gobierno. El referente del Frente Renovador, fue parte del recibimiento a organizaciones sociales para respaldar Marcha Federal por Pan y Trabajo que comenzar\u00e1 el 28 de mayo y finalizar\u00e1 el 1 de junio frente al Congreso. La columna principal partir\u00e1 el lunes desde La Quiaca.\u00a0<\/em><\/strong><\/p>\n<p><img loading=\"lazy\" decoding=\"async\" data-attachment-id=\"76351\" data-permalink=\"https:\/\/www.hoymercedes.com.ar\/principal\/2018\/05\/25\/selva-hacen-oidos-sordos-a-reclamos-de-los-mas-vulnerables\/25-selva-pptsa\/#main\" data-orig-file=\"https:\/\/www.hoymercedes.com.ar\/principal\/wp-content\/uploads\/2018\/05\/25-Selva-PPTSA.jpg\" data-orig-size=\"750,454\" data-comments-opened=\"0\" data-image-meta=\"{&quot;aperture&quot;:&quot;0&quot;,&quot;credit&quot;:&quot;&quot;,&quot;camera&quot;:&quot;&quot;,&quot;caption&quot;:&quot;&quot;,&quot;created_timestamp&quot;:&quot;0&quot;,&quot;copyright&quot;:&quot;&quot;,&quot;focal_length&quot;:&quot;0&quot;,&quot;iso&quot;:&quot;0&quot;,&quot;shutter_speed&quot;:&quot;0&quot;,&quot;title&quot;:&quot;&quot;,&quot;orientation&quot;:&quot;0&quot;}\" data-image-title=\"25 Selva PPTSA\" data-image-description=\"\" data-image-caption=\"\" data-large-file=\"https:\/\/www.hoymercedes.com.ar\/principal\/wp-content\/uploads\/2018\/05\/25-Selva-PPTSA.jpg\" class=\"aligncenter size-medium wp-image-76351\" src=\"https:\/\/www.hoymercedes.com.ar\/principal\/wp-content\/uploads\/2018\/05\/25-Selva-PPTSA-630x381.jpg\" alt=\"\" width=\"630\" height=\"381\" srcset=\"https:\/\/www.hoymercedes.com.ar\/principal\/wp-content\/uploads\/2018\/05\/25-Selva-PPTSA-630x381.jpg 630w, https:\/\/www.hoymercedes.com.ar\/principal\/wp-content\/uploads\/2018\/05\/25-Selva-PPTSA-150x91.jpg 150w, https:\/\/www.hoymercedes.com.ar\/principal\/wp-content\/uploads\/2018\/05\/25-Selva-PPTSA.jpg 750w\" sizes=\"auto, (max-width: 630px) 100vw, 630px\" \/><\/p>\n<p>El d\u00eda mi\u00e9rcoles en el Congreso, junto a la CGT, agrupaciones gremiales y sindicales, y otros legisladores nacionales, el diputado Carlos Selva fue parte del recibimiento a organizaciones sociales para respaldar la Marcha Federal por Pan y Trabajo que comenzar\u00e1 el 28 de mayo y finalizar\u00e1 el 1\u00ba de junio frente al Congreso. \u201cNos comprometimos a convertir en Ley los cinco proyectos que presentaron, que tienen que ver con la declaraci\u00f3n de la emergencia alimentaria, el fomento de la agricultura familiar para el acceso a la tierra, la declaraci\u00f3n de emergencia frente al narcotr\u00e1fico y la integraci\u00f3n urbana e infraestructura social como mecanismos de movilidad social ascendente\u201d, dijo Selva.<\/p>\n<p>\u201cDesde los movimientos populares hace tiempo que vienen trabajando en distintas problem\u00e1ticas que hoy se ven acentuadas ante la cada vez m\u00e1s dif\u00edcil situaci\u00f3n econ\u00f3mica y la insensibilidad de un Gobierno que hace o\u00eddos sordos a los reclamos de los sectores m\u00e1s vulnerables\u201d, opin\u00f3 el diputado del Frente Renovador.<\/p>\n<p>\u201cEstamos ante un Gobierno cada vez m\u00e1s economicista, que deja fuera de los n\u00fameros a la problem\u00e1tica social, y desde nuestro rol de legisladores nos comprometemos con este tipo de iniciativas que tienden a visibilizar y buscar una soluci\u00f3n a nada m\u00e1s, y nada menos, que a la dif\u00edcil realidad social que atraviesan miles de argentinos\u201d, afirm\u00f3 el diputado.<\/p>\n<p>Movimientos sociales lanzaron en el Congreso la Marcha Federal este mi\u00e9rcoles junto a legisladores, gremialistas y representantes de la Iglesia.<\/p>\n<p>Con un encuentro en el Anexo de la C\u00e1mara de Diputados de la Naci\u00f3n, la Ctep, la Corriente Clasista Combativa, Barrios de Pie y otras organizaciones, lanzaron la Marcha Federal que se desarrollar\u00e1 del 28 de mayo al 1 de junio y recorrer\u00e1 todo el pa\u00eds para confluir en Plaza de Mayo.<\/p>\n<p>El encuentro fue encabezado por los diputados nacionales Leonardo Grosso y Victoria Donda y cont\u00f3 con la presencia de Gildo Onorato (Ctep), Estaban \u201cGringo\u201d Castro (Secretario General de Ctep), Daniel Menendez (Barrios de Pie), Freddy Mari\u00f1o (CCC), los diputados Eduardo \u201cWado\u201d de Pedro, Felipe Sola, Daniela Arroyo, Lucila De Ponti, Carlos Selva, Araceli Ferreyra y Silvia Horne, y Silvina Frana, Juan Carlos Schmid (CGT), Hugo \u201cCachorro\u201d Godoy (CTA Aut\u00f3noma) y Fernando Maletti (Obispo Merlo-Moreno).<\/p>\n<p>La columna principal de la marcha partir\u00e1 el lunes desde La Quiaca, provincia de Jujuy.<\/p>\n<p>Fuente: Web Carlos Selva<\/p>\n","protected":false},"excerpt":{"rendered":"<p>El Diputado Nacional Carlos Selva destac\u00f3 \u201cinsensibilidad\u201d del Gobierno. El referente del Frente Renovador, fue parte del recibimiento a organizaciones &#8230; <a title=\"Selva: \u201cHacen o\u00eddos sordos a reclamos de los m\u00e1s vulnerables\u201d\" class=\"read-more\" href=\"https:\/\/www.hoymercedes.com.ar\/principal\/2018\/05\/25\/selva-hacen-oidos-sordos-a-reclamos-de-los-mas-vulnerables\/\" aria-label=\"Leer m\u00e1s sobre Selva: \u201cHacen o\u00eddos sordos a reclamos de los m\u00e1s vulnerables\u201d\">Leer m\u00e1s<\/a><\/p>\n","protected":false},"author":1,"featured_media":76351,"comment_status":"closed","ping_status":"open","sticky":false,"template":"","format":"standard","meta":{"_monsterinsights_skip_tracking":false,"_monsterinsights_sitenote_active":false,"_monsterinsights_sitenote_note":"","_monsterinsights_sitenote_category":0,"jetpack_post_was_ever_published":false,"_jetpack_newsletter_access":"","_jetpack_dont_email_post_to_subs":false,"_jetpack_newsletter_tier_id":0,"_jetpack_memberships_contains_paywalled_content":false,"_jetpack_memberships_contains_paid_content":false,"footnotes":"","jetpack_publicize_message":"","jetpack_publicize_feature_enabled":true,"jetpack_social_post_already_shared":true,"jetpack_social_options":{"image_generator_settings":{"template":"highway","default_image_id":0,"font":"","enabled":false},"version":2},"_wpas_customize_per_network":false},"categories":[5210],"tags":[39,10682,7500,3537,10113],"class_list":["post-76350","post","type-post","status-publish","format-standard","has-post-thumbnail","hentry","category-politica-nacional","tag-carlos-selva","tag-congreso","tag-diputado-nacional","tag-frente-renovador","tag-politica-nacional","generate-columns","tablet-grid-50","mobile-grid-100","grid-parent","grid-50"],"jetpack_publicize_connections":[],"jetpack_featured_media_url":"https:\/\/www.hoymercedes.com.ar\/principal\/wp-content\/uploads\/2018\/05\/25-Selva-PPTSA.jpg","wps_subtitle":"Reuni\u00f3n con movimientos sociales","jetpack_sharing_enabled":true,"jetpack-related-posts":[{"id":85279,"url":"https:\/\/www.hoymercedes.com.ar\/principal\/2018\/12\/11\/selva-coordino-el-congreso-del-frente-renovador-anticipando-la-alternativa-federal\/","url_meta":{"origin":76350,"position":0},"title":"Selva coordin\u00f3 el Congreso del Frente Renovador anticipando la Alternativa Federal","author":"hoymercedes","date":"11 diciembre, 2018","format":false,"excerpt":"En la jornada del lunes,el Frente Renovador realiz\u00f3 en la localidad de San Mart\u00edn, el Congreso Nacional. Un evento que reuni\u00f3 a los principales referentes del massismo y que coordin\u00f3 el Diputado Nacional y ex Intendente de Mercedes, Carlos Selva.Anticiparon lo que ser\u00e1 la presentaci\u00f3n de Alternativa Federal con un\u2026","rel":"","context":"En \u00abPol\u00edtica Nacional\u00bb","block_context":{"text":"Pol\u00edtica Nacional","link":"https:\/\/www.hoymercedes.com.ar\/principal\/category\/politica-nacional\/"},"img":{"alt_text":"","src":"https:\/\/i0.wp.com\/www.hoymercedes.com.ar\/principal\/wp-content\/uploads\/2018\/12\/11-selva-FR-2.jpg?resize=350%2C200&ssl=1","width":350,"height":200,"srcset":"https:\/\/i0.wp.com\/www.hoymercedes.com.ar\/principal\/wp-content\/uploads\/2018\/12\/11-selva-FR-2.jpg?resize=350%2C200&ssl=1 1x, https:\/\/i0.wp.com\/www.hoymercedes.com.ar\/principal\/wp-content\/uploads\/2018\/12\/11-selva-FR-2.jpg?resize=525%2C300&ssl=1 1.5x, https:\/\/i0.wp.com\/www.hoymercedes.com.ar\/principal\/wp-content\/uploads\/2018\/12\/11-selva-FR-2.jpg?resize=700%2C400&ssl=1 2x"},"classes":[]},{"id":73103,"url":"https:\/\/www.hoymercedes.com.ar\/principal\/2018\/03\/01\/carlos-selva-el-presidente-ha-aprendido-a-montar-un-show-en-sus-discursos\/","url_meta":{"origin":76350,"position":1},"title":"Carlos Selva: \u201cEl presidente ha aprendido a montar un show en sus discursos\u201d","author":"hoymercedes","date":"1 marzo, 2018","format":false,"excerpt":"El Diputado Nacional del Frente Renovador, Carlos Selva, se mostr\u00f3 muy preocupado tras la apertura de sesiones ordinarias. \u201cMauricio Macri nos vuelve a mostrar la insensibilidad que tiene\u201d, dijo. Tras el discurso de Mauricio Macri en la apertura de sesiones ordinarias en el Congreso de la Naci\u00f3n, el Diputado Nacional\u2026","rel":"","context":"En \u00abPol\u00edtica Nacional\u00bb","block_context":{"text":"Pol\u00edtica Nacional","link":"https:\/\/www.hoymercedes.com.ar\/principal\/category\/politica-nacional\/"},"img":{"alt_text":"","src":"https:\/\/i0.wp.com\/www.hoymercedes.com.ar\/principal\/wp-content\/uploads\/2018\/03\/01-congreso-Selva.jpg?resize=350%2C200&ssl=1","width":350,"height":200,"srcset":"https:\/\/i0.wp.com\/www.hoymercedes.com.ar\/principal\/wp-content\/uploads\/2018\/03\/01-congreso-Selva.jpg?resize=350%2C200&ssl=1 1x, https:\/\/i0.wp.com\/www.hoymercedes.com.ar\/principal\/wp-content\/uploads\/2018\/03\/01-congreso-Selva.jpg?resize=525%2C300&ssl=1 1.5x, https:\/\/i0.wp.com\/www.hoymercedes.com.ar\/principal\/wp-content\/uploads\/2018\/03\/01-congreso-Selva.jpg?resize=700%2C400&ssl=1 2x"},"classes":[]},{"id":73627,"url":"https:\/\/www.hoymercedes.com.ar\/principal\/2018\/03\/19\/congreso-del-pj-bonaerense-diputado-carlos-selva-destaco-la-voluntad-de-unidad\/","url_meta":{"origin":76350,"position":2},"title":"Congreso del PJ bonaerense: diputado Carlos Selva destac\u00f3 la \u201cvoluntad de unidad\u201d","author":"hoymercedes","date":"19 marzo, 2018","format":false,"excerpt":"Se llev\u00f3 adelante en Hurlingham, este s\u00e1bado. \u201cSe ha dado un paso fuerte, firme, en serio, no es un amontonamiento, hay claros conceptos vertidos que coinciden con lo que pensamos todos\u201d, dijo Carlos Selva, Presidente del Partido Justicialista de Mercedes. https:\/\/youtu.be\/ou5hoGLteyU Uno de los que fue parte del congreso del\u2026","rel":"","context":"En \u00abPol\u00edtica Nacional\u00bb","block_context":{"text":"Pol\u00edtica Nacional","link":"https:\/\/www.hoymercedes.com.ar\/principal\/category\/politica-nacional\/"},"img":{"alt_text":"","src":"https:\/\/i0.wp.com\/www.hoymercedes.com.ar\/principal\/wp-content\/uploads\/2017\/07\/28-selva.jpg?resize=350%2C200&ssl=1","width":350,"height":200,"srcset":"https:\/\/i0.wp.com\/www.hoymercedes.com.ar\/principal\/wp-content\/uploads\/2017\/07\/28-selva.jpg?resize=350%2C200&ssl=1 1x, https:\/\/i0.wp.com\/www.hoymercedes.com.ar\/principal\/wp-content\/uploads\/2017\/07\/28-selva.jpg?resize=525%2C300&ssl=1 1.5x"},"classes":[]},{"id":74760,"url":"https:\/\/www.hoymercedes.com.ar\/principal\/2018\/04\/19\/selva-presenta-en-el-congreso-el-reclamo-del-transporte-fluvial\/","url_meta":{"origin":76350,"position":3},"title":"Selva presenta en el Congreso el reclamo del transporte fluvial","author":"hoymercedes","date":"19 abril, 2018","format":false,"excerpt":"El diputado nacional del Frente Renovador se reuni\u00f3 junto a su par Adri\u00e1n Grana (Frente para la Victoria) con el intendente de Tigre, Julio Zamora. Piden que se incluya al transporte fluvial en el acceso a subsidios y el sistema SUBE. D\u00edas atr\u00e1s, el diputado nacional Carlos Selva se reuni\u00f3\u2026","rel":"","context":"En \u00abPol\u00edtica Nacional\u00bb","block_context":{"text":"Pol\u00edtica Nacional","link":"https:\/\/www.hoymercedes.com.ar\/principal\/category\/politica-nacional\/"},"img":{"alt_text":"","src":"https:\/\/i0.wp.com\/www.hoymercedes.com.ar\/principal\/wp-content\/uploads\/2018\/04\/19-selvaTF01.jpg?resize=350%2C200&ssl=1","width":350,"height":200,"srcset":"https:\/\/i0.wp.com\/www.hoymercedes.com.ar\/principal\/wp-content\/uploads\/2018\/04\/19-selvaTF01.jpg?resize=350%2C200&ssl=1 1x, https:\/\/i0.wp.com\/www.hoymercedes.com.ar\/principal\/wp-content\/uploads\/2018\/04\/19-selvaTF01.jpg?resize=525%2C300&ssl=1 1.5x, https:\/\/i0.wp.com\/www.hoymercedes.com.ar\/principal\/wp-content\/uploads\/2018\/04\/19-selvaTF01.jpg?resize=700%2C400&ssl=1 2x"},"classes":[]},{"id":75576,"url":"https:\/\/www.hoymercedes.com.ar\/principal\/2018\/05\/10\/apoyo-del-frente-renovador-al-reclamo-de-los-bancarios\/","url_meta":{"origin":76350,"position":4},"title":"Apoyo del Frente Renovador al reclamo de los bancarios","author":"hoymercedes","date":"10 mayo, 2018","format":false,"excerpt":"El diputado Carlos Selva junto a otros de sus pares como Marcela Passo, Graciela Cama\u00f1o, Cecilia Moreau y Norberto Abel Aguiar, recibieron a representantes gremiales de La Bancaria de distintas seccionales. \u201cPudimos escucharlos sobre lo que implica para ellos la reforma a la Caja de Jubilaciones a ra\u00edz de la\u2026","rel":"","context":"En \u00abPol\u00edtica Nacional\u00bb","block_context":{"text":"Pol\u00edtica Nacional","link":"https:\/\/www.hoymercedes.com.ar\/principal\/category\/politica-nacional\/"},"img":{"alt_text":"","src":"https:\/\/i0.wp.com\/www.hoymercedes.com.ar\/principal\/wp-content\/uploads\/2018\/05\/09-lacaja_selva.jpg?resize=350%2C200&ssl=1","width":350,"height":200,"srcset":"https:\/\/i0.wp.com\/www.hoymercedes.com.ar\/principal\/wp-content\/uploads\/2018\/05\/09-lacaja_selva.jpg?resize=350%2C200&ssl=1 1x, https:\/\/i0.wp.com\/www.hoymercedes.com.ar\/principal\/wp-content\/uploads\/2018\/05\/09-lacaja_selva.jpg?resize=525%2C300&ssl=1 1.5x, https:\/\/i0.wp.com\/www.hoymercedes.com.ar\/principal\/wp-content\/uploads\/2018\/05\/09-lacaja_selva.jpg?resize=700%2C400&ssl=1 2x"},"classes":[]},{"id":141081,"url":"https:\/\/www.hoymercedes.com.ar\/principal\/2021\/12\/06\/selva-fue-parte-del-encuentro-del-frente-renovador\/","url_meta":{"origin":76350,"position":5},"title":"Selva fue parte del encuentro del Frente Renovador","author":"hoymercedes","date":"6 diciembre, 2021","format":false,"excerpt":"El Frente Renovador que comanda\u00a0Sergio Massa\u00a0reuni\u00f3 a su mesa provincial de intendentes y diputados, y entre los convocados estuvo el mercedino\u00a0Carlos Selva. El \"c\u00f3nclave\" tuvo lugar este fin de semana. El l\u00edder del espacio, Sergio Massa, convoc\u00f3 a sus referentes bonaerenses con el objetivo de sentar posiciones para los pr\u00f3ximos\u2026","rel":"","context":"En \u00abPol\u00edtica\u00bb","block_context":{"text":"Pol\u00edtica","link":"https:\/\/www.hoymercedes.com.ar\/principal\/category\/politica\/"},"img":{"alt_text":"","src":"https:\/\/i0.wp.com\/www.hoymercedes.com.ar\/principal\/wp-content\/uploads\/2021\/12\/selva-en-FR.jpg?resize=350%2C200&ssl=1","width":350,"height":200,"srcset":"https:\/\/i0.wp.com\/www.hoymercedes.com.ar\/principal\/wp-content\/uploads\/2021\/12\/selva-en-FR.jpg?resize=350%2C200&ssl=1 1x, https:\/\/i0.wp.com\/www.hoymercedes.com.ar\/principal\/wp-content\/uploads\/2021\/12\/selva-en-FR.jpg?resize=525%2C300&ssl=1 1.5x, https:\/\/i0.wp.com\/www.hoymercedes.com.ar\/principal\/wp-content\/uploads\/2021\/12\/selva-en-FR.jpg?resize=700%2C400&ssl=1 2x"},"classes":[]}],"_links":{"self":[{"href":"https:\/\/www.hoymercedes.com.ar\/principal\/wp-json\/wp\/v2\/posts\/76350","targetHints":{"allow":["GET"]}}],"collection":[{"href":"https:\/\/www.hoymercedes.com.ar\/principal\/wp-json\/wp\/v2\/posts"}],"about":[{"href":"https:\/\/www.hoymercedes.com.ar\/principal\/wp-json\/wp\/v2\/types\/post"}],"author":[{"embeddable":true,"href":"https:\/\/www.hoymercedes.com.ar\/principal\/wp-json\/wp\/v2\/users\/1"}],"replies":[{"embeddable":true,"href":"https:\/\/www.hoymercedes.com.ar\/principal\/wp-json\/wp\/v2\/comments?post=76350"}],"version-history":[{"count":0,"href":"https:\/\/www.hoymercedes.com.ar\/principal\/wp-json\/wp\/v2\/posts\/76350\/revisions"}],"wp:featuredmedia":[{"embeddable":true,"href":"https:\/\/www.hoymercedes.com.ar\/principal\/wp-json\/wp\/v2\/media\/76351"}],"wp:attachment":[{"href":"https:\/\/www.hoymercedes.com.ar\/principal\/wp-json\/wp\/v2\/media?parent=76350"}],"wp:term":[{"taxonomy":"category","embeddable":true,"href":"https:\/\/www.hoymercedes.com.ar\/principal\/wp-json\/wp\/v2\/categories?post=76350"},{"taxonomy":"post_tag","embeddable":true,"href":"https:\/\/www.hoymercedes.com.ar\/principal\/wp-json\/wp\/v2\/tags?post=76350"}],"curies":[{"name":"wp","href":"https:\/\/api.w.org\/{rel}","templated":true}]}}