{"id":76353,"date":"2018-05-25T12:00:16","date_gmt":"2018-05-25T15:00:16","guid":{"rendered":"http:\/\/www.hoymercedes.com.ar\/principal\/?p=76353"},"modified":"2018-05-25T10:03:39","modified_gmt":"2018-05-25T13:03:39","slug":"cine-mercedes-fin-de-semana-largo-con-tres-propuestas-estreno","status":"publish","type":"post","link":"https:\/\/www.hoymercedes.com.ar\/principal\/2018\/05\/25\/cine-mercedes-fin-de-semana-largo-con-tres-propuestas-estreno\/","title":{"rendered":"Cine Mercedes: Fin de semana largo con tres propuestas estreno"},"content":{"rendered":"<p>Del viernes 25 de mayo al martes 29, el Cine Mercedes presenta en su pantalla tres pel\u00edculas para todas las edades. En la funci\u00f3n de las 17:30 de los d\u00edas viernes, s\u00e1bado y domingo, en la gran pantalla se proyectar\u00e1 el film de animaci\u00f3n \u00abGnomos al Ataque\u00bb. En tanto, en la funci\u00f3n de 19:30 horas, del viernes al martes, podr\u00e1 verse una de las pel\u00edculas Star Wars, \u00abHan Solo\u00bb. Esta pel\u00edcula es la historia del joven Han cuando conoce a Chuwaka. Por \u00faltimo, en las funciones nocturnas (22:15 horas y s\u00e1bado trasnoche), podr\u00e1 verse \u00abAnimal\u00bb. Guillermo Francella protagoniza la pel\u00edcula del cineasta argentino residente en Estados Unidos, Armando Bo.<\/p>\n<p><img loading=\"lazy\" decoding=\"async\" data-attachment-id=\"76354\" data-permalink=\"https:\/\/www.hoymercedes.com.ar\/principal\/2018\/05\/25\/cine-mercedes-fin-de-semana-largo-con-tres-propuestas-estreno\/25-animal-cine\/#main\" data-orig-file=\"https:\/\/www.hoymercedes.com.ar\/principal\/wp-content\/uploads\/2018\/05\/25-animal-cine.jpg\" data-orig-size=\"633,263\" data-comments-opened=\"0\" data-image-meta=\"{&quot;aperture&quot;:&quot;0&quot;,&quot;credit&quot;:&quot;&quot;,&quot;camera&quot;:&quot;&quot;,&quot;caption&quot;:&quot;&quot;,&quot;created_timestamp&quot;:&quot;0&quot;,&quot;copyright&quot;:&quot;&quot;,&quot;focal_length&quot;:&quot;0&quot;,&quot;iso&quot;:&quot;0&quot;,&quot;shutter_speed&quot;:&quot;0&quot;,&quot;title&quot;:&quot;&quot;,&quot;orientation&quot;:&quot;0&quot;}\" data-image-title=\"25 animal cine\" data-image-description=\"\" data-image-caption=\"\" data-large-file=\"https:\/\/www.hoymercedes.com.ar\/principal\/wp-content\/uploads\/2018\/05\/25-animal-cine.jpg\" class=\"aligncenter size-medium wp-image-76354\" src=\"https:\/\/www.hoymercedes.com.ar\/principal\/wp-content\/uploads\/2018\/05\/25-animal-cine-630x262.jpg\" alt=\"\" width=\"630\" height=\"262\" srcset=\"https:\/\/www.hoymercedes.com.ar\/principal\/wp-content\/uploads\/2018\/05\/25-animal-cine-630x262.jpg 630w, https:\/\/www.hoymercedes.com.ar\/principal\/wp-content\/uploads\/2018\/05\/25-animal-cine-150x62.jpg 150w, https:\/\/www.hoymercedes.com.ar\/principal\/wp-content\/uploads\/2018\/05\/25-animal-cine.jpg 633w\" sizes=\"auto, (max-width: 630px) 100vw, 630px\" \/><\/p>\n<p>\u00abGnomos al Ataque\u00bb: viernes 25, s\u00e1bado 26 y domingo 27 de mayo. Funci\u00f3n:\u00a017:30 hs. (2D &#8211; castellano). Sinopsis:<br \/>\nChloe y su madre se ven obligadas a mudarse a una casa con gnomos en el jard\u00edn. Chloe y su amigo Liam pronto descubren que la casa esconde algo: los gnomos est\u00e1n vivos. Durante a\u00f1os han estado protegiendo al planeta de unas criaturas llamadas Troggs, que han invadido la casa a trav\u00e9s de un portal de otro mundo. Chloe y Liam tendr\u00e1n que unir fuerzas con los gnomos para luchar contra los Troggs y salvar el mundo.\u00a0G\u00e9nero: Animaci\u00f3n.\u00a0Director: Peter Lepeniotis.\u00a0Calificaci\u00f3n: Apta para todo p\u00fablico.\u00a0Duraci\u00f3n: 85 Minutos.\u00a0Origen: Reino Unido, Estados Unidos.<\/p>\n<p>\u00abHan Solo: Una Historia de Star Wars\u00bb.\u00a0Del viernes 25 al martes 29 de mayo. Funci\u00f3n:\u00a019:30 hs. (3D &#8211; castellano). Sinopsis:\u00a0A bordo del Halc\u00f3n Milenario se encuentra el contrabandista m\u00e1s querido del espacio. A trav\u00e9s de una serie de arriesgadas travesuras en un oscuro y peligroso submundo criminal, Han Solo conoce a su grandioso futuro copiloto y encuentra al apostador Lando Calrissian en un viaje que marcar\u00e1 el curso de uno de los h\u00e9roes m\u00e1s inesperados de la saga de Star Wars.\u00a0G\u00e9nero: Ciencia Ficci\u00f3n, Aventuras, Acci\u00f3n.\u00a0Director: Ron Howard.\u00a0Actores: Alden Ehrenreich, Emilia Clarke.\u00a0Calificaci\u00f3n: Apta para mayores de 13 a\u00f1os.\u00a0Duraci\u00f3n: 135 Minutos.\u00a0Origen: Estados Unidos.<\/p>\n<p>\u00abAnimal\u00bb:\u00a0Del viernes 25 al martes 29 de mayo. Funciones:\u00a022:15 hs. (2D &#8211; castellano) y s\u00e1bado trasnoche\u00a000:45 hs. (2D &#8211; castellano). Sinopsis:\u00a0Antonio Decoud un hombre de familia conservador, se ve obligado por el destino a enfrentar una inesperada situaci\u00f3n que lo sacude hasta el fondo, revolviendo su vida y sus prioridades, empuj\u00e1ndolo a olvidar sus creencias y su forma de entender la vida y seguir el instinto m\u00e1s b\u00e1sico: el instinto animal.\u00a0G\u00e9nero: Drama.\u00a0Director: Armando Bo.\u00a0Actores: Guillermo Francella, Carla Peterson.\u00a0Calificaci\u00f3n: Apta para mayores de 16 a\u00f1os.\u00a0Duraci\u00f3n: 112 Minutos.\u00a0Origen: Estados Unidos.<\/p>\n","protected":false},"excerpt":{"rendered":"<p>Del viernes 25 de mayo al martes 29, el Cine Mercedes presenta en su pantalla tres pel\u00edculas para todas las &#8230; <a title=\"Cine Mercedes: Fin de semana largo con tres propuestas estreno\" class=\"read-more\" href=\"https:\/\/www.hoymercedes.com.ar\/principal\/2018\/05\/25\/cine-mercedes-fin-de-semana-largo-con-tres-propuestas-estreno\/\" aria-label=\"Leer m\u00e1s sobre Cine Mercedes: Fin de semana largo con tres propuestas estreno\">Leer m\u00e1s<\/a><\/p>\n","protected":false},"author":1,"featured_media":76354,"comment_status":"closed","ping_status":"open","sticky":false,"template":"","format":"standard","meta":{"_monsterinsights_skip_tracking":false,"_monsterinsights_sitenote_active":false,"_monsterinsights_sitenote_note":"","_monsterinsights_sitenote_category":0,"jetpack_post_was_ever_published":false,"_jetpack_newsletter_access":"","_jetpack_dont_email_post_to_subs":false,"_jetpack_newsletter_tier_id":0,"_jetpack_memberships_contains_paywalled_content":false,"_jetpack_memberships_contains_paid_content":false,"footnotes":"","jetpack_publicize_message":"","jetpack_publicize_feature_enabled":true,"jetpack_social_post_already_shared":true,"jetpack_social_options":{"image_generator_settings":{"template":"highway","default_image_id":0,"font":"","enabled":false},"version":2},"_wpas_customize_per_network":false},"categories":[104],"tags":[13171,984,7805,10,8642],"class_list":["post-76353","post","type-post","status-publish","format-standard","has-post-thumbnail","hentry","category-cultura","tag-carlelera","tag-cine-mercedes","tag-cultura","tag-mercedes","tag-programacion","generate-columns","tablet-grid-50","mobile-grid-100","grid-parent","grid-50"],"jetpack_publicize_connections":[],"jetpack_featured_media_url":"https:\/\/www.hoymercedes.com.ar\/principal\/wp-content\/uploads\/2018\/05\/25-animal-cine.jpg","wps_subtitle":"Cartelera local","jetpack_sharing_enabled":true,"jetpack-related-posts":[{"id":136068,"url":"https:\/\/www.hoymercedes.com.ar\/principal\/2021\/08\/27\/animacion-ciencia-ficcion-y-terror-en-el-cine-mercedes\/","url_meta":{"origin":76353,"position":0},"title":"Animaci\u00f3n, ciencia ficci\u00f3n y terror en el Cine Mercedes","author":"hoymercedes","date":"27 agosto, 2021","format":false,"excerpt":"Desde este viernes y hasta el martes 31 de agosto, el Cine Mercedes ofrece en su pantalla tres pel\u00edculas. Los d\u00edas s\u00e1bado y domingo, \"Los Croods 2\" llegan a la sala de cine local en la funci\u00f3n de las 16:30. En tanto, para el p\u00fablico m\u00e1s grande, podr\u00e1 verse en\u2026","rel":"","context":"En \u00abCultura\u00bb","block_context":{"text":"Cultura","link":"https:\/\/www.hoymercedes.com.ar\/principal\/category\/cultura\/"},"img":{"alt_text":"","src":"https:\/\/i0.wp.com\/www.hoymercedes.com.ar\/principal\/wp-content\/uploads\/2021\/08\/candyman-e1630106663971.jpg?resize=350%2C200&ssl=1","width":350,"height":200,"srcset":"https:\/\/i0.wp.com\/www.hoymercedes.com.ar\/principal\/wp-content\/uploads\/2021\/08\/candyman-e1630106663971.jpg?resize=350%2C200&ssl=1 1x, https:\/\/i0.wp.com\/www.hoymercedes.com.ar\/principal\/wp-content\/uploads\/2021\/08\/candyman-e1630106663971.jpg?resize=525%2C300&ssl=1 1.5x"},"classes":[]},{"id":167420,"url":"https:\/\/www.hoymercedes.com.ar\/principal\/2023\/09\/21\/tres-peliculas-en-la-cartelera-del-cine-mercedes\/","url_meta":{"origin":76353,"position":1},"title":"Tres pel\u00edculas en la cartelera del Cine Mercedes","author":"hoymercedes","date":"21 septiembre, 2023","format":false,"excerpt":"Desde el viernes 22 al martes 26 de septiembre, el Cine Mercedes presentar\u00e1 tres pel\u00edculas en su cartelera. Para los m\u00e1s peque\u00f1os, el s\u00e1bado y domingo, en la funci\u00f3n de la hora 17, podr\u00e1 verse \"Guardianes del Museo\". En tanto, los cinco d\u00edas, se proyecta Los Indestructibles en la funci\u00f3n\u2026","rel":"","context":"En \u00abCultura\u00bb","block_context":{"text":"Cultura","link":"https:\/\/www.hoymercedes.com.ar\/principal\/category\/cultura\/"},"img":{"alt_text":"","src":"https:\/\/i0.wp.com\/www.hoymercedes.com.ar\/principal\/wp-content\/uploads\/2023\/09\/LA-MONJA-2.jpg?resize=350%2C200&ssl=1","width":350,"height":200,"srcset":"https:\/\/i0.wp.com\/www.hoymercedes.com.ar\/principal\/wp-content\/uploads\/2023\/09\/LA-MONJA-2.jpg?resize=350%2C200&ssl=1 1x, https:\/\/i0.wp.com\/www.hoymercedes.com.ar\/principal\/wp-content\/uploads\/2023\/09\/LA-MONJA-2.jpg?resize=525%2C300&ssl=1 1.5x"},"classes":[]},{"id":138146,"url":"https:\/\/www.hoymercedes.com.ar\/principal\/2021\/10\/01\/spirite-y-007-en-el-cine-mercedes\/","url_meta":{"origin":76353,"position":2},"title":"Spirite y 007 en el Cine Mercedes","author":"hoymercedes","date":"1 octubre, 2021","format":false,"excerpt":"En la semana del viernes 1 al martes 5 de octubre, el Cine Mercedes presentar\u00e1 en su cartelera dos pel\u00edculas. En la funci\u00f3n diaria de la hora 21, vuelve el agente Bond, 007, sin tiempo para morir. Mientras que el s\u00e1bado y domingo, a las 18,45 la pel\u00edcula que podr\u00e1\u2026","rel":"","context":"En \u00abCultura\u00bb","block_context":{"text":"Cultura","link":"https:\/\/www.hoymercedes.com.ar\/principal\/category\/cultura\/"},"img":{"alt_text":"","src":"https:\/\/i0.wp.com\/www.hoymercedes.com.ar\/principal\/wp-content\/uploads\/2021\/10\/007-STPM.jpg?resize=350%2C200&ssl=1","width":350,"height":200,"srcset":"https:\/\/i0.wp.com\/www.hoymercedes.com.ar\/principal\/wp-content\/uploads\/2021\/10\/007-STPM.jpg?resize=350%2C200&ssl=1 1x, https:\/\/i0.wp.com\/www.hoymercedes.com.ar\/principal\/wp-content\/uploads\/2021\/10\/007-STPM.jpg?resize=525%2C300&ssl=1 1.5x"},"classes":[]},{"id":173264,"url":"https:\/\/www.hoymercedes.com.ar\/principal\/2024\/02\/23\/cine-mercedes-tres-peliculas-para-el-fin-de-semana-4\/","url_meta":{"origin":76353,"position":3},"title":"Cine Mercedes: tres pel\u00edculas para el fin de semana","author":"hoymercedes","date":"23 febrero, 2024","format":false,"excerpt":"Desde el viernes 23 de febrero, hasta el martes siguiente, el Cine Mercedes presentar\u00e1 una cartelera variada para diferentes gustos. La pel\u00edcula de animaci\u00f3n Mavka estar\u00e1 en la funci\u00f3n de la hora 16:30 tanto el s\u00e1bado como el domingo. Mientras que Madame Web y la vida de Bob Marley contin\u00faan\u2026","rel":"","context":"En \u00abCultura\u00bb","block_context":{"text":"Cultura","link":"https:\/\/www.hoymercedes.com.ar\/principal\/category\/cultura\/"},"img":{"alt_text":"","src":"https:\/\/i0.wp.com\/www.hoymercedes.com.ar\/principal\/wp-content\/uploads\/2024\/02\/MAVKA-poster-solo-personaje.jpg?resize=350%2C200&ssl=1","width":350,"height":200,"srcset":"https:\/\/i0.wp.com\/www.hoymercedes.com.ar\/principal\/wp-content\/uploads\/2024\/02\/MAVKA-poster-solo-personaje.jpg?resize=350%2C200&ssl=1 1x, https:\/\/i0.wp.com\/www.hoymercedes.com.ar\/principal\/wp-content\/uploads\/2024\/02\/MAVKA-poster-solo-personaje.jpg?resize=525%2C300&ssl=1 1.5x"},"classes":[]},{"id":134770,"url":"https:\/\/www.hoymercedes.com.ar\/principal\/2021\/08\/05\/peliculas-de-estreno-en-el-cine-mercedes-2\/","url_meta":{"origin":76353,"position":4},"title":"Pel\u00edculas de estreno en el Cine Mercedes","author":"hoymercedes","date":"5 agosto, 2021","format":false,"excerpt":"Desde el viernes 6 de agosto, hasta el martes 10, el Cine Mercedes presentar\u00e1 tres pel\u00edculas en su programaci\u00f3n. En los horarios centrales, son dos las pel\u00edculas de estreno que se proyectar\u00e1n. Del mundo DC, llega a la pantalla local, \"Escuadr\u00f3n Suicida\" (funci\u00f3n de las 18 horas), mientras que los\u2026","rel":"","context":"En \u00abCultura\u00bb","block_context":{"text":"Cultura","link":"https:\/\/www.hoymercedes.com.ar\/principal\/category\/cultura\/"},"img":{"alt_text":"","src":"https:\/\/i0.wp.com\/www.hoymercedes.com.ar\/principal\/wp-content\/uploads\/2021\/08\/escuadron-suicida-1.jpg?resize=350%2C200&ssl=1","width":350,"height":200,"srcset":"https:\/\/i0.wp.com\/www.hoymercedes.com.ar\/principal\/wp-content\/uploads\/2021\/08\/escuadron-suicida-1.jpg?resize=350%2C200&ssl=1 1x, https:\/\/i0.wp.com\/www.hoymercedes.com.ar\/principal\/wp-content\/uploads\/2021\/08\/escuadron-suicida-1.jpg?resize=525%2C300&ssl=1 1.5x"},"classes":[]},{"id":106711,"url":"https:\/\/www.hoymercedes.com.ar\/principal\/2020\/02\/27\/cine-mercedes-propone-tres-peliculas-para-el-finde\/","url_meta":{"origin":76353,"position":5},"title":"Cine Mercedes propone tres pel\u00edculas para el finde","author":"hoymercedes","date":"27 febrero, 2020","format":false,"excerpt":"Desde el viernes 28 de febrero y hasta el martes 3 de marzo, el Cine Mercedes proyectar\u00e1 tres pel\u00edculas en la gran pantalla. En las funciones de la hora 20:15, la pel\u00edcula que se podr\u00e1 ver es \"El Llamado Salvaje\"; mientras que a las hora 22:30 un nuevo film de\u2026","rel":"","context":"En \u00abCultura\u00bb","block_context":{"text":"Cultura","link":"https:\/\/www.hoymercedes.com.ar\/principal\/category\/cultura\/"},"img":{"alt_text":"","src":"https:\/\/i0.wp.com\/www.hoymercedes.com.ar\/principal\/wp-content\/uploads\/2020\/02\/14-cine-mercedes.jpg?resize=350%2C200&ssl=1","width":350,"height":200,"srcset":"https:\/\/i0.wp.com\/www.hoymercedes.com.ar\/principal\/wp-content\/uploads\/2020\/02\/14-cine-mercedes.jpg?resize=350%2C200&ssl=1 1x, https:\/\/i0.wp.com\/www.hoymercedes.com.ar\/principal\/wp-content\/uploads\/2020\/02\/14-cine-mercedes.jpg?resize=525%2C300&ssl=1 1.5x, https:\/\/i0.wp.com\/www.hoymercedes.com.ar\/principal\/wp-content\/uploads\/2020\/02\/14-cine-mercedes.jpg?resize=700%2C400&ssl=1 2x"},"classes":[]}],"_links":{"self":[{"href":"https:\/\/www.hoymercedes.com.ar\/principal\/wp-json\/wp\/v2\/posts\/76353","targetHints":{"allow":["GET"]}}],"collection":[{"href":"https:\/\/www.hoymercedes.com.ar\/principal\/wp-json\/wp\/v2\/posts"}],"about":[{"href":"https:\/\/www.hoymercedes.com.ar\/principal\/wp-json\/wp\/v2\/types\/post"}],"author":[{"embeddable":true,"href":"https:\/\/www.hoymercedes.com.ar\/principal\/wp-json\/wp\/v2\/users\/1"}],"replies":[{"embeddable":true,"href":"https:\/\/www.hoymercedes.com.ar\/principal\/wp-json\/wp\/v2\/comments?post=76353"}],"version-history":[{"count":0,"href":"https:\/\/www.hoymercedes.com.ar\/principal\/wp-json\/wp\/v2\/posts\/76353\/revisions"}],"wp:featuredmedia":[{"embeddable":true,"href":"https:\/\/www.hoymercedes.com.ar\/principal\/wp-json\/wp\/v2\/media\/76354"}],"wp:attachment":[{"href":"https:\/\/www.hoymercedes.com.ar\/principal\/wp-json\/wp\/v2\/media?parent=76353"}],"wp:term":[{"taxonomy":"category","embeddable":true,"href":"https:\/\/www.hoymercedes.com.ar\/principal\/wp-json\/wp\/v2\/categories?post=76353"},{"taxonomy":"post_tag","embeddable":true,"href":"https:\/\/www.hoymercedes.com.ar\/principal\/wp-json\/wp\/v2\/tags?post=76353"}],"curies":[{"name":"wp","href":"https:\/\/api.w.org\/{rel}","templated":true}]}}