{"id":76359,"date":"2018-05-25T20:00:29","date_gmt":"2018-05-25T23:00:29","guid":{"rendered":"http:\/\/www.hoymercedes.com.ar\/principal\/?p=76359"},"modified":"2018-05-25T18:45:38","modified_gmt":"2018-05-25T21:45:38","slug":"llegan-telegramas-de-despido-para-trabajadores-de-guilford","status":"publish","type":"post","link":"https:\/\/www.hoymercedes.com.ar\/principal\/2018\/05\/25\/llegan-telegramas-de-despido-para-trabajadores-de-guilford\/","title":{"rendered":"Llegan telegramas de despido para trabajadores de Guilford"},"content":{"rendered":"<p style=\"font-weight: 400;\">Trabajadores de la empresa Guilford confirmaron este jueves en el programa de televisi\u00f3n \u201cPunto de encuentro\u201d que les llegaron los telegramas de despido: \u201cAhora somos oficialmente desocupados\u201d, dijeron.<\/p>\n<p style=\"font-weight: 400;\">\n<p style=\"font-weight: 400;\">La situaci\u00f3n compleja que viven las 56 familias de los trabajadores de la empresa textil Guilford sum\u00f3 un nuevo cap\u00edtulo este jueves cuando empezaron a llegar los telegramas de despido por parte de la compa\u00f1\u00eda. \u201cLlegaron los telegramas de despido. Fuimos a verlo a Retegui al Ministerio de Trabajo y no estaba. Nos dijeron que viaj\u00f3 a La Plata en busca de soluci\u00f3n. Yo lo veo dif\u00edcil en un contexto nacional donde el pa\u00eds est\u00e1 incendiado\u201d, dijo Dami\u00e1n, quien hace ocho a\u00f1os que forma parte de esta empresa.<\/p>\n<p style=\"font-weight: 400;\">Los trabajadores de Guilford no cobran desde el mes de diciembre e implementaron diferentes medidas para visibilizar su situaci\u00f3n. Una de ellas fue un acampe en la delegaci\u00f3n del Ministerio de Trabajo en calle 25. \u201cLa situaci\u00f3n es compleja. Estaba la empresa Nicotex interesada en venir a hacerse cargo de la empresa pero todav\u00eda no se sabe nada. Es m\u00e1s, en su momento se agilizaron los papeles de habilitaci\u00f3n en la Municipalidad para que todo se concrete pero no hubo m\u00e1s novedades. S\u00ed sabemos que la intenci\u00f3n de la empresa es no tomar a todos los empleados y tampoco sabemos qu\u00e9 podr\u00eda pasar con el subsidio que cobramos por parte de la secretar\u00eda de Trabajo\u201d, dijeron Dami\u00e1n y Emiliano en la entrevista televisiva.<\/p>\n<p style=\"font-weight: 400;\">Las gestiones ante el gobierno provincial por parte de la delegaci\u00f3n Mercedes del Ministerio de Trabajo no parecen llegar a buen puerto. \u201cNos enviaron s\u00f3lo seis tarjetas del programa M\u00e1s vida de la provincia y nosotros somos 56 familias. Es de no creer. Estamos desesperados porque no sabemos qu\u00e9 va a pasar con nosotros\u201d, dijo Dami\u00e1n anoche en\u00a0\u00a0\u201cPunto de encuentro\u201d.<\/p>\n","protected":false},"excerpt":{"rendered":"<p>Trabajadores de la empresa Guilford confirmaron este jueves en el programa de televisi\u00f3n \u201cPunto de encuentro\u201d que les llegaron los &#8230; <a title=\"Llegan telegramas de despido para trabajadores de Guilford\" class=\"read-more\" href=\"https:\/\/www.hoymercedes.com.ar\/principal\/2018\/05\/25\/llegan-telegramas-de-despido-para-trabajadores-de-guilford\/\" aria-label=\"Leer m\u00e1s sobre Llegan telegramas de despido para trabajadores de Guilford\">Leer m\u00e1s<\/a><\/p>\n","protected":false},"author":1,"featured_media":76360,"comment_status":"closed","ping_status":"open","sticky":false,"template":"","format":"standard","meta":{"_monsterinsights_skip_tracking":false,"_monsterinsights_sitenote_active":false,"_monsterinsights_sitenote_note":"","_monsterinsights_sitenote_category":0,"jetpack_post_was_ever_published":false,"_jetpack_newsletter_access":"","_jetpack_dont_email_post_to_subs":false,"_jetpack_newsletter_tier_id":0,"_jetpack_memberships_contains_paywalled_content":false,"_jetpack_memberships_contains_paid_content":false,"footnotes":"","jetpack_publicize_message":"","jetpack_publicize_feature_enabled":true,"jetpack_social_post_already_shared":true,"jetpack_social_options":{"image_generator_settings":{"template":"highway","default_image_id":0,"font":"","enabled":false},"version":2},"_wpas_customize_per_network":false},"categories":[8],"tags":[13173,4458,10,7802,8911],"class_list":["post-76359","post","type-post","status-publish","format-standard","has-post-thumbnail","hentry","category-sociedad","tag-despedidos-en-mercedes","tag-guilford","tag-mercedes","tag-sociedad","tag-trabajo","generate-columns","tablet-grid-50","mobile-grid-100","grid-parent","grid-50"],"jetpack_publicize_connections":[],"jetpack_featured_media_url":"https:\/\/www.hoymercedes.com.ar\/principal\/wp-content\/uploads\/2018\/05\/guilford-trabajadores.jpg","wps_subtitle":"Realidad laboral","jetpack_sharing_enabled":true,"jetpack-related-posts":[{"id":77463,"url":"https:\/\/www.hoymercedes.com.ar\/principal\/2018\/06\/19\/arriban-cartas-de-despido-en-karavell-y-el-panorama-es-desalentador\/","url_meta":{"origin":76359,"position":0},"title":"Arriban cartas de despido en Karavell y el panorama es desalentador","author":"hoymercedes","date":"19 junio, 2018","format":false,"excerpt":"Tras versiones de ayuda que nunca llegaron finalmente las cartas documentos de despido a los empleados de la empresa Karavell empezaron a llegar, seg\u00fan los propios trabajadores hicieron conocer. Dolor en toda la ciudad por el\u00a0 futuro de 63 familias. \u201cVamos a ver si ahora salen hablar pavadas, los que\u2026","rel":"","context":"En \u00abGremios - Sindicatos\u00bb","block_context":{"text":"Gremios - Sindicatos","link":"https:\/\/www.hoymercedes.com.ar\/principal\/category\/gremios-sindicatos\/"},"img":{"alt_text":"","src":"https:\/\/i0.wp.com\/www.hoymercedes.com.ar\/principal\/wp-content\/uploads\/2018\/06\/CartaDespidoKaravell.jpg?resize=350%2C200&ssl=1","width":350,"height":200,"srcset":"https:\/\/i0.wp.com\/www.hoymercedes.com.ar\/principal\/wp-content\/uploads\/2018\/06\/CartaDespidoKaravell.jpg?resize=350%2C200&ssl=1 1x, https:\/\/i0.wp.com\/www.hoymercedes.com.ar\/principal\/wp-content\/uploads\/2018\/06\/CartaDespidoKaravell.jpg?resize=525%2C300&ssl=1 1.5x, https:\/\/i0.wp.com\/www.hoymercedes.com.ar\/principal\/wp-content\/uploads\/2018\/06\/CartaDespidoKaravell.jpg?resize=700%2C400&ssl=1 2x"},"classes":[]},{"id":28998,"url":"https:\/\/www.hoymercedes.com.ar\/principal\/2013\/12\/30\/guilford-conflicto-laboral-que-se-profundiza\/","url_meta":{"origin":76359,"position":1},"title":"Guilford: conflicto laboral que se profundiza","author":"hoymercedes","date":"30 diciembre, 2013","format":false,"excerpt":"Los empleados de Guilford han vuelto a ponerse en estado de alerta y protesta tras la decisi\u00f3n de la empresa de dejar de contar con los servicios de varios trabajadores bajo la sospecha de que la situaci\u00f3n se agravar\u00e1 en los pr\u00f3ximos d\u00edas.\u00a0Podr\u00edan\u00a0ser m\u00e1s de veinte los afectados La empresa\u2026","rel":"","context":"En \u00abSociedad\u00bb","block_context":{"text":"Sociedad","link":"https:\/\/www.hoymercedes.com.ar\/principal\/category\/sociedad\/"},"img":{"alt_text":"Guilford","src":"https:\/\/i0.wp.com\/www.hoymercedes.com.ar\/principal\/wp-content\/uploads\/2013\/12\/DSCN6638.jpg?resize=350%2C200","width":350,"height":200,"srcset":"https:\/\/i0.wp.com\/www.hoymercedes.com.ar\/principal\/wp-content\/uploads\/2013\/12\/DSCN6638.jpg?resize=350%2C200 1x, https:\/\/i0.wp.com\/www.hoymercedes.com.ar\/principal\/wp-content\/uploads\/2013\/12\/DSCN6638.jpg?resize=525%2C300 1.5x"},"classes":[]},{"id":76681,"url":"https:\/\/www.hoymercedes.com.ar\/principal\/2018\/05\/31\/karavell-vuelve-atras-con-la-medida-y-va-al-ministerio\/","url_meta":{"origin":76359,"position":2},"title":"Karavell vuelve atr\u00e1s con la medida y va al Ministerio","author":"hoymercedes","date":"31 mayo, 2018","format":false,"excerpt":"\u00a0 Se conoci\u00f3 entrada estar tarde noche que la empresa Karavell manifest\u00f3 la intenci\u00f3n de volver atr\u00e1s con la medida de despido a los trabajadores. Ello en el marco de una nueva presentaci\u00f3n en el Ministerio de Trabajo de Naci\u00f3n sobre el procedimiento preventivo de crisis, que anteriormente le fuera\u2026","rel":"","context":"En \u00abSociedad\u00bb","block_context":{"text":"Sociedad","link":"https:\/\/www.hoymercedes.com.ar\/principal\/category\/sociedad\/"},"img":{"alt_text":"","src":"https:\/\/i0.wp.com\/www.hoymercedes.com.ar\/principal\/wp-content\/uploads\/2018\/05\/kaaravellhm.jpg?resize=350%2C200&ssl=1","width":350,"height":200,"srcset":"https:\/\/i0.wp.com\/www.hoymercedes.com.ar\/principal\/wp-content\/uploads\/2018\/05\/kaaravellhm.jpg?resize=350%2C200&ssl=1 1x, https:\/\/i0.wp.com\/www.hoymercedes.com.ar\/principal\/wp-content\/uploads\/2018\/05\/kaaravellhm.jpg?resize=525%2C300&ssl=1 1.5x, https:\/\/i0.wp.com\/www.hoymercedes.com.ar\/principal\/wp-content\/uploads\/2018\/05\/kaaravellhm.jpg?resize=700%2C400&ssl=1 2x"},"classes":[]},{"id":34641,"url":"https:\/\/www.hoymercedes.com.ar\/principal\/2014\/07\/21\/guilford-con-suspension-casi-total-de-trabajadores\/","url_meta":{"origin":76359,"position":3},"title":"Guilford con suspensi\u00f3n casi total de trabajadores","author":"hoymercedes","date":"21 julio, 2014","format":false,"excerpt":"La empresa Guilford viene desde hace casi un a\u00f1o teniendo diversos problemas de funcionamientos y con ello malos momentos para sus trabajadores. Ahora se conoce que desde la semana pasada fueron una importante cantidad de trabajadores suspendidos en sus actividades. Hubo intervenci\u00f3n del Ministerio de Trabajo. La empresa textil Guilford\u2026","rel":"","context":"En \u00abSociedad\u00bb","block_context":{"text":"Sociedad","link":"https:\/\/www.hoymercedes.com.ar\/principal\/category\/sin-categoria\/"},"img":{"alt_text":"guilfordmercedes","src":"https:\/\/i0.wp.com\/www.hoymercedes.com.ar.ar\/noticias\/wp-content\/uploads\/2014\/07\/guilfordmercedes.jpg?resize=350%2C200","width":350,"height":200,"srcset":"https:\/\/i0.wp.com\/www.hoymercedes.com.ar.ar\/noticias\/wp-content\/uploads\/2014\/07\/guilfordmercedes.jpg?resize=350%2C200 1x, https:\/\/i0.wp.com\/www.hoymercedes.com.ar.ar\/noticias\/wp-content\/uploads\/2014\/07\/guilfordmercedes.jpg?resize=525%2C300 1.5x"},"classes":[]},{"id":74030,"url":"https:\/\/www.hoymercedes.com.ar\/principal\/2018\/03\/29\/confirmaron-ayuda-economica-para-los-trabajadores-de-guilford\/","url_meta":{"origin":76359,"position":4},"title":"Confirmaron ayuda econ\u00f3mica para los trabajadores de Guilford","author":"hoymercedes","date":"29 marzo, 2018","format":false,"excerpt":"Mientras los trabajadores de Guilford comenzaron a vender torta fritas en la Plaza San Mart\u00edn solicitando la colaboraci\u00f3n de los vecinos a la espera de que la empresa pague los salarios y aguinaldo adeudados desde diciembre, desde la Delegaci\u00f3n local del Ministerio de Trabajo confirmaron que terminaron las gestiones para\u2026","rel":"","context":"En \u00abSociedad\u00bb","block_context":{"text":"Sociedad","link":"https:\/\/www.hoymercedes.com.ar\/principal\/category\/sociedad\/"},"img":{"alt_text":"","src":"https:\/\/i0.wp.com\/www.hoymercedes.com.ar\/principal\/wp-content\/uploads\/2018\/03\/29-guilford-trabajadores-1.jpg?resize=350%2C200&ssl=1","width":350,"height":200,"srcset":"https:\/\/i0.wp.com\/www.hoymercedes.com.ar\/principal\/wp-content\/uploads\/2018\/03\/29-guilford-trabajadores-1.jpg?resize=350%2C200&ssl=1 1x, https:\/\/i0.wp.com\/www.hoymercedes.com.ar\/principal\/wp-content\/uploads\/2018\/03\/29-guilford-trabajadores-1.jpg?resize=525%2C300&ssl=1 1.5x, https:\/\/i0.wp.com\/www.hoymercedes.com.ar\/principal\/wp-content\/uploads\/2018\/03\/29-guilford-trabajadores-1.jpg?resize=700%2C400&ssl=1 2x"},"classes":[]},{"id":73625,"url":"https:\/\/www.hoymercedes.com.ar\/principal\/2018\/03\/19\/los-trabajadores-de-guilford-invitan-a-una-reunion-abierta-para-este-lunes\/","url_meta":{"origin":76359,"position":5},"title":"Los trabajadores de Guilford invitan a una reuni\u00f3n abierta para este lunes","author":"hoymercedes","date":"19 marzo, 2018","format":false,"excerpt":"A trav\u00e9s de una \"carta abierta\" a la comunidad mercedina, los trabajadores y familiares de la empresa Guilford invitan a una reuni\u00f3n abierta para este lunes 19 de marzo, a la hora 19, en AEFIP (sindicato de empleados de AFIP, en calle 28 casi esquina 33) \"Las familias de la\u2026","rel":"","context":"En \u00abSociedad\u00bb","block_context":{"text":"Sociedad","link":"https:\/\/www.hoymercedes.com.ar\/principal\/category\/sociedad\/"},"img":{"alt_text":"","src":"https:\/\/i0.wp.com\/www.hoymercedes.com.ar\/principal\/wp-content\/uploads\/2018\/02\/20-guilford.jpg?resize=350%2C200&ssl=1","width":350,"height":200,"srcset":"https:\/\/i0.wp.com\/www.hoymercedes.com.ar\/principal\/wp-content\/uploads\/2018\/02\/20-guilford.jpg?resize=350%2C200&ssl=1 1x, https:\/\/i0.wp.com\/www.hoymercedes.com.ar\/principal\/wp-content\/uploads\/2018\/02\/20-guilford.jpg?resize=525%2C300&ssl=1 1.5x, https:\/\/i0.wp.com\/www.hoymercedes.com.ar\/principal\/wp-content\/uploads\/2018\/02\/20-guilford.jpg?resize=700%2C400&ssl=1 2x"},"classes":[]}],"_links":{"self":[{"href":"https:\/\/www.hoymercedes.com.ar\/principal\/wp-json\/wp\/v2\/posts\/76359","targetHints":{"allow":["GET"]}}],"collection":[{"href":"https:\/\/www.hoymercedes.com.ar\/principal\/wp-json\/wp\/v2\/posts"}],"about":[{"href":"https:\/\/www.hoymercedes.com.ar\/principal\/wp-json\/wp\/v2\/types\/post"}],"author":[{"embeddable":true,"href":"https:\/\/www.hoymercedes.com.ar\/principal\/wp-json\/wp\/v2\/users\/1"}],"replies":[{"embeddable":true,"href":"https:\/\/www.hoymercedes.com.ar\/principal\/wp-json\/wp\/v2\/comments?post=76359"}],"version-history":[{"count":0,"href":"https:\/\/www.hoymercedes.com.ar\/principal\/wp-json\/wp\/v2\/posts\/76359\/revisions"}],"wp:featuredmedia":[{"embeddable":true,"href":"https:\/\/www.hoymercedes.com.ar\/principal\/wp-json\/wp\/v2\/media\/76360"}],"wp:attachment":[{"href":"https:\/\/www.hoymercedes.com.ar\/principal\/wp-json\/wp\/v2\/media?parent=76359"}],"wp:term":[{"taxonomy":"category","embeddable":true,"href":"https:\/\/www.hoymercedes.com.ar\/principal\/wp-json\/wp\/v2\/categories?post=76359"},{"taxonomy":"post_tag","embeddable":true,"href":"https:\/\/www.hoymercedes.com.ar\/principal\/wp-json\/wp\/v2\/tags?post=76359"}],"curies":[{"name":"wp","href":"https:\/\/api.w.org\/{rel}","templated":true}]}}