{"id":76362,"date":"2018-05-25T18:45:19","date_gmt":"2018-05-25T21:45:19","guid":{"rendered":"http:\/\/www.hoymercedes.com.ar\/principal\/?p=76362"},"modified":"2018-05-25T18:44:28","modified_gmt":"2018-05-25T21:44:28","slug":"policia-comunal-detiene-a-morenense-con-pedido-de-captura","status":"publish","type":"post","link":"https:\/\/www.hoymercedes.com.ar\/principal\/2018\/05\/25\/policia-comunal-detiene-a-morenense-con-pedido-de-captura\/","title":{"rendered":"Polic\u00eda Comunal detiene a morenense con pedido de captura"},"content":{"rendered":"<p>&nbsp;<\/p>\n<p>La cuadrilla de patrullaje de la Estaci\u00f3n Comunal Mercedes, estando alerta a los sucesos cotidianos, logr\u00f3 identificar a un sujeto de la localidad de Moreno que estaba en nuestra ciudad y que desde hace un tiempo ten\u00eda pedido de captura. Los dirigidos por el Comisario Sergio Macedo lograron su detenci\u00f3n y dar respuesta a la justicia, adem\u00e1s de la ciudadan\u00eda.<\/p>\n<p>Extra oficialmente se supo que la Polic\u00eda Comunal lo ten\u00eda bajo vigilancia dado que se le imputaba un robo en nuestra ciudad tiempo atr\u00e1s.<\/p>\n<p>En calle 37 y 26 logran divisar al sujeto de apellido Fern\u00e1ndez y que ten\u00eda orden de detenci\u00f3n bajo car\u00e1tula \u201crobo simple\u201d.<\/p>\n<p>Los uniformados hab\u00edan montado una \u201cvigilancia encubierta\u201d sabiendo que podr\u00eda eventualmente alejarse en caso de ver efectivos.<\/p>\n<p>Tras identificarlo logran su detenci\u00f3n y ponerlo tras las rejas, dando cumplimiento a lo solicitado por la Justicia del Departamento Judicial de Mercedes.<\/p>\n<p>El Comisario Macedo felicit\u00f3 al personal del Gabinete Criminol\u00f3gico Local por nuevamente dar una respuesta efectiva, que lleva tranquilidad a los vecinos y cumple con lo solicitado por la justicia.<\/p>\n","protected":false},"excerpt":{"rendered":"<p>&nbsp; La cuadrilla de patrullaje de la Estaci\u00f3n Comunal Mercedes, estando alerta a los sucesos cotidianos, logr\u00f3 identificar a un &#8230; <a title=\"Polic\u00eda Comunal detiene a morenense con pedido de captura\" class=\"read-more\" href=\"https:\/\/www.hoymercedes.com.ar\/principal\/2018\/05\/25\/policia-comunal-detiene-a-morenense-con-pedido-de-captura\/\" aria-label=\"Leer m\u00e1s sobre Polic\u00eda Comunal detiene a morenense con pedido de captura\">Leer m\u00e1s<\/a><\/p>\n","protected":false},"author":1,"featured_media":70401,"comment_status":"closed","ping_status":"open","sticky":false,"template":"","format":"standard","meta":{"_monsterinsights_skip_tracking":false,"_monsterinsights_sitenote_active":false,"_monsterinsights_sitenote_note":"","_monsterinsights_sitenote_category":0,"jetpack_post_was_ever_published":false,"_jetpack_newsletter_access":"","_jetpack_dont_email_post_to_subs":false,"_jetpack_newsletter_tier_id":0,"_jetpack_memberships_contains_paywalled_content":false,"_jetpack_memberships_contains_paid_content":false,"footnotes":"","jetpack_publicize_message":"","jetpack_publicize_feature_enabled":true,"jetpack_social_post_already_shared":true,"jetpack_social_options":{"image_generator_settings":{"template":"highway","default_image_id":0,"font":"","enabled":false},"version":2},"_wpas_customize_per_network":false},"categories":[85],"tags":[10352,9592,5766,96],"class_list":["post-76362","post","type-post","status-publish","format-standard","has-post-thumbnail","hentry","category-policial","tag-detencion","tag-macedo","tag-policia-comunal","tag-policial-2","generate-columns","tablet-grid-50","mobile-grid-100","grid-parent","grid-50"],"jetpack_publicize_connections":[],"jetpack_featured_media_url":"https:\/\/www.hoymercedes.com.ar\/principal\/wp-content\/uploads\/2017\/12\/Comisario.Macedo.jpg","wps_subtitle":"Prevenci\u00f3n","jetpack_sharing_enabled":true,"_links":{"self":[{"href":"https:\/\/www.hoymercedes.com.ar\/principal\/wp-json\/wp\/v2\/posts\/76362","targetHints":{"allow":["GET"]}}],"collection":[{"href":"https:\/\/www.hoymercedes.com.ar\/principal\/wp-json\/wp\/v2\/posts"}],"about":[{"href":"https:\/\/www.hoymercedes.com.ar\/principal\/wp-json\/wp\/v2\/types\/post"}],"author":[{"embeddable":true,"href":"https:\/\/www.hoymercedes.com.ar\/principal\/wp-json\/wp\/v2\/users\/1"}],"replies":[{"embeddable":true,"href":"https:\/\/www.hoymercedes.com.ar\/principal\/wp-json\/wp\/v2\/comments?post=76362"}],"version-history":[{"count":0,"href":"https:\/\/www.hoymercedes.com.ar\/principal\/wp-json\/wp\/v2\/posts\/76362\/revisions"}],"wp:featuredmedia":[{"embeddable":true,"href":"https:\/\/www.hoymercedes.com.ar\/principal\/wp-json\/wp\/v2\/media\/70401"}],"wp:attachment":[{"href":"https:\/\/www.hoymercedes.com.ar\/principal\/wp-json\/wp\/v2\/media?parent=76362"}],"wp:term":[{"taxonomy":"category","embeddable":true,"href":"https:\/\/www.hoymercedes.com.ar\/principal\/wp-json\/wp\/v2\/categories?post=76362"},{"taxonomy":"post_tag","embeddable":true,"href":"https:\/\/www.hoymercedes.com.ar\/principal\/wp-json\/wp\/v2\/tags?post=76362"}],"curies":[{"name":"wp","href":"https:\/\/api.w.org\/{rel}","templated":true}]}}