{"id":76396,"date":"2018-05-26T16:47:26","date_gmt":"2018-05-26T19:47:26","guid":{"rendered":"http:\/\/www.hoymercedes.com.ar\/principal\/?p=76396"},"modified":"2018-05-26T17:54:57","modified_gmt":"2018-05-26T20:54:57","slug":"exito-total-la-divina-providencia-realizo-locro-benefico","status":"publish","type":"post","link":"https:\/\/www.hoymercedes.com.ar\/principal\/2018\/05\/26\/exito-total-la-divina-providencia-realizo-locro-benefico\/","title":{"rendered":"\u00c9xito total: La Divina Providencia realiz\u00f3 locro ben\u00e9fico"},"content":{"rendered":"<p><em><strong>Este viernes en la fecha patria se decidi\u00f3 desde la comisi\u00f3n cooperadora encarar un locro ben\u00e9fico que incluy\u00f3 la venta de pastelitos. Agradecen por las colaboraciones. El 10 de junio a partir de las 20:00, gala ben\u00e9fica en Iglesia San Patricio.<\/strong><\/em><\/p>\n<p><!--more--><\/p>\n<p>Con la idea de juntar fondos para las obras que llevan adelante en la casa de la Divina Providencia, un Hogar de Ancianas de la ciudad ubicado en calles 32 entre 23 y 25, este 25 de mayo en la fecha patria se decidi\u00f3 desde la comisi\u00f3n cooperadora encarar un locro ben\u00e9fico que incluy\u00f3 la venta de pastelitos y fue un \u00e9xito total.<\/p>\n<p>\u201cSe vendieron aproximadamente 240 porciones, incluso las residentes comieron como nunca. Hubo m\u00e1s de 60 porciones para el hogar y algo que qued\u00f3 fue donado. Se vendieron adem\u00e1s todos los pasteles que ten\u00edamos preparados\u201d, coment\u00f3 Elizabeth Raponi, una de las activas integrantes de la comisi\u00f3n directiva. \u201cGracias a todos por ponerse la camiseta del hogar, y vamos por la Gala que ya se viene el pr\u00f3ximo mes\u201d, dijo.<\/p>\n<p>Desde el Hogar Divina Providencia encararon la realizaci\u00f3n de una jornada especial de venta de pastelitos y locro patrio, este 25 de mayo. Se pudieron reservar y todo lo que se recaud\u00f3, merced al trabajo voluntario y el aporte de varios, se destinar\u00e1 a las necesidades de la entidad. \u201cDebemos hacer un agradecimiento especial a todas las personas que trabajaron activamente con mucho entusiasmo y energ\u00eda\u201d, agreg\u00f3, por su parte, la hermana Gladys, madre superiora de la entidad. Adem\u00e1s, aclar\u00f3 que los insumos fueron donados por la Municipalidad.<\/p>\n<p><strong>Gala en San Patricio<\/strong><\/p>\n<p>Ahora, en sentido ben\u00e9fico tienen por delante la realizaci\u00f3n de una gala en la Iglesia San Patricio, gracias a la gentileza de Pro Arte Mercedes, Centro de Egresados del Colegio Nacional. Ser\u00e1 para escuchar obras de Antonio Vivaldi, \u201cLas Cuatro Estaciones\u201d; y Astor Piazzolla, con sus Cuatro Estaciones Porte\u00f1as. Estar\u00e1 a cargo del conjunto de Cuerdas de La Plata con Rafael Gintoli como solista. El 10 de junio a partir de las 20:00 horas, con entradas en venta a beneficio del Hogar y de Lalcec Mercedes.<\/p>\n<p>&nbsp;<\/p>\n<p>Fuente: Prensa Hogar Divina Providencia<\/p>\n","protected":false},"excerpt":{"rendered":"<p>Este viernes en la fecha patria se decidi\u00f3 desde la comisi\u00f3n cooperadora encarar un locro ben\u00e9fico que incluy\u00f3 la venta &#8230; <a title=\"\u00c9xito total: La Divina Providencia realiz\u00f3 locro ben\u00e9fico\" class=\"read-more\" href=\"https:\/\/www.hoymercedes.com.ar\/principal\/2018\/05\/26\/exito-total-la-divina-providencia-realizo-locro-benefico\/\" aria-label=\"Leer m\u00e1s sobre \u00c9xito total: La Divina Providencia realiz\u00f3 locro ben\u00e9fico\">Leer m\u00e1s<\/a><\/p>\n","protected":false},"author":1,"featured_media":0,"comment_status":"closed","ping_status":"open","sticky":false,"template":"","format":"standard","meta":{"_monsterinsights_skip_tracking":false,"_monsterinsights_sitenote_active":false,"_monsterinsights_sitenote_note":"","_monsterinsights_sitenote_category":0,"jetpack_post_was_ever_published":false,"_jetpack_newsletter_access":"","_jetpack_dont_email_post_to_subs":false,"_jetpack_newsletter_tier_id":0,"_jetpack_memberships_contains_paywalled_content":false,"_jetpack_memberships_contains_paid_content":false,"footnotes":"","jetpack_publicize_message":"","jetpack_publicize_feature_enabled":true,"jetpack_social_post_already_shared":true,"jetpack_social_options":{"image_generator_settings":{"template":"highway","default_image_id":0,"font":"","enabled":false},"version":2},"_wpas_customize_per_network":false},"categories":[8],"tags":[13179,2628,12996,7802],"class_list":["post-76396","post","type-post","status-publish","format-standard","hentry","category-sociedad","tag-conierto-a-beneficio","tag-divina-providencia","tag-locro-a-beneficio","tag-sociedad","generate-columns","tablet-grid-50","mobile-grid-100","grid-parent","grid-50"],"jetpack_publicize_connections":[],"jetpack_featured_media_url":"","wps_subtitle":"El 25 de mayo","jetpack_sharing_enabled":true,"jetpack-related-posts":[{"id":75169,"url":"https:\/\/www.hoymercedes.com.ar\/principal\/2018\/04\/28\/la-divina-providencia-organiza-locro-para-mayo-y-sera-beneficiaria-de-un-concierto-en-junio\/","url_meta":{"origin":76396,"position":0},"title":"La Divina Providencia organiza locro para mayo y ser\u00e1 beneficiaria de un concierto en junio","author":"hoymercedes","date":"28 abril, 2018","format":false,"excerpt":"El pasado viernes realizaron una asamblea para evaluar las obras y ultimar detalles de los eventos para los pr\u00f3ximos meses. En mayo har\u00e1n un locro y en junio est\u00e1 concierto del Centro de Egresados a beneficio de la instituci\u00f3n.\u00a0El Hogar Divina Providencia\u00a0de las Hermanas Pobres Bonaerenses alberga a unas 50\u2026","rel":"","context":"En \u00abSociedad\u00bb","block_context":{"text":"Sociedad","link":"https:\/\/www.hoymercedes.com.ar\/principal\/category\/sociedad\/"},"img":{"alt_text":"","src":"https:\/\/i0.wp.com\/www.hoymercedes.com.ar\/principal\/wp-content\/uploads\/2018\/04\/28-divina-providencia.jpg?resize=350%2C200&ssl=1","width":350,"height":200,"srcset":"https:\/\/i0.wp.com\/www.hoymercedes.com.ar\/principal\/wp-content\/uploads\/2018\/04\/28-divina-providencia.jpg?resize=350%2C200&ssl=1 1x, https:\/\/i0.wp.com\/www.hoymercedes.com.ar\/principal\/wp-content\/uploads\/2018\/04\/28-divina-providencia.jpg?resize=525%2C300&ssl=1 1.5x, https:\/\/i0.wp.com\/www.hoymercedes.com.ar\/principal\/wp-content\/uploads\/2018\/04\/28-divina-providencia.jpg?resize=700%2C400&ssl=1 2x"},"classes":[]},{"id":110828,"url":"https:\/\/www.hoymercedes.com.ar\/principal\/2020\/05\/18\/all-boys-solidario-organiza-locro-para-el-25-de-mayo\/","url_meta":{"origin":76396,"position":1},"title":"All Boys Solidario organiza locro para el 25 de mayo","author":"hoymercedes","date":"18 mayo, 2020","format":false,"excerpt":"\"Un locro de locos\" es el nombre de la campa\u00f1a que llevan adelante clubes sociales y deportivos, entre ellos All Boys. El locro del 25 de mayo se repartir\u00e1n 1000 platos entre los vecinos de distintos barrios. Luego se repartir\u00e1n pasteles y chocolate caliente por diferentes merenderos, Divina Providencia, Lowe\u2026","rel":"","context":"En \u00abComunidad\u00bb","block_context":{"text":"Comunidad","link":"https:\/\/www.hoymercedes.com.ar\/principal\/category\/comunidad\/"},"img":{"alt_text":"","src":"https:\/\/i0.wp.com\/www.hoymercedes.com.ar\/principal\/wp-content\/uploads\/2020\/05\/18-locro-all-boys.jpg?resize=350%2C200&ssl=1","width":350,"height":200,"srcset":"https:\/\/i0.wp.com\/www.hoymercedes.com.ar\/principal\/wp-content\/uploads\/2020\/05\/18-locro-all-boys.jpg?resize=350%2C200&ssl=1 1x, https:\/\/i0.wp.com\/www.hoymercedes.com.ar\/principal\/wp-content\/uploads\/2020\/05\/18-locro-all-boys.jpg?resize=525%2C300&ssl=1 1.5x, https:\/\/i0.wp.com\/www.hoymercedes.com.ar\/principal\/wp-content\/uploads\/2020\/05\/18-locro-all-boys.jpg?resize=700%2C400&ssl=1 2x"},"classes":[]},{"id":160859,"url":"https:\/\/www.hoymercedes.com.ar\/principal\/2023\/04\/12\/el-coro-kennedy-a-beneficio-de-la-divina-providencia\/","url_meta":{"origin":76396,"position":2},"title":"El Coro Kennedy a beneficio de la Divina Providencia","author":"hoymercedes","date":"12 abril, 2023","format":false,"excerpt":"La Cooperadora del Hogar Divina Providencia anunci\u00f3 que el venidero 22 de abril, se presentar\u00e1 el Coro Kennedy en el teatro Argentino Julio C\u00e9sar Gioscio a beneficio del Hogar. A partir de la hora 20:30, comenzar\u00e1 el espect\u00e1culo que tendr\u00e1 un bono colaboraci\u00f3n de 500 pesos. Las entradas est\u00e1n a\u2026","rel":"","context":"En \u00abCultura\u00bb","block_context":{"text":"Cultura","link":"https:\/\/www.hoymercedes.com.ar\/principal\/category\/cultura\/"},"img":{"alt_text":"","src":"https:\/\/i0.wp.com\/www.hoymercedes.com.ar\/principal\/wp-content\/uploads\/2023\/04\/IMG-20230412-WA0036_copy_800x800.jpg?resize=350%2C200&ssl=1","width":350,"height":200,"srcset":"https:\/\/i0.wp.com\/www.hoymercedes.com.ar\/principal\/wp-content\/uploads\/2023\/04\/IMG-20230412-WA0036_copy_800x800.jpg?resize=350%2C200&ssl=1 1x, https:\/\/i0.wp.com\/www.hoymercedes.com.ar\/principal\/wp-content\/uploads\/2023\/04\/IMG-20230412-WA0036_copy_800x800.jpg?resize=525%2C300&ssl=1 1.5x, https:\/\/i0.wp.com\/www.hoymercedes.com.ar\/principal\/wp-content\/uploads\/2023\/04\/IMG-20230412-WA0036_copy_800x800.jpg?resize=700%2C400&ssl=1 2x"},"classes":[]},{"id":137687,"url":"https:\/\/www.hoymercedes.com.ar\/principal\/2021\/09\/22\/el-hogar-divina-providencia-festeja-129-anos\/","url_meta":{"origin":76396,"position":3},"title":"El Hogar Divina Providencia festeja 129 a\u00f1os","author":"hoymercedes","date":"22 septiembre, 2021","format":false,"excerpt":"\"129 a\u00f1os Acompa\u00f1ando la Vida\" es la consigna de celebraci\u00f3n por un nuevo aniversario del Hogar Divina Providencia de San Jos\u00e9. Fundado el 23 de septiembre de 1892, la comunidad del hogar festejar\u00e1 de manera especial este nuevo aniversario. A la hora 9, en el Hogar celebrar\u00e1n una misa. \"Debido\u2026","rel":"","context":"En \u00abSociedad\u00bb","block_context":{"text":"Sociedad","link":"https:\/\/www.hoymercedes.com.ar\/principal\/category\/sociedad\/"},"img":{"alt_text":"","src":"https:\/\/i0.wp.com\/www.hoymercedes.com.ar\/principal\/wp-content\/uploads\/2021\/09\/IMG_20210922_121034014.jpg?resize=350%2C200&ssl=1","width":350,"height":200,"srcset":"https:\/\/i0.wp.com\/www.hoymercedes.com.ar\/principal\/wp-content\/uploads\/2021\/09\/IMG_20210922_121034014.jpg?resize=350%2C200&ssl=1 1x, https:\/\/i0.wp.com\/www.hoymercedes.com.ar\/principal\/wp-content\/uploads\/2021\/09\/IMG_20210922_121034014.jpg?resize=525%2C300&ssl=1 1.5x, https:\/\/i0.wp.com\/www.hoymercedes.com.ar\/principal\/wp-content\/uploads\/2021\/09\/IMG_20210922_121034014.jpg?resize=700%2C400&ssl=1 2x"},"classes":[]},{"id":50201,"url":"https:\/\/www.hoymercedes.com.ar\/principal\/2016\/05\/22\/venta-de-pasteles-a-beneficio-de-la-divina-providencia\/","url_meta":{"origin":76396,"position":4},"title":"Venta de pasteles a beneficio de la Divina Providencia","author":"hoymercedes","date":"22 mayo, 2016","format":false,"excerpt":"En el marco de la campa\u00f1a para las obras de construcci\u00f3n y ampliaci\u00f3n del Hogar \u201cDivina Providencia\u201d, este mi\u00e9rcoles 25 de mayo, se estar\u00e1n vendiendo pasteles para recaudar fondos. Se vender\u00e1n a 80 pesos la docena, y se podr\u00e1n retirar por calle 23 entre 32 y 34, de 10 a\u2026","rel":"","context":"En \u00abCiudad\u00bb","block_context":{"text":"Ciudad","link":"https:\/\/www.hoymercedes.com.ar\/principal\/category\/ciudad\/"},"img":{"alt_text":"","src":"","width":0,"height":0},"classes":[]},{"id":153063,"url":"https:\/\/www.hoymercedes.com.ar\/principal\/2022\/09\/17\/remate-del-salame-quintero-los-recaudado-fue-a-la-divina-providencia\/","url_meta":{"origin":76396,"position":5},"title":"Remate del Salame Quintero: los recaudado fue a la Divina Providencia","author":"hoymercedes","date":"17 septiembre, 2022","format":false,"excerpt":"Desde el Municipio de Mercedes informaron que entregaron la recaudaci\u00f3n producto del remate de los Salames Quinteros que presentaron los productores para la \u00faltima fiesta a la Comisi\u00f3n Directiva del Hogar Divina Providencia.","rel":"","context":"En \u00abSociedad\u00bb","block_context":{"text":"Sociedad","link":"https:\/\/www.hoymercedes.com.ar\/principal\/category\/sociedad\/"},"img":{"alt_text":"","src":"https:\/\/i0.wp.com\/www.hoymercedes.com.ar\/principal\/wp-content\/uploads\/2022\/09\/DSC07177.jpg?resize=350%2C200&ssl=1","width":350,"height":200,"srcset":"https:\/\/i0.wp.com\/www.hoymercedes.com.ar\/principal\/wp-content\/uploads\/2022\/09\/DSC07177.jpg?resize=350%2C200&ssl=1 1x, https:\/\/i0.wp.com\/www.hoymercedes.com.ar\/principal\/wp-content\/uploads\/2022\/09\/DSC07177.jpg?resize=525%2C300&ssl=1 1.5x, https:\/\/i0.wp.com\/www.hoymercedes.com.ar\/principal\/wp-content\/uploads\/2022\/09\/DSC07177.jpg?resize=700%2C400&ssl=1 2x"},"classes":[]}],"_links":{"self":[{"href":"https:\/\/www.hoymercedes.com.ar\/principal\/wp-json\/wp\/v2\/posts\/76396","targetHints":{"allow":["GET"]}}],"collection":[{"href":"https:\/\/www.hoymercedes.com.ar\/principal\/wp-json\/wp\/v2\/posts"}],"about":[{"href":"https:\/\/www.hoymercedes.com.ar\/principal\/wp-json\/wp\/v2\/types\/post"}],"author":[{"embeddable":true,"href":"https:\/\/www.hoymercedes.com.ar\/principal\/wp-json\/wp\/v2\/users\/1"}],"replies":[{"embeddable":true,"href":"https:\/\/www.hoymercedes.com.ar\/principal\/wp-json\/wp\/v2\/comments?post=76396"}],"version-history":[{"count":0,"href":"https:\/\/www.hoymercedes.com.ar\/principal\/wp-json\/wp\/v2\/posts\/76396\/revisions"}],"wp:attachment":[{"href":"https:\/\/www.hoymercedes.com.ar\/principal\/wp-json\/wp\/v2\/media?parent=76396"}],"wp:term":[{"taxonomy":"category","embeddable":true,"href":"https:\/\/www.hoymercedes.com.ar\/principal\/wp-json\/wp\/v2\/categories?post=76396"},{"taxonomy":"post_tag","embeddable":true,"href":"https:\/\/www.hoymercedes.com.ar\/principal\/wp-json\/wp\/v2\/tags?post=76396"}],"curies":[{"name":"wp","href":"https:\/\/api.w.org\/{rel}","templated":true}]}}