{"id":76409,"date":"2018-05-26T22:05:24","date_gmt":"2018-05-27T01:05:24","guid":{"rendered":"http:\/\/www.hoymercedes.com.ar\/principal\/?p=76409"},"modified":"2018-05-26T21:01:35","modified_gmt":"2018-05-27T00:01:35","slug":"mercedinos-dicen-presente-en-dia-de-los-monumentos-que-continua-este-domingo","status":"publish","type":"post","link":"https:\/\/www.hoymercedes.com.ar\/principal\/2018\/05\/26\/mercedinos-dicen-presente-en-dia-de-los-monumentos-que-continua-este-domingo\/","title":{"rendered":"Mercedinos dicen presente en \u201cD\u00eda de los Monumentos\u201d que continua este domingo"},"content":{"rendered":"<figure id=\"attachment_76410\" aria-describedby=\"caption-attachment-76410\" style=\"width: 620px\" class=\"wp-caption aligncenter\"><img loading=\"lazy\" decoding=\"async\" data-attachment-id=\"76410\" data-permalink=\"https:\/\/www.hoymercedes.com.ar\/principal\/2018\/05\/26\/mercedinos-dicen-presente-en-dia-de-los-monumentos-que-continua-este-domingo\/1-4\/#main\" data-orig-file=\"https:\/\/www.hoymercedes.com.ar\/principal\/wp-content\/uploads\/2018\/05\/1.jpg\" data-orig-size=\"730,548\" data-comments-opened=\"0\" data-image-meta=\"{&quot;aperture&quot;:&quot;0&quot;,&quot;credit&quot;:&quot;&quot;,&quot;camera&quot;:&quot;&quot;,&quot;caption&quot;:&quot;&quot;,&quot;created_timestamp&quot;:&quot;0&quot;,&quot;copyright&quot;:&quot;&quot;,&quot;focal_length&quot;:&quot;0&quot;,&quot;iso&quot;:&quot;0&quot;,&quot;shutter_speed&quot;:&quot;0&quot;,&quot;title&quot;:&quot;&quot;,&quot;orientation&quot;:&quot;0&quot;}\" data-image-title=\"D\u00eda de los monumentos\" data-image-description=\"\" data-image-caption=\"&lt;p&gt;D\u00eda de los monumentos&lt;\/p&gt;\n\" data-large-file=\"https:\/\/www.hoymercedes.com.ar\/principal\/wp-content\/uploads\/2018\/05\/1.jpg\" class=\"size-medium wp-image-76410\" src=\"https:\/\/www.hoymercedes.com.ar\/principal\/wp-content\/uploads\/2018\/05\/1-630x473.jpg\" alt=\"\" width=\"630\" height=\"473\" srcset=\"https:\/\/www.hoymercedes.com.ar\/principal\/wp-content\/uploads\/2018\/05\/1-630x473.jpg 630w, https:\/\/www.hoymercedes.com.ar\/principal\/wp-content\/uploads\/2018\/05\/1-150x113.jpg 150w, https:\/\/www.hoymercedes.com.ar\/principal\/wp-content\/uploads\/2018\/05\/1.jpg 730w\" sizes=\"auto, (max-width: 630px) 100vw, 630px\" \/><figcaption id=\"caption-attachment-76410\" class=\"wp-caption-text\">D\u00eda de los monumentos<\/figcaption><\/figure>\n<p style=\"font-weight: 400;\">La primera jornada del \u201cD\u00eda de los monumentos\u201d fue un gran \u00e9xito. Un importante n\u00famero de mercedinos se hicieron presentes en las propuestas programadas para este s\u00e1bado. Contin\u00faa el domingo con m\u00e1s actividades. Visitas guiadas, m\u00fasica en vivo, expo, son parte de las actividades culturales organizadas.<\/p>\n<figure id=\"attachment_76411\" aria-describedby=\"caption-attachment-76411\" style=\"width: 620px\" class=\"wp-caption aligncenter\"><img loading=\"lazy\" decoding=\"async\" data-attachment-id=\"76411\" data-permalink=\"https:\/\/www.hoymercedes.com.ar\/principal\/2018\/05\/26\/mercedinos-dicen-presente-en-dia-de-los-monumentos-que-continua-este-domingo\/2-6\/#main\" data-orig-file=\"https:\/\/www.hoymercedes.com.ar\/principal\/wp-content\/uploads\/2018\/05\/2.jpg\" data-orig-size=\"730,410\" data-comments-opened=\"0\" data-image-meta=\"{&quot;aperture&quot;:&quot;0&quot;,&quot;credit&quot;:&quot;&quot;,&quot;camera&quot;:&quot;&quot;,&quot;caption&quot;:&quot;&quot;,&quot;created_timestamp&quot;:&quot;0&quot;,&quot;copyright&quot;:&quot;&quot;,&quot;focal_length&quot;:&quot;0&quot;,&quot;iso&quot;:&quot;0&quot;,&quot;shutter_speed&quot;:&quot;0&quot;,&quot;title&quot;:&quot;&quot;,&quot;orientation&quot;:&quot;0&quot;}\" data-image-title=\"Violines en Bas\u00edlica Catedral\" data-image-description=\"\" data-image-caption=\"&lt;p&gt;Violines en Bas\u00edlica Catedral&lt;\/p&gt;\n\" data-large-file=\"https:\/\/www.hoymercedes.com.ar\/principal\/wp-content\/uploads\/2018\/05\/2.jpg\" class=\"size-medium wp-image-76411\" src=\"https:\/\/www.hoymercedes.com.ar\/principal\/wp-content\/uploads\/2018\/05\/2-630x354.jpg\" alt=\"\" width=\"630\" height=\"354\" srcset=\"https:\/\/www.hoymercedes.com.ar\/principal\/wp-content\/uploads\/2018\/05\/2-630x354.jpg 630w, https:\/\/www.hoymercedes.com.ar\/principal\/wp-content\/uploads\/2018\/05\/2-150x84.jpg 150w, https:\/\/www.hoymercedes.com.ar\/principal\/wp-content\/uploads\/2018\/05\/2.jpg 730w\" sizes=\"auto, (max-width: 630px) 100vw, 630px\" \/><figcaption id=\"caption-attachment-76411\" class=\"wp-caption-text\">Violines en Bas\u00edlica Catedral<\/figcaption><\/figure>\n<p style=\"font-weight: 400;\">Este s\u00e1bado arranc\u00f3 a las 10.00hs en Plaza San Martin con una visita Guiada del Circuito Descubr\u00ed Mercedes. Luego a las 11.00hs en\u00a0\u00a0Iglesia Catedral-con visita guiada y 11.30hs un delicioso Concierto de Viol\u00edn Orquesta\u00a0\u00a0a cargo de la Escuela Juvenil.\u00a0\u00a0Por la tarde arranc\u00f3 la actividad a las 17hs en Plaza San Martin con una nueva visita guiada del Circuito Descubr\u00ed Mercedes, luego a las 18hs en el recinto del\u00a0\u00a0Consejo Deliberante tras visita guiada se disfrut\u00f3 de un concierto de Jazz a d\u00fao de Ezequiel Iglesias y Roxana Cane para continuar a las 20.00hs en la\u00a0\u00a0Pulper\u00eda de Cacho Dicatarina y el folklore de Soco Larralde<\/p>\n<figure id=\"attachment_76412\" aria-describedby=\"caption-attachment-76412\" style=\"width: 620px\" class=\"wp-caption aligncenter\"><img loading=\"lazy\" decoding=\"async\" data-attachment-id=\"76412\" data-permalink=\"https:\/\/www.hoymercedes.com.ar\/principal\/2018\/05\/26\/mercedinos-dicen-presente-en-dia-de-los-monumentos-que-continua-este-domingo\/4-7\/#main\" data-orig-file=\"https:\/\/www.hoymercedes.com.ar\/principal\/wp-content\/uploads\/2018\/05\/4.jpg\" data-orig-size=\"730,480\" data-comments-opened=\"0\" data-image-meta=\"{&quot;aperture&quot;:&quot;0&quot;,&quot;credit&quot;:&quot;&quot;,&quot;camera&quot;:&quot;&quot;,&quot;caption&quot;:&quot;&quot;,&quot;created_timestamp&quot;:&quot;0&quot;,&quot;copyright&quot;:&quot;&quot;,&quot;focal_length&quot;:&quot;0&quot;,&quot;iso&quot;:&quot;0&quot;,&quot;shutter_speed&quot;:&quot;0&quot;,&quot;title&quot;:&quot;&quot;,&quot;orientation&quot;:&quot;0&quot;}\" data-image-title=\"Jazz en concejo deliberante\" data-image-description=\"\" data-image-caption=\"&lt;p&gt;Jazz en Concejo Deliberante&lt;\/p&gt;\n\" data-large-file=\"https:\/\/www.hoymercedes.com.ar\/principal\/wp-content\/uploads\/2018\/05\/4.jpg\" class=\"size-medium wp-image-76412\" src=\"https:\/\/www.hoymercedes.com.ar\/principal\/wp-content\/uploads\/2018\/05\/4-630x414.jpg\" alt=\"\" width=\"630\" height=\"414\" srcset=\"https:\/\/www.hoymercedes.com.ar\/principal\/wp-content\/uploads\/2018\/05\/4-630x414.jpg 630w, https:\/\/www.hoymercedes.com.ar\/principal\/wp-content\/uploads\/2018\/05\/4-150x99.jpg 150w, https:\/\/www.hoymercedes.com.ar\/principal\/wp-content\/uploads\/2018\/05\/4.jpg 730w\" sizes=\"auto, (max-width: 630px) 100vw, 630px\" \/><figcaption id=\"caption-attachment-76412\" class=\"wp-caption-text\">Jazz en Concejo Deliberante<\/figcaption><\/figure>\n<p style=\"font-weight: 400;\">Ya el domingo sigue la propuesta a las 15.30hs en Museo Miguez con una nueva visita guiada y una atractiva representaci\u00f3n del Personaje de Sof\u00eda Miguez por Gabriela Loruzzo. Luego a las 17.00hs en Iglesia San Patricio tendremos una visita guiada y un mini Concierto de \u00d3rgano a cargo de Manuel Maturo y Milagros Vallejos.<\/p>\n<p style=\"font-weight: 400;\">La Comisi\u00f3n de Patrimonio Hist\u00f3rico y la Direcci\u00f3n de Cultura reiteran la invitaci\u00f3n a todos los mercedinos a ser parte de estos entretenimientos ricos en cultura y tradici\u00f3n totalmente libres, p\u00fablicos y gratuitos.<\/p>\n<p>&nbsp;<\/p>\n<p>Info: Municipio<\/p>\n","protected":false},"excerpt":{"rendered":"<p>La primera jornada del \u201cD\u00eda de los monumentos\u201d fue un gran \u00e9xito. Un importante n\u00famero de mercedinos se hicieron presentes &#8230; <a title=\"Mercedinos dicen presente en \u201cD\u00eda de los Monumentos\u201d que continua este domingo\" class=\"read-more\" href=\"https:\/\/www.hoymercedes.com.ar\/principal\/2018\/05\/26\/mercedinos-dicen-presente-en-dia-de-los-monumentos-que-continua-este-domingo\/\" aria-label=\"Leer m\u00e1s sobre Mercedinos dicen presente en \u201cD\u00eda de los Monumentos\u201d que continua este domingo\">Leer m\u00e1s<\/a><\/p>\n","protected":false},"author":1,"featured_media":76411,"comment_status":"closed","ping_status":"open","sticky":false,"template":"","format":"standard","meta":{"_monsterinsights_skip_tracking":false,"_monsterinsights_sitenote_active":false,"_monsterinsights_sitenote_note":"","_monsterinsights_sitenote_category":0,"jetpack_post_was_ever_published":false,"_jetpack_newsletter_access":"","_jetpack_dont_email_post_to_subs":false,"_jetpack_newsletter_tier_id":0,"_jetpack_memberships_contains_paywalled_content":false,"_jetpack_memberships_contains_paid_content":false,"footnotes":"","jetpack_publicize_message":"","jetpack_publicize_feature_enabled":true,"jetpack_social_post_already_shared":true,"jetpack_social_options":{"image_generator_settings":{"template":"highway","default_image_id":0,"font":"","enabled":false},"version":2},"_wpas_customize_per_network":false},"categories":[104],"tags":[10772],"class_list":["post-76409","post","type-post","status-publish","format-standard","has-post-thumbnail","hentry","category-cultura","tag-dia-de-los-monumentos","generate-columns","tablet-grid-50","mobile-grid-100","grid-parent","grid-50"],"jetpack_publicize_connections":[],"jetpack_featured_media_url":"https:\/\/www.hoymercedes.com.ar\/principal\/wp-content\/uploads\/2018\/05\/2.jpg","wps_subtitle":"Cultura","jetpack_sharing_enabled":true,"jetpack-related-posts":[{"id":76430,"url":"https:\/\/www.hoymercedes.com.ar\/principal\/2018\/05\/28\/76430\/","url_meta":{"origin":76409,"position":0},"title":"Dos jornadas de celebraci\u00f3n por el D\u00eda de los Monumentos","author":"hoymercedes","date":"28 mayo, 2018","format":false,"excerpt":"Durante el fin de semana se llev\u00f3 a cabo una nueva edici\u00f3n del \u201cD\u00eda de los monumentos\u201d durante el s\u00e1bado y domingo. Gran cantidad de mercedinos se hicieron presentes en las propuestas culturales, los paseos guiados y los espect\u00e1culos propuestos por la Municipalidad de Mercedes. Desde la Comisi\u00f3n de Patrimonio\u2026","rel":"","context":"En \u00abMunicipio\u00bb","block_context":{"text":"Municipio","link":"https:\/\/www.hoymercedes.com.ar\/principal\/category\/municipio\/"},"img":{"alt_text":"","src":"https:\/\/i0.wp.com\/www.hoymercedes.com.ar\/principal\/wp-content\/uploads\/2018\/05\/1.jpg?resize=350%2C200&ssl=1","width":350,"height":200,"srcset":"https:\/\/i0.wp.com\/www.hoymercedes.com.ar\/principal\/wp-content\/uploads\/2018\/05\/1.jpg?resize=350%2C200&ssl=1 1x, https:\/\/i0.wp.com\/www.hoymercedes.com.ar\/principal\/wp-content\/uploads\/2018\/05\/1.jpg?resize=525%2C300&ssl=1 1.5x, https:\/\/i0.wp.com\/www.hoymercedes.com.ar\/principal\/wp-content\/uploads\/2018\/05\/1.jpg?resize=700%2C400&ssl=1 2x"},"classes":[]},{"id":76179,"url":"https:\/\/www.hoymercedes.com.ar\/principal\/2018\/05\/23\/propuestas-culturales-y-de-promocion-turistica-para-el-fin-de-seman\/","url_meta":{"origin":76409,"position":1},"title":"Propuestas culturales y de promoci\u00f3n turistica para el fin de semana","author":"hoymercedes","date":"23 mayo, 2018","format":false,"excerpt":"Se llev\u00f3 a cabo un nuevo encuentro en pos de generar mecanismos de trabajo conjunto entre la Direcci\u00f3n de Turismo, La Trocha y estudiantes y graduados de la carrera de Turismo del Instituto 401 y particularmente pensando en las actividades que viviremos los pr\u00f3ximos 26 y 27 de mayo con\u2026","rel":"","context":"En \u00abMunicipio\u00bb","block_context":{"text":"Municipio","link":"https:\/\/www.hoymercedes.com.ar\/principal\/category\/municipio\/"},"img":{"alt_text":"","src":"https:\/\/i0.wp.com\/www.hoymercedes.com.ar\/principal\/wp-content\/uploads\/2018\/05\/turismo-reunion.jpg?resize=350%2C200&ssl=1","width":350,"height":200,"srcset":"https:\/\/i0.wp.com\/www.hoymercedes.com.ar\/principal\/wp-content\/uploads\/2018\/05\/turismo-reunion.jpg?resize=350%2C200&ssl=1 1x, https:\/\/i0.wp.com\/www.hoymercedes.com.ar\/principal\/wp-content\/uploads\/2018\/05\/turismo-reunion.jpg?resize=525%2C300&ssl=1 1.5x, https:\/\/i0.wp.com\/www.hoymercedes.com.ar\/principal\/wp-content\/uploads\/2018\/05\/turismo-reunion.jpg?resize=700%2C400&ssl=1 2x"},"classes":[]},{"id":92049,"url":"https:\/\/www.hoymercedes.com.ar\/principal\/2019\/04\/28\/4-de-mayo-dia-de-los-monumentos\/","url_meta":{"origin":76409,"position":2},"title":"4 de mayo: D\u00eda de los Monumentos","author":"hoymercedes","date":"28 abril, 2019","format":false,"excerpt":"En la ma\u00f1ana del s\u00e1bado 4 de mayo se llevar\u00e1 como actividad cultural una visita al centro hist\u00f3rico de la ciudad en el marco del D\u00eda Nacional de los Monumentos. Desde las diez de la ma\u00f1ana y hasta el mediod\u00eda recorrer\u00e1n la Plaza San Mart\u00edn, la Bas\u00edlica Catedral donde habr\u00e1\u2026","rel":"","context":"En \u00abCultura\u00bb","block_context":{"text":"Cultura","link":"https:\/\/www.hoymercedes.com.ar\/principal\/category\/cultura\/"},"img":{"alt_text":"","src":"https:\/\/i0.wp.com\/www.hoymercedes.com.ar\/principal\/wp-content\/uploads\/2019\/04\/28-monumento.jpg?resize=350%2C200&ssl=1","width":350,"height":200,"srcset":"https:\/\/i0.wp.com\/www.hoymercedes.com.ar\/principal\/wp-content\/uploads\/2019\/04\/28-monumento.jpg?resize=350%2C200&ssl=1 1x, https:\/\/i0.wp.com\/www.hoymercedes.com.ar\/principal\/wp-content\/uploads\/2019\/04\/28-monumento.jpg?resize=525%2C300&ssl=1 1.5x, https:\/\/i0.wp.com\/www.hoymercedes.com.ar\/principal\/wp-content\/uploads\/2019\/04\/28-monumento.jpg?resize=700%2C400&ssl=1 2x"},"classes":[]},{"id":92405,"url":"https:\/\/www.hoymercedes.com.ar\/principal\/2019\/05\/06\/dia-de-los-monumentos-recorridas-conciertos-visitas-guiadas-y-mucha-historia\/","url_meta":{"origin":76409,"position":3},"title":"D\u00eda de los Monumentos: recorridas, conciertos, visitas guiadas y mucha historia","author":"hoymercedes","date":"6 mayo, 2019","format":false,"excerpt":"Se llev\u00f3 a cabo un nuevo encuentro por el \u201cD\u00eda Nacional de los Monumentos\u201d, con actividades que expusieron con excelentes propuestas todo lo valioso que tenemos en Mercedes en cultura, tradici\u00f3n e infraestructura. Hubo recorridas, visitas guiadas, m\u00fasica en vivo, y una fuerte difusi\u00f3n de nuestra historia. Estuvo organizado por\u2026","rel":"","context":"En \u00abCultura\u00bb","block_context":{"text":"Cultura","link":"https:\/\/www.hoymercedes.com.ar\/principal\/category\/cultura\/"},"img":{"alt_text":"","src":"https:\/\/i0.wp.com\/www.hoymercedes.com.ar\/principal\/wp-content\/uploads\/2019\/05\/05-monumentos2.jpeg?resize=350%2C200&ssl=1","width":350,"height":200,"srcset":"https:\/\/i0.wp.com\/www.hoymercedes.com.ar\/principal\/wp-content\/uploads\/2019\/05\/05-monumentos2.jpeg?resize=350%2C200&ssl=1 1x, https:\/\/i0.wp.com\/www.hoymercedes.com.ar\/principal\/wp-content\/uploads\/2019\/05\/05-monumentos2.jpeg?resize=525%2C300&ssl=1 1.5x, https:\/\/i0.wp.com\/www.hoymercedes.com.ar\/principal\/wp-content\/uploads\/2019\/05\/05-monumentos2.jpeg?resize=700%2C400&ssl=1 2x"},"classes":[]},{"id":60933,"url":"https:\/\/www.hoymercedes.com.ar\/principal\/2017\/03\/22\/recorridas-guiadas-por-las-iglesias-en-el-dia-de-los-monumentos\/","url_meta":{"origin":76409,"position":4},"title":"Recorridas guiadas por las Iglesias en el D\u00eda de los Monumentos","author":"hoymercedes","date":"22 marzo, 2017","format":false,"excerpt":"El fin de semana que pas\u00f3 se organiz\u00f3 desde la\u00a0Comisi\u00f3n Municipal de Patrimonio Hist\u00f3rico una serie de visitas guiadas por los principales templos cat\u00f3licos de la ciudad en el marco del\u00a0\u201cD\u00eda Nacional de los Monumentos\u201d. La respuesta del p\u00fablico fue destacable\u00a0al aprovechar recorridos con la historia de las Iglesias, as\u00ed\u2026","rel":"","context":"En \u00abCultura\u00bb","block_context":{"text":"Cultura","link":"https:\/\/www.hoymercedes.com.ar\/principal\/category\/cultura\/"},"img":{"alt_text":"","src":"https:\/\/i0.wp.com\/www.hoymercedes.com.ar\/principal\/wp-content\/uploads\/2017\/03\/22-monumentos-1.jpg?resize=350%2C200&ssl=1","width":350,"height":200,"srcset":"https:\/\/i0.wp.com\/www.hoymercedes.com.ar\/principal\/wp-content\/uploads\/2017\/03\/22-monumentos-1.jpg?resize=350%2C200&ssl=1 1x, https:\/\/i0.wp.com\/www.hoymercedes.com.ar\/principal\/wp-content\/uploads\/2017\/03\/22-monumentos-1.jpg?resize=525%2C300&ssl=1 1.5x"},"classes":[]},{"id":60569,"url":"https:\/\/www.hoymercedes.com.ar\/principal\/2017\/03\/15\/sabado-18-y-domingo-19-oportunidad-para-conocer-monumentos-historicos-mercedinos\/","url_meta":{"origin":76409,"position":5},"title":"S\u00e1bado 18 y domingo 19 oportunidad para conocer monumentos hist\u00f3ricos mercedinos","author":"hoymercedes","date":"15 marzo, 2017","format":false,"excerpt":"Desde la Comisi\u00f3n\u00a0 de Patrimonio de Mercedes\u00a0dieron a conocer una propuesta cultural para que los vecinos y turistas realicen en el marco del D\u00eda\u00a0Nacional de los Monumentos. En adhesi\u00f3n a la propuesta que organiza la Comisi\u00f3n Nacional de Monumentos, de Lugares y de Bienes Hist\u00f3ricos durante los d\u00edas 18 y\u2026","rel":"","context":"En \u00abCultura\u00bb","block_context":{"text":"Cultura","link":"https:\/\/www.hoymercedes.com.ar\/principal\/category\/cultura\/"},"img":{"alt_text":"","src":"https:\/\/i0.wp.com\/www.hoymercedes.com.ar\/principal\/wp-content\/uploads\/2017\/03\/12-CUNA-patrimonio.jpg?resize=350%2C200&ssl=1","width":350,"height":200,"srcset":"https:\/\/i0.wp.com\/www.hoymercedes.com.ar\/principal\/wp-content\/uploads\/2017\/03\/12-CUNA-patrimonio.jpg?resize=350%2C200&ssl=1 1x, https:\/\/i0.wp.com\/www.hoymercedes.com.ar\/principal\/wp-content\/uploads\/2017\/03\/12-CUNA-patrimonio.jpg?resize=525%2C300&ssl=1 1.5x"},"classes":[]}],"_links":{"self":[{"href":"https:\/\/www.hoymercedes.com.ar\/principal\/wp-json\/wp\/v2\/posts\/76409","targetHints":{"allow":["GET"]}}],"collection":[{"href":"https:\/\/www.hoymercedes.com.ar\/principal\/wp-json\/wp\/v2\/posts"}],"about":[{"href":"https:\/\/www.hoymercedes.com.ar\/principal\/wp-json\/wp\/v2\/types\/post"}],"author":[{"embeddable":true,"href":"https:\/\/www.hoymercedes.com.ar\/principal\/wp-json\/wp\/v2\/users\/1"}],"replies":[{"embeddable":true,"href":"https:\/\/www.hoymercedes.com.ar\/principal\/wp-json\/wp\/v2\/comments?post=76409"}],"version-history":[{"count":0,"href":"https:\/\/www.hoymercedes.com.ar\/principal\/wp-json\/wp\/v2\/posts\/76409\/revisions"}],"wp:featuredmedia":[{"embeddable":true,"href":"https:\/\/www.hoymercedes.com.ar\/principal\/wp-json\/wp\/v2\/media\/76411"}],"wp:attachment":[{"href":"https:\/\/www.hoymercedes.com.ar\/principal\/wp-json\/wp\/v2\/media?parent=76409"}],"wp:term":[{"taxonomy":"category","embeddable":true,"href":"https:\/\/www.hoymercedes.com.ar\/principal\/wp-json\/wp\/v2\/categories?post=76409"},{"taxonomy":"post_tag","embeddable":true,"href":"https:\/\/www.hoymercedes.com.ar\/principal\/wp-json\/wp\/v2\/tags?post=76409"}],"curies":[{"name":"wp","href":"https:\/\/api.w.org\/{rel}","templated":true}]}}