{"id":76417,"date":"2018-05-27T11:00:01","date_gmt":"2018-05-27T14:00:01","guid":{"rendered":"http:\/\/www.hoymercedes.com.ar\/principal\/?p=76417"},"modified":"2018-05-26T23:30:39","modified_gmt":"2018-05-27T02:30:39","slug":"secretaria-de-seguridad-sigue-con-sus-foros-en-los-barrios","status":"publish","type":"post","link":"https:\/\/www.hoymercedes.com.ar\/principal\/2018\/05\/27\/secretaria-de-seguridad-sigue-con-sus-foros-en-los-barrios\/","title":{"rendered":"Secretar\u00eda de Seguridad sigue con sus foros en los barrios"},"content":{"rendered":"<figure id=\"attachment_76418\" aria-describedby=\"caption-attachment-76418\" style=\"width: 620px\" class=\"wp-caption aligncenter\"><img loading=\"lazy\" decoding=\"async\" data-attachment-id=\"76418\" data-permalink=\"https:\/\/www.hoymercedes.com.ar\/principal\/2018\/05\/27\/secretaria-de-seguridad-sigue-con-sus-foros-en-los-barrios\/20180522-foro-de-seguridad-b-america-04\/#main\" data-orig-file=\"https:\/\/www.hoymercedes.com.ar\/principal\/wp-content\/uploads\/2018\/05\/20180522-Foro-de-Seguridad-B.-Am\u00e9rica-04.jpg\" data-orig-size=\"1032,774\" data-comments-opened=\"0\" data-image-meta=\"{&quot;aperture&quot;:&quot;0&quot;,&quot;credit&quot;:&quot;&quot;,&quot;camera&quot;:&quot;&quot;,&quot;caption&quot;:&quot;&quot;,&quot;created_timestamp&quot;:&quot;0&quot;,&quot;copyright&quot;:&quot;&quot;,&quot;focal_length&quot;:&quot;0&quot;,&quot;iso&quot;:&quot;0&quot;,&quot;shutter_speed&quot;:&quot;0&quot;,&quot;title&quot;:&quot;&quot;,&quot;orientation&quot;:&quot;0&quot;}\" data-image-title=\"Foro de Seguridad &amp;#8211; B. Am\u00e9rica 04\" data-image-description=\"\" data-image-caption=\"&lt;p&gt;Foro de Seguridad &amp;#8211; Barrio Am\u00e9rica &lt;\/p&gt;\n\" data-large-file=\"https:\/\/www.hoymercedes.com.ar\/principal\/wp-content\/uploads\/2018\/05\/20180522-Foro-de-Seguridad-B.-Am\u00e9rica-04-1024x768.jpg\" class=\"size-medium wp-image-76418\" src=\"https:\/\/www.hoymercedes.com.ar\/principal\/wp-content\/uploads\/2018\/05\/20180522-Foro-de-Seguridad-B.-Am\u00e9rica-04-630x473.jpg\" alt=\"\" width=\"630\" height=\"473\" srcset=\"https:\/\/www.hoymercedes.com.ar\/principal\/wp-content\/uploads\/2018\/05\/20180522-Foro-de-Seguridad-B.-Am\u00e9rica-04-630x473.jpg 630w, https:\/\/www.hoymercedes.com.ar\/principal\/wp-content\/uploads\/2018\/05\/20180522-Foro-de-Seguridad-B.-Am\u00e9rica-04-150x113.jpg 150w, https:\/\/www.hoymercedes.com.ar\/principal\/wp-content\/uploads\/2018\/05\/20180522-Foro-de-Seguridad-B.-Am\u00e9rica-04-1024x768.jpg 1024w, https:\/\/www.hoymercedes.com.ar\/principal\/wp-content\/uploads\/2018\/05\/20180522-Foro-de-Seguridad-B.-Am\u00e9rica-04.jpg 1032w\" sizes=\"auto, (max-width: 630px) 100vw, 630px\" \/><figcaption id=\"caption-attachment-76418\" class=\"wp-caption-text\">Foro de Seguridad &#8211; Barrio Am\u00e9ricase<\/figcaption><\/figure>\n<p style=\"font-weight: 400;\">Barrio Am\u00e9rica recibi\u00f3 al Foro de Seguridad. Tal como viene sucediendo cada semana d\u00edas atr\u00e1s la Municipalidad de Mercedes llev\u00f3 la herramienta de debate y trabajo ciudadano al mencionado barrio a trav\u00e9s de su Secretar\u00eda de Seguridad. La reuni\u00f3n fue en la sede de la sociedad de fomento en calle 49 y 6.<\/p>\n<p style=\"font-weight: 400;\">Las autoridades del \u00e1rea escucharon las sugerencias y solicitudes de los vecinos, adem\u00e1s de brindar informaciones importantes y saberes sobre la prevenci\u00f3n y acci\u00f3n ante una eventualidad o emergencia.<\/p>\n<p style=\"font-weight: 400;\">El foro cont\u00f3 con una gran participaci\u00f3n de vecinos. La Dra. Clara Zunino, el Coordinador del Centro de Monitoreo Esteban Buzzalino y la encargada del Observatorio de Seguridad Lic. Ma. Lourdes Garc\u00eda Moreno y fueron parte de la actividad.<\/p>\n<p style=\"font-weight: 400;\">La agenda fue muy nutrida, desde pedidos de patrullaje a m\u00e1s iluminaci\u00f3n, reductores de velocidad y tambi\u00e9n alertas sobre comportamientos vecinales.<\/p>\n<p style=\"font-weight: 400;\">\u201cEsta es una herramienta muy valiosa. Nos permite estar en contacto directo con los vecinos, con su realidad y combinar con nuestro plan integral medidas concretas\u201d, narr\u00f3 la sub secretaria de seguridad.<\/p>\n<p style=\"font-weight: 400;\">Tal como se desarroll\u00f3 el a\u00f1o pasado, en el actual contin\u00faa. La ocasi\u00f3n tambi\u00e9n fue v\u00e1lida para narrar y dar detalles a los vecinos de las nuevas incorporaciones, siendo 3 patrulleros m\u00e1s para la polic\u00eda comunal sumando en dos a\u00f1os de gesti\u00f3n 33 veh\u00edculos, entre motos y autos, cont\u00f3 Zunino.<\/p>\n<p><span style=\"color: #808080;\">Fuente: Municipio<\/span><\/p>\n","protected":false},"excerpt":{"rendered":"<p>Barrio Am\u00e9rica recibi\u00f3 al Foro de Seguridad. Tal como viene sucediendo cada semana d\u00edas atr\u00e1s la Municipalidad de Mercedes llev\u00f3 &#8230; <a title=\"Secretar\u00eda de Seguridad sigue con sus foros en los barrios\" class=\"read-more\" href=\"https:\/\/www.hoymercedes.com.ar\/principal\/2018\/05\/27\/secretaria-de-seguridad-sigue-con-sus-foros-en-los-barrios\/\" aria-label=\"Leer m\u00e1s sobre Secretar\u00eda de Seguridad sigue con sus foros en los barrios\">Leer m\u00e1s<\/a><\/p>\n","protected":false},"author":1,"featured_media":76418,"comment_status":"closed","ping_status":"open","sticky":false,"template":"","format":"standard","meta":{"_monsterinsights_skip_tracking":false,"_monsterinsights_sitenote_active":false,"_monsterinsights_sitenote_note":"","_monsterinsights_sitenote_category":0,"jetpack_post_was_ever_published":false,"_jetpack_newsletter_access":"","_jetpack_dont_email_post_to_subs":false,"_jetpack_newsletter_tier_id":0,"_jetpack_memberships_contains_paywalled_content":false,"_jetpack_memberships_contains_paid_content":false,"footnotes":"","jetpack_publicize_message":"","jetpack_publicize_feature_enabled":true,"jetpack_social_post_already_shared":true,"jetpack_social_options":{"image_generator_settings":{"template":"highway","default_image_id":0,"font":"","enabled":false},"version":2},"_wpas_customize_per_network":false},"categories":[30],"tags":[1796,11910],"class_list":["post-76417","post","type-post","status-publish","format-standard","has-post-thumbnail","hentry","category-municipio","tag-barrio-america","tag-clara-zunino","generate-columns","tablet-grid-50","mobile-grid-100","grid-parent","grid-50"],"jetpack_publicize_connections":[],"jetpack_featured_media_url":"https:\/\/www.hoymercedes.com.ar\/principal\/wp-content\/uploads\/2018\/05\/20180522-Foro-de-Seguridad-B.-Am\u00e9rica-04.jpg","wps_subtitle":"Trabajo vecinal ","jetpack_sharing_enabled":true,"jetpack-related-posts":[{"id":129475,"url":"https:\/\/www.hoymercedes.com.ar\/principal\/2021\/05\/04\/la-secretaria-de-seguridad-implementa-tranqueras-seguras\/","url_meta":{"origin":76417,"position":0},"title":"La Secretar\u00eda de Seguridad implementa \u201cTranqueras Seguras\u201d","author":"hoymercedes","date":"4 mayo, 2021","format":false,"excerpt":"En estas semanas, se implement\u00f3 un nuevo programa municipal en el barrio Los Troncos. Se trata de \"Tranqueras Seguras\" a cargo de la Secretar\u00eda de Seguridad y busca la identificaci\u00f3n de las tranqueras a fin de proveer de seguridad a los vecinos.\u00a0\u00a0 Durante esta semana se llev\u00f3 a cabo desde\u2026","rel":"","context":"En \u00abMunicipio\u00bb","block_context":{"text":"Municipio","link":"https:\/\/www.hoymercedes.com.ar\/principal\/category\/municipio\/"},"img":{"alt_text":"","src":"https:\/\/i0.wp.com\/www.hoymercedes.com.ar\/principal\/wp-content\/uploads\/2021\/05\/04-tranqueras-seguras.jpeg?resize=350%2C200&ssl=1","width":350,"height":200,"srcset":"https:\/\/i0.wp.com\/www.hoymercedes.com.ar\/principal\/wp-content\/uploads\/2021\/05\/04-tranqueras-seguras.jpeg?resize=350%2C200&ssl=1 1x, https:\/\/i0.wp.com\/www.hoymercedes.com.ar\/principal\/wp-content\/uploads\/2021\/05\/04-tranqueras-seguras.jpeg?resize=525%2C300&ssl=1 1.5x, https:\/\/i0.wp.com\/www.hoymercedes.com.ar\/principal\/wp-content\/uploads\/2021\/05\/04-tranqueras-seguras.jpeg?resize=700%2C400&ssl=1 2x"},"classes":[]},{"id":55359,"url":"https:\/\/www.hoymercedes.com.ar\/principal\/2016\/09\/30\/realizaran-foro-de-seguridad-en-el-barrio-america\/","url_meta":{"origin":76417,"position":1},"title":"Realizar\u00e1n Foro de Seguridad en el Barrio Am\u00e9rica","author":"hoymercedes","date":"30 septiembre, 2016","format":false,"excerpt":"Como todos los lunes, la Oficina\u00a0de Abordaje en Conflicto y Violencia realiza en los distintos barrios de nuestra ciudad un Foro de Seguridad.\u00a0El pr\u00f3ximo d\u00eda lunes 3 de octubre, 18 horas, ser\u00e1 en\u00a0la Sociedad\u00a0de Fomento del Barrio Am\u00e9rica (en calle 6 y 49) donde\u00a0 se propone el espacio del Foro\u2026","rel":"","context":"En \u00abCiudad\u00bb","block_context":{"text":"Ciudad","link":"https:\/\/www.hoymercedes.com.ar\/principal\/category\/ciudad\/"},"img":{"alt_text":"","src":"","width":0,"height":0},"classes":[]},{"id":78750,"url":"https:\/\/www.hoymercedes.com.ar\/principal\/2018\/07\/18\/incorporan-mas-camaras-de-vigilancia-y-realizan-foro-de-seguridad-barrial\/","url_meta":{"origin":76417,"position":2},"title":"Incorporan m\u00e1s c\u00e1maras de vigilancia y realizan foro de seguridad barrial","author":"hoymercedes","date":"18 julio, 2018","format":false,"excerpt":"\u00a0 La Municipalidad de Mercedes, a trav\u00e9s de la Secretar\u00eda de Seguridad, avanza en temas vinculados a la seguridad, con la colocaci\u00f3n de m\u00e1s c\u00e1maras en sectores claves y en consonancia con la justicia, en el marco de una planificaci\u00f3n integral. A la vez que realiza un nuevo foro de\u2026","rel":"","context":"En \u00abMunicipio\u00bb","block_context":{"text":"Municipio","link":"https:\/\/www.hoymercedes.com.ar\/principal\/category\/municipio\/"},"img":{"alt_text":"","src":"https:\/\/i0.wp.com\/www.hoymercedes.com.ar\/principal\/wp-content\/uploads\/2018\/07\/camaras.jpeg?resize=350%2C200&ssl=1","width":350,"height":200,"srcset":"https:\/\/i0.wp.com\/www.hoymercedes.com.ar\/principal\/wp-content\/uploads\/2018\/07\/camaras.jpeg?resize=350%2C200&ssl=1 1x, https:\/\/i0.wp.com\/www.hoymercedes.com.ar\/principal\/wp-content\/uploads\/2018\/07\/camaras.jpeg?resize=525%2C300&ssl=1 1.5x"},"classes":[]},{"id":49927,"url":"https:\/\/www.hoymercedes.com.ar\/principal\/2016\/05\/14\/realizan-foro-de-seguridad-en-el-barrio-guemes\/","url_meta":{"origin":76417,"position":3},"title":"Realizan Foro de Seguridad en el barrio G\u00fcemes","author":"hoymercedes","date":"14 mayo, 2016","format":false,"excerpt":"Las Comisiones Directivas de los Barrios G\u00fcemes y San Justo organizan para todos los vecinos de ambos barrios a la charla que tendr\u00e1 como fin conformar el Foro de Seguridad. Los responsables de brindar la charla son los integrantes de la Oficina de Abordaje de Conflicto y Violencia de la\u00a0Municipalidad\u2026","rel":"","context":"En \u00abSociedad\u00bb","block_context":{"text":"Sociedad","link":"https:\/\/www.hoymercedes.com.ar\/principal\/category\/sociedad\/"},"img":{"alt_text":"","src":"","width":0,"height":0},"classes":[]},{"id":75783,"url":"https:\/\/www.hoymercedes.com.ar\/principal\/2018\/05\/14\/en-el-barrio-ravello-habra-un-nuevo-encuentro-por-seguridad\/","url_meta":{"origin":76417,"position":4},"title":"En el barrio Ravello habr\u00e1 un nuevo encuentro por seguridad","author":"hoymercedes","date":"14 mayo, 2018","format":false,"excerpt":"La Municipalidad de Mercedes, a trav\u00e9s de la Secretar\u00eda de Seguridad, sigue informando a los vecinos sobre las medidas de seguridad llevadas a cabo por el municipio y escuchando las necesidades de los vecinos, propuestas y herramientas a utilizar\u00a0en comunidad. Para ello, todas las semanas realiza foros de seguridad en\u2026","rel":"","context":"En \u00abMunicipio\u00bb","block_context":{"text":"Municipio","link":"https:\/\/www.hoymercedes.com.ar\/principal\/category\/municipio\/"},"img":{"alt_text":"","src":"","width":0,"height":0},"classes":[]},{"id":56228,"url":"https:\/\/www.hoymercedes.com.ar\/principal\/2016\/10\/22\/realizaran-foro-de-seguridad-en-villa-asuncion\/","url_meta":{"origin":76417,"position":5},"title":"Realizar\u00e1n Foro de Seguridad en Villa Asunci\u00f3n","author":"hoymercedes","date":"22 octubre, 2016","format":false,"excerpt":"El pr\u00f3ximo d\u00eda lunes 24 de Octubre a las 18 horas, en calle 318 y 121, sede del barrio \u201cVilla Asunci\u00f3n\u201d,\u00a0 se propone el espacio del Foro de Seguridad para todos los vecinos. Todos los lunes la \u201cOficina de Abordaje en Conflicto y Violencia\u201d realiza en los distintos barrios de\u2026","rel":"","context":"En \u00abCiudad\u00bb","block_context":{"text":"Ciudad","link":"https:\/\/www.hoymercedes.com.ar\/principal\/category\/ciudad\/"},"img":{"alt_text":"","src":"","width":0,"height":0},"classes":[]}],"_links":{"self":[{"href":"https:\/\/www.hoymercedes.com.ar\/principal\/wp-json\/wp\/v2\/posts\/76417","targetHints":{"allow":["GET"]}}],"collection":[{"href":"https:\/\/www.hoymercedes.com.ar\/principal\/wp-json\/wp\/v2\/posts"}],"about":[{"href":"https:\/\/www.hoymercedes.com.ar\/principal\/wp-json\/wp\/v2\/types\/post"}],"author":[{"embeddable":true,"href":"https:\/\/www.hoymercedes.com.ar\/principal\/wp-json\/wp\/v2\/users\/1"}],"replies":[{"embeddable":true,"href":"https:\/\/www.hoymercedes.com.ar\/principal\/wp-json\/wp\/v2\/comments?post=76417"}],"version-history":[{"count":0,"href":"https:\/\/www.hoymercedes.com.ar\/principal\/wp-json\/wp\/v2\/posts\/76417\/revisions"}],"wp:featuredmedia":[{"embeddable":true,"href":"https:\/\/www.hoymercedes.com.ar\/principal\/wp-json\/wp\/v2\/media\/76418"}],"wp:attachment":[{"href":"https:\/\/www.hoymercedes.com.ar\/principal\/wp-json\/wp\/v2\/media?parent=76417"}],"wp:term":[{"taxonomy":"category","embeddable":true,"href":"https:\/\/www.hoymercedes.com.ar\/principal\/wp-json\/wp\/v2\/categories?post=76417"},{"taxonomy":"post_tag","embeddable":true,"href":"https:\/\/www.hoymercedes.com.ar\/principal\/wp-json\/wp\/v2\/tags?post=76417"}],"curies":[{"name":"wp","href":"https:\/\/api.w.org\/{rel}","templated":true}]}}