{"id":76448,"date":"2018-05-28T15:50:48","date_gmt":"2018-05-28T18:50:48","guid":{"rendered":"http:\/\/www.hoymercedes.com.ar\/principal\/?p=76448"},"modified":"2018-05-28T15:06:32","modified_gmt":"2018-05-28T18:06:32","slug":"lucas-biglia-emocionado-hasta-las-lagrimas-al-recordar-a-sus-padres-video","status":"publish","type":"post","link":"https:\/\/www.hoymercedes.com.ar\/principal\/2018\/05\/28\/lucas-biglia-emocionado-hasta-las-lagrimas-al-recordar-a-sus-padres-video\/","title":{"rendered":"Lucas Biglia, emocionado hasta las l\u00e1grimas al recordar a sus padres (video)"},"content":{"rendered":"<p>Clar\u00edn.\u00a0La vida del futbolista obliga a muchas renuncias. Lo sabe Lucas Biglia, que desde muy chico resign\u00f3 buena parte de la diversi\u00f3n en la vida adolescente por una carrera que lo llev\u00f3 a la Selecci\u00f3n argentina y al f\u00fatbol europeo. Y qued\u00f3 claro en una entrevista que le realizaron este jueves que parte de esa vida que qued\u00f3 pendiente todav\u00eda lo persigue.<\/p>\n<p><img loading=\"lazy\" decoding=\"async\" data-attachment-id=\"76449\" data-permalink=\"https:\/\/www.hoymercedes.com.ar\/principal\/2018\/05\/28\/lucas-biglia-emocionado-hasta-las-lagrimas-al-recordar-a-sus-padres-video\/lucas-biglia-emocionado-recuerda-a-su-padre\/#main\" data-orig-file=\"https:\/\/www.hoymercedes.com.ar\/principal\/wp-content\/uploads\/2018\/05\/Lucas-Biglia-emocionado-recuerda-a-su-padre.png\" data-orig-size=\"1366,768\" data-comments-opened=\"0\" data-image-meta=\"{&quot;aperture&quot;:&quot;0&quot;,&quot;credit&quot;:&quot;&quot;,&quot;camera&quot;:&quot;&quot;,&quot;caption&quot;:&quot;&quot;,&quot;created_timestamp&quot;:&quot;0&quot;,&quot;copyright&quot;:&quot;&quot;,&quot;focal_length&quot;:&quot;0&quot;,&quot;iso&quot;:&quot;0&quot;,&quot;shutter_speed&quot;:&quot;0&quot;,&quot;title&quot;:&quot;&quot;,&quot;orientation&quot;:&quot;0&quot;}\" data-image-title=\"Lucas Biglia emocionado recuerda a su padre\" data-image-description=\"\" data-image-caption=\"\" data-large-file=\"https:\/\/www.hoymercedes.com.ar\/principal\/wp-content\/uploads\/2018\/05\/Lucas-Biglia-emocionado-recuerda-a-su-padre-1024x576.png\" class=\"aligncenter size-medium wp-image-76449\" src=\"https:\/\/www.hoymercedes.com.ar\/principal\/wp-content\/uploads\/2018\/05\/Lucas-Biglia-emocionado-recuerda-a-su-padre-630x354.png\" alt=\"\" width=\"630\" height=\"354\" srcset=\"https:\/\/www.hoymercedes.com.ar\/principal\/wp-content\/uploads\/2018\/05\/Lucas-Biglia-emocionado-recuerda-a-su-padre-630x354.png 630w, https:\/\/www.hoymercedes.com.ar\/principal\/wp-content\/uploads\/2018\/05\/Lucas-Biglia-emocionado-recuerda-a-su-padre-150x84.png 150w, https:\/\/www.hoymercedes.com.ar\/principal\/wp-content\/uploads\/2018\/05\/Lucas-Biglia-emocionado-recuerda-a-su-padre-1024x576.png 1024w, https:\/\/www.hoymercedes.com.ar\/principal\/wp-content\/uploads\/2018\/05\/Lucas-Biglia-emocionado-recuerda-a-su-padre.png 1366w\" sizes=\"auto, (max-width: 630px) 100vw, 630px\" \/><\/p>\n<p>El recuerdo aflor\u00f3 en la nota en el programa\u00a0<strong>Estudio F\u00fatbol<\/strong>, por\u00a0<strong>TyC Sports<\/strong>. M\u00e1s all\u00e1 de la gloria futbolera, para Estela, su mam\u00e1, por encima de todo eso est\u00e1 una aspiraci\u00f3n: que finalmente Lucas pueda conseguir el t\u00edtulo secundario.<\/p>\n<div>\n<p>\u00abYo desde muy chico empec\u00e9 con los entrenamientos, tanto en el club como en la Selecci\u00f3n juvenil. Y los estudios fueron quedando de lado. El t\u00edtulo secundario es una deuda que tengo con mi vieja y todav\u00eda est\u00e1 ah\u00ed\u00bb, admiti\u00f3 Lucas, visiblemente conmocionado.<\/p>\n<p>Biglia record\u00f3 adem\u00e1s a su pap\u00e1, fallecido hace diez a\u00f1os por un paro card\u00edaco. \u00abLa noche anterior, \u00e9l ven\u00eda de jugar al f\u00fatbol y hablamos bastante. Pero al d\u00eda siguiente me encontr\u00e9 con los llamados de mi novia y mi representante\u00bb, cont\u00f3.<\/p>\n<p>Los primeros tiempos despu\u00e9s de su partida fueron muy duros. Y, como cont\u00f3 Lucas, la herida siempre est\u00e1 ah\u00ed. \u00abMe duele desde hace diez a\u00f1os no poder compartir con \u00e9l todas las cosas buenas que me pasaron. No solo en lo futbol\u00edstico, sino tambi\u00e9n en mi vida personal\u00bb, explic\u00f3.<\/p>\n<p>Para Biglia, de 32 a\u00f1os, ahora es tiempo de encarar la preparaci\u00f3n para el que seguramente sea su \u00faltimo Mundial. El tiempo del futbolista se est\u00e1 acabando y \u00e9l lo sabe. Pero la vida seguir\u00e1 y, con ella, la oportunidad de recuperar parte de aquel pasado.<\/p>\n<p><span class=\"embed-youtube\" style=\"text-align:center; display: block;\"><iframe loading=\"lazy\" class=\"youtube-player\" width=\"1200\" height=\"675\" src=\"https:\/\/www.youtube.com\/embed\/IDAGmRY_mCY?version=3&#038;rel=1&#038;showsearch=0&#038;showinfo=1&#038;iv_load_policy=1&#038;fs=1&#038;hl=es-ES&#038;autohide=2&#038;wmode=transparent\" allowfullscreen=\"true\" style=\"border:0;\" sandbox=\"allow-scripts allow-same-origin allow-popups allow-presentation allow-popups-to-escape-sandbox\"><\/iframe><\/span><\/p>\n<\/div>\n","protected":false},"excerpt":{"rendered":"<p>Clar\u00edn.\u00a0La vida del futbolista obliga a muchas renuncias. Lo sabe Lucas Biglia, que desde muy chico resign\u00f3 buena parte de &#8230; <a title=\"Lucas Biglia, emocionado hasta las l\u00e1grimas al recordar a sus padres (video)\" class=\"read-more\" href=\"https:\/\/www.hoymercedes.com.ar\/principal\/2018\/05\/28\/lucas-biglia-emocionado-hasta-las-lagrimas-al-recordar-a-sus-padres-video\/\" aria-label=\"Leer m\u00e1s sobre Lucas Biglia, emocionado hasta las l\u00e1grimas al recordar a sus padres (video)\">Leer m\u00e1s<\/a><\/p>\n","protected":false},"author":1,"featured_media":76449,"comment_status":"closed","ping_status":"open","sticky":false,"template":"","format":"standard","meta":{"_monsterinsights_skip_tracking":false,"_monsterinsights_sitenote_active":false,"_monsterinsights_sitenote_note":"","_monsterinsights_sitenote_category":0,"jetpack_post_was_ever_published":false,"_jetpack_newsletter_access":"","_jetpack_dont_email_post_to_subs":false,"_jetpack_newsletter_tier_id":0,"_jetpack_memberships_contains_paywalled_content":false,"_jetpack_memberships_contains_paid_content":false,"footnotes":"","jetpack_publicize_message":"","jetpack_publicize_feature_enabled":true,"jetpack_social_post_already_shared":true,"jetpack_social_options":{"image_generator_settings":{"template":"highway","default_image_id":0,"font":"","enabled":false},"version":2},"_wpas_customize_per_network":false},"categories":[21],"tags":[204,1003,7582,305,9378],"class_list":["post-76448","post","type-post","status-publish","format-standard","has-post-thumbnail","hentry","category-deportes","tag-deportes-2","tag-futbol","tag-la-legion","tag-lucas-biglia","tag-seleccion","generate-columns","tablet-grid-50","mobile-grid-100","grid-parent","grid-50"],"jetpack_publicize_connections":[],"jetpack_featured_media_url":"https:\/\/www.hoymercedes.com.ar\/principal\/wp-content\/uploads\/2018\/05\/Lucas-Biglia-emocionado-recuerda-a-su-padre.png","wps_subtitle":"La Legi\u00f3n","jetpack_sharing_enabled":true,"_links":{"self":[{"href":"https:\/\/www.hoymercedes.com.ar\/principal\/wp-json\/wp\/v2\/posts\/76448","targetHints":{"allow":["GET"]}}],"collection":[{"href":"https:\/\/www.hoymercedes.com.ar\/principal\/wp-json\/wp\/v2\/posts"}],"about":[{"href":"https:\/\/www.hoymercedes.com.ar\/principal\/wp-json\/wp\/v2\/types\/post"}],"author":[{"embeddable":true,"href":"https:\/\/www.hoymercedes.com.ar\/principal\/wp-json\/wp\/v2\/users\/1"}],"replies":[{"embeddable":true,"href":"https:\/\/www.hoymercedes.com.ar\/principal\/wp-json\/wp\/v2\/comments?post=76448"}],"version-history":[{"count":0,"href":"https:\/\/www.hoymercedes.com.ar\/principal\/wp-json\/wp\/v2\/posts\/76448\/revisions"}],"wp:featuredmedia":[{"embeddable":true,"href":"https:\/\/www.hoymercedes.com.ar\/principal\/wp-json\/wp\/v2\/media\/76449"}],"wp:attachment":[{"href":"https:\/\/www.hoymercedes.com.ar\/principal\/wp-json\/wp\/v2\/media?parent=76448"}],"wp:term":[{"taxonomy":"category","embeddable":true,"href":"https:\/\/www.hoymercedes.com.ar\/principal\/wp-json\/wp\/v2\/categories?post=76448"},{"taxonomy":"post_tag","embeddable":true,"href":"https:\/\/www.hoymercedes.com.ar\/principal\/wp-json\/wp\/v2\/tags?post=76448"}],"curies":[{"name":"wp","href":"https:\/\/api.w.org\/{rel}","templated":true}]}}