{"id":76460,"date":"2018-05-28T10:30:33","date_gmt":"2018-05-28T13:30:33","guid":{"rendered":"http:\/\/www.hoymercedes.com.ar\/principal\/?p=76460"},"modified":"2018-05-28T09:04:57","modified_gmt":"2018-05-28T12:04:57","slug":"convocan-a-asamblea-en-la-asociacion-civil-sos-habitat","status":"publish","type":"post","link":"https:\/\/www.hoymercedes.com.ar\/principal\/2018\/05\/28\/convocan-a-asamblea-en-la-asociacion-civil-sos-habitat\/","title":{"rendered":"Convocan a Asamblea en la Asociaci\u00f3n Civil SOS H\u00e1bitat"},"content":{"rendered":"<p>La Asociaci\u00f3n Civil S.O.S H\u00c1BITAT \u00a0convoca a Asamblea General Ordinaria para el d\u00eda 14 \u00a0de junio del corriente a\u00f1o a la hora 20. La reuni\u00f3n ser\u00e1 en la calle 17 n\u00ba 523 de Mercedes. La asamblea ser\u00e1 la que corresponde al a\u00f1o y por lo tanto, har\u00e1n el balance anual y elegir\u00e1n las nuevas autoridades de la Comisi\u00f3n Directiva.<\/p>\n<p>\u00abArt. 19\u00ba) \u201cLas Asambleas se celebrar\u00e1n v\u00e1lidamente con la mitad m\u00e1s uno de los socios con derecho a voto. En su defecto, \u00a0media hora despu\u00e9s de la establecida se llevar\u00e1n a cabo con un n\u00famero de socios con derecho a voto no menor al n\u00famero de los miembros de la Comisi\u00f3n Directiva m\u00e1s uno\u201d. recuerdan los integrantes de SOS H\u00e1bitat.<\/p>\n","protected":false},"excerpt":{"rendered":"<p>La Asociaci\u00f3n Civil S.O.S H\u00c1BITAT \u00a0convoca a Asamblea General Ordinaria para el d\u00eda 14 \u00a0de junio del corriente a\u00f1o a &#8230; <a title=\"Convocan a Asamblea en la Asociaci\u00f3n Civil SOS H\u00e1bitat\" class=\"read-more\" href=\"https:\/\/www.hoymercedes.com.ar\/principal\/2018\/05\/28\/convocan-a-asamblea-en-la-asociacion-civil-sos-habitat\/\" aria-label=\"Leer m\u00e1s sobre Convocan a Asamblea en la Asociaci\u00f3n Civil SOS H\u00e1bitat\">Leer m\u00e1s<\/a><\/p>\n","protected":false},"author":1,"featured_media":50940,"comment_status":"closed","ping_status":"open","sticky":false,"template":"","format":"standard","meta":{"_monsterinsights_skip_tracking":false,"_monsterinsights_sitenote_active":false,"_monsterinsights_sitenote_note":"","_monsterinsights_sitenote_category":0,"jetpack_post_was_ever_published":false,"_jetpack_newsletter_access":"","_jetpack_dont_email_post_to_subs":false,"_jetpack_newsletter_tier_id":0,"_jetpack_memberships_contains_paywalled_content":false,"_jetpack_memberships_contains_paid_content":false,"footnotes":"","jetpack_publicize_message":"","jetpack_publicize_feature_enabled":true,"jetpack_social_post_already_shared":true,"jetpack_social_options":{"image_generator_settings":{"template":"highway","default_image_id":0,"font":"","enabled":false},"version":2},"_wpas_customize_per_network":false},"categories":[8],"tags":[13183,10,887],"class_list":["post-76460","post","type-post","status-publish","format-standard","has-post-thumbnail","hentry","category-sociedad","tag-asamblea-ordinaria","tag-mercedes","tag-sos-habitat","generate-columns","tablet-grid-50","mobile-grid-100","grid-parent","grid-50"],"jetpack_publicize_connections":[],"jetpack_featured_media_url":"https:\/\/www.hoymercedes.com.ar\/principal\/wp-content\/uploads\/2016\/06\/05-SOS-Habitat-4.jpg","wps_subtitle":"Para el 14 de junio","jetpack_sharing_enabled":true,"jetpack-related-posts":[{"id":61657,"url":"https:\/\/www.hoymercedes.com.ar\/principal\/2017\/04\/13\/convocatoria-a-asambles-de-s-o-s-habitat\/","url_meta":{"origin":76460,"position":0},"title":"Convocatoria a Asamblea de S.O.S. H\u00e1bitat","author":"hoymercedes","date":"13 abril, 2017","format":false,"excerpt":"La Asociaci\u00f3n Civil S.O.S. H\u00e1bitat convoca a Asamblea General Ordinaria para el d\u00eda 12\u00a0 de mayo del corriente a\u00f1o a la hora 20. La misma ser\u00e1 en el domicilio de la calle 17 n\u00ba 523 de Mercedes. En esta asamblea anual, los integrantes de la asociaci\u00f3n civil elegir\u00e1 a los\u2026","rel":"","context":"En \u00abCiudad\u00bb","block_context":{"text":"Ciudad","link":"https:\/\/www.hoymercedes.com.ar\/principal\/category\/ciudad\/"},"img":{"alt_text":"","src":"","width":0,"height":0},"classes":[]},{"id":48005,"url":"https:\/\/www.hoymercedes.com.ar\/principal\/2016\/03\/21\/s-o-s-habitat-convoca-a-asamblea\/","url_meta":{"origin":76460,"position":1},"title":"S.O.S. H\u00e1bitat convoca a asamblea","author":"hoymercedes","date":"21 marzo, 2016","format":false,"excerpt":"La Asociaci\u00f3n Civil S.O.S. H\u00c1BITAT\u00a0 convoca a Asamblea General Ordinaria para el d\u00eda 6 de mayo pr\u00f3ximo. A la hora 20 de ese viernes, la reuni\u00f3n se realizar\u00e1 en la calle 17 n\u00ba 523 de la ciudad de Mercedes. En la Asamblea, la instituci\u00f3n ambientalista conformar\u00e1 una nueva comisi\u00f3n directiva.\u2026","rel":"","context":"En \u00abCiudad\u00bb","block_context":{"text":"Ciudad","link":"https:\/\/www.hoymercedes.com.ar\/principal\/category\/ciudad\/"},"img":{"alt_text":"","src":"","width":0,"height":0},"classes":[]},{"id":63128,"url":"https:\/\/www.hoymercedes.com.ar\/principal\/2017\/05\/25\/nueva-comision-directiva-en-s-o-s-habitat\/","url_meta":{"origin":76460,"position":2},"title":"Nueva comisi\u00f3n directiva en S.O.S. H\u00e1bitat","author":"hoymercedes","date":"25 mayo, 2017","format":false,"excerpt":"El pasado 12 de mayo, se llev\u00f3 a cabo la Asamblea Anual Ordinaria de la Asociaci\u00f3n Civil S.O.S. H\u00e1bitat en la que estuvieron presentes los integrantes de la Asociaci\u00f3n, as\u00ed como los socios y voluntarios. All\u00ed se eligi\u00f3 la nueva Comisi\u00f3n Directiva est\u00e1 compuesta por los siguientes miembros: Presidente: Macarena\u2026","rel":"","context":"En \u00abCiudad\u00bb","block_context":{"text":"Ciudad","link":"https:\/\/www.hoymercedes.com.ar\/principal\/category\/ciudad\/"},"img":{"alt_text":"","src":"https:\/\/i0.wp.com\/www.hoymercedes.com.ar\/principal\/wp-content\/uploads\/2017\/05\/25-SOS-Habitat.jpg?resize=350%2C200&ssl=1","width":350,"height":200,"srcset":"https:\/\/i0.wp.com\/www.hoymercedes.com.ar\/principal\/wp-content\/uploads\/2017\/05\/25-SOS-Habitat.jpg?resize=350%2C200&ssl=1 1x, https:\/\/i0.wp.com\/www.hoymercedes.com.ar\/principal\/wp-content\/uploads\/2017\/05\/25-SOS-Habitat.jpg?resize=525%2C300&ssl=1 1.5x"},"classes":[]},{"id":6996,"url":"https:\/\/www.hoymercedes.com.ar\/principal\/2011\/09\/07\/circulo-de-periodistas-deportivos-llama-a-asamblea\/","url_meta":{"origin":76460,"position":3},"title":"C\u00edrculo de periodistas deportivos llama a Asamblea","author":"hoymercedes","date":"7 septiembre, 2011","format":false,"excerpt":"Cumpliendo con lo establecido en nuestros Estatutos ( Art. 29\u00b0 ) , la Comisi\u00f3n Directiva de la Sociedad Civil C\u00edrculo de Periodistas Deportivos de Mercedes , convoca a sus asociados a Asamblea Anual Ordinaria , para el d\u00eda martes 20 de setiembre de 2011 a la hora 20,30 , en\u2026","rel":"","context":"En \u00abSociedad\u00bb","block_context":{"text":"Sociedad","link":"https:\/\/www.hoymercedes.com.ar\/principal\/category\/sociedad\/"},"img":{"alt_text":"","src":"","width":0,"height":0},"classes":[]},{"id":47869,"url":"https:\/\/www.hoymercedes.com.ar\/principal\/2016\/03\/17\/asamblea-estudiantes-renovara-autoridades\/","url_meta":{"origin":76460,"position":4},"title":"Asamblea: Estudiantes renovar\u00e1 autoridades","author":"hoymercedes","date":"17 marzo, 2016","format":false,"excerpt":"Ariel Musante \/ Por un nuevo mandato de un a\u00f1o.\u00a0De acuerdo a lo que marca el estatuto del Pincha, el 1 de abril deber\u00e1 asumir la nueva Comisi\u00f3n Directiva. Actualmente el club est\u00e1 presidido por Abel Delfino, cuyo mandato finaliza el 31 de marzo. El Club Atl\u00e9tico Estudiantes llama a\u2026","rel":"","context":"En \u00abCiudad\u00bb","block_context":{"text":"Ciudad","link":"https:\/\/www.hoymercedes.com.ar\/principal\/category\/ciudad\/"},"img":{"alt_text":"","src":"https:\/\/i0.wp.com\/www.hoymercedes.com.ar\/principal\/wp-content\/uploads\/2014\/06\/club-estudiantes-mercedes.jpg?resize=350%2C200&ssl=1","width":350,"height":200,"srcset":"https:\/\/i0.wp.com\/www.hoymercedes.com.ar\/principal\/wp-content\/uploads\/2014\/06\/club-estudiantes-mercedes.jpg?resize=350%2C200&ssl=1 1x, https:\/\/i0.wp.com\/www.hoymercedes.com.ar\/principal\/wp-content\/uploads\/2014\/06\/club-estudiantes-mercedes.jpg?resize=525%2C300&ssl=1 1.5x"},"classes":[]},{"id":12093,"url":"https:\/\/www.hoymercedes.com.ar\/principal\/2012\/04\/10\/la-asociacion-civil-sin-fines-de-lucro-nosotros-te-acompanamos-convoca-a-asamblea\/","url_meta":{"origin":76460,"position":5},"title":"La asociaci\u00f3n civil sin fines de lucro \u201cNosotros te acompa\u00f1amos\u201d convoca a asamblea","author":"hoymercedes","date":"10 abril, 2012","format":false,"excerpt":"Llama a los socios para el lunes 16 de abril a las 18.30 en su sede social de 33 N\u00ba 664. Habr\u00e1 una memoria de lo actuado, modificaci\u00f3n en composici\u00f3n de la Comisi\u00f3n Directiva por retiro de miembros y propuestas de trabajo. Se dio a conocer la convocatoria a asamblea\u2026","rel":"","context":"En \u00abSociedad\u00bb","block_context":{"text":"Sociedad","link":"https:\/\/www.hoymercedes.com.ar\/principal\/category\/sociedad\/"},"img":{"alt_text":"","src":"https:\/\/i0.wp.com\/www.hoymercedes.com.ar\/principal\/wp-content\/uploads\/2012\/04\/asamblea-nta.jpg?resize=350%2C200","width":350,"height":200},"classes":[]}],"_links":{"self":[{"href":"https:\/\/www.hoymercedes.com.ar\/principal\/wp-json\/wp\/v2\/posts\/76460","targetHints":{"allow":["GET"]}}],"collection":[{"href":"https:\/\/www.hoymercedes.com.ar\/principal\/wp-json\/wp\/v2\/posts"}],"about":[{"href":"https:\/\/www.hoymercedes.com.ar\/principal\/wp-json\/wp\/v2\/types\/post"}],"author":[{"embeddable":true,"href":"https:\/\/www.hoymercedes.com.ar\/principal\/wp-json\/wp\/v2\/users\/1"}],"replies":[{"embeddable":true,"href":"https:\/\/www.hoymercedes.com.ar\/principal\/wp-json\/wp\/v2\/comments?post=76460"}],"version-history":[{"count":0,"href":"https:\/\/www.hoymercedes.com.ar\/principal\/wp-json\/wp\/v2\/posts\/76460\/revisions"}],"wp:featuredmedia":[{"embeddable":true,"href":"https:\/\/www.hoymercedes.com.ar\/principal\/wp-json\/wp\/v2\/media\/50940"}],"wp:attachment":[{"href":"https:\/\/www.hoymercedes.com.ar\/principal\/wp-json\/wp\/v2\/media?parent=76460"}],"wp:term":[{"taxonomy":"category","embeddable":true,"href":"https:\/\/www.hoymercedes.com.ar\/principal\/wp-json\/wp\/v2\/categories?post=76460"},{"taxonomy":"post_tag","embeddable":true,"href":"https:\/\/www.hoymercedes.com.ar\/principal\/wp-json\/wp\/v2\/tags?post=76460"}],"curies":[{"name":"wp","href":"https:\/\/api.w.org\/{rel}","templated":true}]}}