{"id":76556,"date":"2018-05-30T10:00:34","date_gmt":"2018-05-30T13:00:34","guid":{"rendered":"http:\/\/www.hoymercedes.com.ar\/principal\/?p=76556"},"modified":"2018-05-29T21:09:42","modified_gmt":"2018-05-30T00:09:42","slug":"rock-en-el-galpon-solidaridad-y-bandas-mercedinas-en-la-trocha","status":"publish","type":"post","link":"https:\/\/www.hoymercedes.com.ar\/principal\/2018\/05\/30\/rock-en-el-galpon-solidaridad-y-bandas-mercedinas-en-la-trocha\/","title":{"rendered":"Rock en el Galp\u00f3n, solidaridad y bandas mercedinas en La Trocha"},"content":{"rendered":"<figure id=\"attachment_76557\" aria-describedby=\"caption-attachment-76557\" style=\"width: 459px\" class=\"wp-caption aligncenter\"><img loading=\"lazy\" decoding=\"async\" data-attachment-id=\"76557\" data-permalink=\"https:\/\/www.hoymercedes.com.ar\/principal\/2018\/05\/30\/rock-en-el-galpon-solidaridad-y-bandas-mercedinas-en-la-trocha\/rock-galpon\/#main\" data-orig-file=\"https:\/\/www.hoymercedes.com.ar\/principal\/wp-content\/uploads\/2018\/05\/rock.galpon.jpeg\" data-orig-size=\"469,744\" data-comments-opened=\"0\" data-image-meta=\"{&quot;aperture&quot;:&quot;0&quot;,&quot;credit&quot;:&quot;&quot;,&quot;camera&quot;:&quot;&quot;,&quot;caption&quot;:&quot;&quot;,&quot;created_timestamp&quot;:&quot;0&quot;,&quot;copyright&quot;:&quot;&quot;,&quot;focal_length&quot;:&quot;0&quot;,&quot;iso&quot;:&quot;0&quot;,&quot;shutter_speed&quot;:&quot;0&quot;,&quot;title&quot;:&quot;&quot;,&quot;orientation&quot;:&quot;0&quot;}\" data-image-title=\"rock.galpon\" data-image-description=\"\" data-image-caption=\"&lt;p&gt;Rock en el Galp\u00f3n&lt;\/p&gt;\n\" data-large-file=\"https:\/\/www.hoymercedes.com.ar\/principal\/wp-content\/uploads\/2018\/05\/rock.galpon.jpeg\" class=\"wp-image-76557 size-full\" src=\"https:\/\/www.hoymercedes.com.ar\/principal\/wp-content\/uploads\/2018\/05\/rock.galpon.jpeg\" alt=\"\" width=\"469\" height=\"744\" srcset=\"https:\/\/www.hoymercedes.com.ar\/principal\/wp-content\/uploads\/2018\/05\/rock.galpon.jpeg 469w, https:\/\/www.hoymercedes.com.ar\/principal\/wp-content\/uploads\/2018\/05\/rock.galpon-95x150.jpeg 95w, https:\/\/www.hoymercedes.com.ar\/principal\/wp-content\/uploads\/2018\/05\/rock.galpon-391x620.jpeg 391w\" sizes=\"auto, (max-width: 469px) 100vw, 469px\" \/><figcaption id=\"caption-attachment-76557\" class=\"wp-caption-text\">Rock en el Galp\u00f3n<\/figcaption><\/figure>\n<p style=\"font-weight: 400;\">El pr\u00f3ximo s\u00e1bado 2 de junio, en el recuperado predio de la Trocha, se realizar\u00e1 la segunda fecha del ciclo de m\u00fasica en vivo \u201cRock en el Galp\u00f3n\u201d. Este espacio generado por la Direcci\u00f3n de Cultura de la Municipalidad de Mercedes transita su segundo a\u00f1o consecutivo y muestra una notoria mejora en cada una de las ediciones.<\/p>\n<p style=\"font-weight: 400;\">El \u00e9xito experimentado durante el a\u00f1o anterior motiv\u00f3 a los organizadores a aumentar el n\u00famero de bandas por show y, de este modo, ampliar las posibilidades para aquellos que durante 2017 no pudieron participar de los recitales por haberse completado el cupo de bandas disponibles.<\/p>\n<p style=\"font-weight: 400;\">En este caso, desde las 19hs, subir\u00e1n al escenario del C. C. La Trocha las bandas \u201cLa de Abajo\u201d, \u201cBylo\u201d, \u201cRechifle\u201d, \u201cVastar\u201d y \u201cDoble Carolina\u201d. Como en la primera fecha de este 2018, cinco ser\u00e1n los grupos convocados para compartir su m\u00fasica ante sus seguidores y p\u00fablico en general.<\/p>\n<p style=\"font-weight: 400;\">Y tambi\u00e9n, como en la primera edici\u00f3n, habr\u00e1 servicio de cantina con comida y bebida a disposici\u00f3n que ser\u00e1 atendida por ex empleados de la f\u00e1brica Guilford. Esta ha sido una decisi\u00f3n compartida por la organizaci\u00f3n y las bandas para ayudar a este grupo de trabajadores que est\u00e1 atravesando un duro momento laboral y econ\u00f3mico.<\/p>\n<p style=\"font-weight: 400;\">Con entrada libre y gratuita, el pr\u00f3ximo s\u00e1bado habr\u00e1 rock en el galp\u00f3n, desde las 19.30hs.<\/p>\n<p>&nbsp;<\/p>\n<p>Info: Municipio<\/p>\n","protected":false},"excerpt":{"rendered":"<p>El pr\u00f3ximo s\u00e1bado 2 de junio, en el recuperado predio de la Trocha, se realizar\u00e1 la segunda fecha del ciclo &#8230; <a title=\"Rock en el Galp\u00f3n, solidaridad y bandas mercedinas en La Trocha\" class=\"read-more\" href=\"https:\/\/www.hoymercedes.com.ar\/principal\/2018\/05\/30\/rock-en-el-galpon-solidaridad-y-bandas-mercedinas-en-la-trocha\/\" aria-label=\"Leer m\u00e1s sobre Rock en el Galp\u00f3n, solidaridad y bandas mercedinas en La Trocha\">Leer m\u00e1s<\/a><\/p>\n","protected":false},"author":1,"featured_media":76557,"comment_status":"closed","ping_status":"open","sticky":false,"template":"","format":"standard","meta":{"_monsterinsights_skip_tracking":false,"_monsterinsights_sitenote_active":false,"_monsterinsights_sitenote_note":"","_monsterinsights_sitenote_category":0,"jetpack_post_was_ever_published":false,"_jetpack_newsletter_access":"","_jetpack_dont_email_post_to_subs":false,"_jetpack_newsletter_tier_id":0,"_jetpack_memberships_contains_paywalled_content":false,"_jetpack_memberships_contains_paid_content":false,"footnotes":"","jetpack_publicize_message":"","jetpack_publicize_feature_enabled":true,"jetpack_social_post_already_shared":true,"jetpack_social_options":{"image_generator_settings":{"template":"highway","default_image_id":0,"font":"","enabled":false},"version":2},"_wpas_customize_per_network":false},"categories":[104],"tags":[7805,244,8539,265,11209],"class_list":["post-76556","post","type-post","status-publish","format-standard","has-post-thumbnail","hentry","category-cultura","tag-cultura","tag-municipio-2","tag-musica","tag-rock","tag-rock-en-el-galpon","generate-columns","tablet-grid-50","mobile-grid-100","grid-parent","grid-50"],"jetpack_publicize_connections":[],"jetpack_featured_media_url":"https:\/\/www.hoymercedes.com.ar\/principal\/wp-content\/uploads\/2018\/05\/rock.galpon.jpeg","wps_subtitle":"M\u00fasica y juventud","jetpack_sharing_enabled":true,"jetpack-related-posts":[{"id":164556,"url":"https:\/\/www.hoymercedes.com.ar\/principal\/2023\/07\/16\/en-la-trocha-se-vivio-gran-velada-de-rock-en-el-galpon\/","url_meta":{"origin":76556,"position":0},"title":"En La Trocha se vivi\u00f3 gran velada de Rock en el Galp\u00f3n","author":"hoymercedes","date":"16 julio, 2023","format":false,"excerpt":"Con una organizaci\u00f3n con eje en las bandas y el apoyo de la municipalidad se vivi\u00f3 otra gran noche de Rock en el Galp\u00f3n. La m\u00fasica en vivo convoc\u00f3 a un muy buen marco de p\u00fablico. Cinco bandas fueron las que dieron lo mejor de s\u00ed en la noche del\u2026","rel":"","context":"En \u00abCultura\u00bb","block_context":{"text":"Cultura","link":"https:\/\/www.hoymercedes.com.ar\/principal\/category\/cultura\/"},"img":{"alt_text":"","src":"https:\/\/i0.wp.com\/www.hoymercedes.com.ar\/principal\/wp-content\/uploads\/2023\/07\/F1IIqIKX0AQHlaR-scaled.jpeg?resize=350%2C200&ssl=1","width":350,"height":200,"srcset":"https:\/\/i0.wp.com\/www.hoymercedes.com.ar\/principal\/wp-content\/uploads\/2023\/07\/F1IIqIKX0AQHlaR-scaled.jpeg?resize=350%2C200&ssl=1 1x, https:\/\/i0.wp.com\/www.hoymercedes.com.ar\/principal\/wp-content\/uploads\/2023\/07\/F1IIqIKX0AQHlaR-scaled.jpeg?resize=525%2C300&ssl=1 1.5x, https:\/\/i0.wp.com\/www.hoymercedes.com.ar\/principal\/wp-content\/uploads\/2023\/07\/F1IIqIKX0AQHlaR-scaled.jpeg?resize=700%2C400&ssl=1 2x, https:\/\/i0.wp.com\/www.hoymercedes.com.ar\/principal\/wp-content\/uploads\/2023\/07\/F1IIqIKX0AQHlaR-scaled.jpeg?resize=1050%2C600&ssl=1 3x, https:\/\/i0.wp.com\/www.hoymercedes.com.ar\/principal\/wp-content\/uploads\/2023\/07\/F1IIqIKX0AQHlaR-scaled.jpeg?resize=1400%2C800&ssl=1 4x"},"classes":[]},{"id":145374,"url":"https:\/\/www.hoymercedes.com.ar\/principal\/2022\/03\/14\/se-viene-una-nueva-edicion-de-rock-en-el-galpon\/","url_meta":{"origin":76556,"position":1},"title":"Se viene una nueva edici\u00f3n de Rock en el Galp\u00f3n","author":"hoymercedes","date":"14 marzo, 2022","format":false,"excerpt":"El ciclo \u201cRock en el Galp\u00f3n\u201d conformado por grupos de j\u00f3venes mercedinos autogestionados y que impulsa el Municipio de Mercedes, vuelve en este 2022. Este s\u00e1bado 19 de marzo en el Complejo Cultural La Trocha, a partir de las 21:00 horas, la ciudad podr\u00e1 disfrutar de 3 bandas en vivo\u2026","rel":"","context":"En \u00abCultura\u00bb","block_context":{"text":"Cultura","link":"https:\/\/www.hoymercedes.com.ar\/principal\/category\/cultura\/"},"img":{"alt_text":"","src":"https:\/\/i0.wp.com\/www.hoymercedes.com.ar\/principal\/wp-content\/uploads\/2022\/03\/photo_2022-03-14_11-52-22.jpg?resize=350%2C200&ssl=1","width":350,"height":200,"srcset":"https:\/\/i0.wp.com\/www.hoymercedes.com.ar\/principal\/wp-content\/uploads\/2022\/03\/photo_2022-03-14_11-52-22.jpg?resize=350%2C200&ssl=1 1x, https:\/\/i0.wp.com\/www.hoymercedes.com.ar\/principal\/wp-content\/uploads\/2022\/03\/photo_2022-03-14_11-52-22.jpg?resize=525%2C300&ssl=1 1.5x, https:\/\/i0.wp.com\/www.hoymercedes.com.ar\/principal\/wp-content\/uploads\/2022\/03\/photo_2022-03-14_11-52-22.jpg?resize=700%2C400&ssl=1 2x"},"classes":[]},{"id":137907,"url":"https:\/\/www.hoymercedes.com.ar\/principal\/2021\/09\/27\/sortearon-a-las-bandas-que-actuaran-en-rock-en-el-galpon\/","url_meta":{"origin":76556,"position":2},"title":"Sortearon a las bandas que actuar\u00e1n en \u00abrock en el galp\u00f3n\u00bb","author":"hoymercedes","date":"27 septiembre, 2021","format":false,"excerpt":"En el Teatro Argentino se concret\u00f3 el sorteo de las bandas que formar\u00e1n el ciclo 2021 de \u201cRock en el Galp\u00f3n\u201d. 37 fueron los grupos mercedinos que se sumaron al proyecto con apoyo municipal, pero fuerte autogesti\u00f3n. \u201cGracias a cada banda por la confianza, pero, especialmente, por sostener este ciclo\u2026","rel":"","context":"En \u00abCultura\u00bb","block_context":{"text":"Cultura","link":"https:\/\/www.hoymercedes.com.ar\/principal\/category\/cultura\/"},"img":{"alt_text":"","src":"https:\/\/i0.wp.com\/www.hoymercedes.com.ar\/principal\/wp-content\/uploads\/2021\/09\/DSC05213.jpg?resize=350%2C200&ssl=1","width":350,"height":200,"srcset":"https:\/\/i0.wp.com\/www.hoymercedes.com.ar\/principal\/wp-content\/uploads\/2021\/09\/DSC05213.jpg?resize=350%2C200&ssl=1 1x, https:\/\/i0.wp.com\/www.hoymercedes.com.ar\/principal\/wp-content\/uploads\/2021\/09\/DSC05213.jpg?resize=525%2C300&ssl=1 1.5x, https:\/\/i0.wp.com\/www.hoymercedes.com.ar\/principal\/wp-content\/uploads\/2021\/09\/DSC05213.jpg?resize=700%2C400&ssl=1 2x"},"classes":[]},{"id":162586,"url":"https:\/\/www.hoymercedes.com.ar\/principal\/2023\/05\/24\/paso-una-nueva-fecha-del-rock-en-el-galpon\/","url_meta":{"origin":76556,"position":3},"title":"Pas\u00f3 una nueva fecha del Rock en el Galp\u00f3n","author":"hoymercedes","date":"24 mayo, 2023","format":false,"excerpt":"Desde el Centro Cultural La Trocha y la Municipalidad de Mercedes informaron la realizaci\u00f3n de una nueva fecha del ciclo cultura Rock en el Galp\u00f3n. En esta oportunidad, se presentaron cinco bandas en escena: Dingir, 96 al Oeste, Inhumano, Doble Carolina y Mango Blu. Desde el \u00e1rea de cultura expresaron\u2026","rel":"","context":"En \u00abCultura\u00bb","block_context":{"text":"Cultura","link":"https:\/\/www.hoymercedes.com.ar\/principal\/category\/cultura\/"},"img":{"alt_text":"","src":"https:\/\/i0.wp.com\/www.hoymercedes.com.ar\/principal\/wp-content\/uploads\/2023\/05\/b9a866d5-b1c4-4493-8f05-2454a7d53e92.jpg?resize=350%2C200&ssl=1","width":350,"height":200,"srcset":"https:\/\/i0.wp.com\/www.hoymercedes.com.ar\/principal\/wp-content\/uploads\/2023\/05\/b9a866d5-b1c4-4493-8f05-2454a7d53e92.jpg?resize=350%2C200&ssl=1 1x, https:\/\/i0.wp.com\/www.hoymercedes.com.ar\/principal\/wp-content\/uploads\/2023\/05\/b9a866d5-b1c4-4493-8f05-2454a7d53e92.jpg?resize=525%2C300&ssl=1 1.5x, https:\/\/i0.wp.com\/www.hoymercedes.com.ar\/principal\/wp-content\/uploads\/2023\/05\/b9a866d5-b1c4-4493-8f05-2454a7d53e92.jpg?resize=700%2C400&ssl=1 2x"},"classes":[]},{"id":175044,"url":"https:\/\/www.hoymercedes.com.ar\/principal\/2024\/04\/22\/volvio-el-exitoso-ciclo-rock-en-el-galpon\/","url_meta":{"origin":76556,"position":4},"title":"Volvi\u00f3 el exitoso ciclo \u201cRock en el Galp\u00f3n\u201d","author":"hoymercedes","date":"22 abril, 2024","format":false,"excerpt":"En La Trocha se vivi\u00f3 la primera fecha del ciclo que cuenta con una fuerte participaci\u00f3n en la organizaci\u00f3n por parte de las propias bandas en conjunto con la Direcci\u00f3n de Cultura: Rock en el Galp\u00f3n. Fue la primera fecha del calendario y cont\u00f3 con las actuaciones en vivo de\u2026","rel":"","context":"En \u00abCultura\u00bb","block_context":{"text":"Cultura","link":"https:\/\/www.hoymercedes.com.ar\/principal\/category\/cultura\/"},"img":{"alt_text":"Volvi\u00f3 el exitoso ciclo \u201cRock en el Galp\u00f3n\u201d","src":"https:\/\/i0.wp.com\/www.hoymercedes.com.ar\/principal\/wp-content\/uploads\/2024\/04\/4.jpeg?resize=350%2C200&ssl=1","width":350,"height":200,"srcset":"https:\/\/i0.wp.com\/www.hoymercedes.com.ar\/principal\/wp-content\/uploads\/2024\/04\/4.jpeg?resize=350%2C200&ssl=1 1x, https:\/\/i0.wp.com\/www.hoymercedes.com.ar\/principal\/wp-content\/uploads\/2024\/04\/4.jpeg?resize=525%2C300&ssl=1 1.5x, https:\/\/i0.wp.com\/www.hoymercedes.com.ar\/principal\/wp-content\/uploads\/2024\/04\/4.jpeg?resize=700%2C400&ssl=1 2x, https:\/\/i0.wp.com\/www.hoymercedes.com.ar\/principal\/wp-content\/uploads\/2024\/04\/4.jpeg?resize=1050%2C600&ssl=1 3x, https:\/\/i0.wp.com\/www.hoymercedes.com.ar\/principal\/wp-content\/uploads\/2024\/04\/4.jpeg?resize=1400%2C800&ssl=1 4x"},"classes":[]},{"id":92060,"url":"https:\/\/www.hoymercedes.com.ar\/principal\/2019\/04\/28\/rock-en-el-galon-volvio-a-vibrar-en-la-trocha\/","url_meta":{"origin":76556,"position":5},"title":"Rock en el galp\u00f3n volvi\u00f3 a vibrar en La Trocha","author":"hoymercedes","date":"28 abril, 2019","format":false,"excerpt":"La noche del s\u00e1bado volvi\u00f3 a convocar a una gran cantidad de j\u00f3venes en el ciclo \u201crock en el galp\u00f3n\u201d, un ciclo organizado por las bandas locales, Comisi\u00f3n de M\u00fasicos del Rock y el apoyo de la Municipalidad. Para Eugenia C\u00f3dega \u201cvolvi\u00f3 a ser una fiesta. Este ciclo es un\u2026","rel":"","context":"En \u00abCultura\u00bb","block_context":{"text":"Cultura","link":"https:\/\/www.hoymercedes.com.ar\/principal\/category\/cultura\/"},"img":{"alt_text":"","src":"https:\/\/i0.wp.com\/www.hoymercedes.com.ar\/principal\/wp-content\/uploads\/2019\/04\/28-Rock-3.jpeg?resize=350%2C200&ssl=1","width":350,"height":200,"srcset":"https:\/\/i0.wp.com\/www.hoymercedes.com.ar\/principal\/wp-content\/uploads\/2019\/04\/28-Rock-3.jpeg?resize=350%2C200&ssl=1 1x, https:\/\/i0.wp.com\/www.hoymercedes.com.ar\/principal\/wp-content\/uploads\/2019\/04\/28-Rock-3.jpeg?resize=525%2C300&ssl=1 1.5x, https:\/\/i0.wp.com\/www.hoymercedes.com.ar\/principal\/wp-content\/uploads\/2019\/04\/28-Rock-3.jpeg?resize=700%2C400&ssl=1 2x"},"classes":[]}],"_links":{"self":[{"href":"https:\/\/www.hoymercedes.com.ar\/principal\/wp-json\/wp\/v2\/posts\/76556","targetHints":{"allow":["GET"]}}],"collection":[{"href":"https:\/\/www.hoymercedes.com.ar\/principal\/wp-json\/wp\/v2\/posts"}],"about":[{"href":"https:\/\/www.hoymercedes.com.ar\/principal\/wp-json\/wp\/v2\/types\/post"}],"author":[{"embeddable":true,"href":"https:\/\/www.hoymercedes.com.ar\/principal\/wp-json\/wp\/v2\/users\/1"}],"replies":[{"embeddable":true,"href":"https:\/\/www.hoymercedes.com.ar\/principal\/wp-json\/wp\/v2\/comments?post=76556"}],"version-history":[{"count":0,"href":"https:\/\/www.hoymercedes.com.ar\/principal\/wp-json\/wp\/v2\/posts\/76556\/revisions"}],"wp:featuredmedia":[{"embeddable":true,"href":"https:\/\/www.hoymercedes.com.ar\/principal\/wp-json\/wp\/v2\/media\/76557"}],"wp:attachment":[{"href":"https:\/\/www.hoymercedes.com.ar\/principal\/wp-json\/wp\/v2\/media?parent=76556"}],"wp:term":[{"taxonomy":"category","embeddable":true,"href":"https:\/\/www.hoymercedes.com.ar\/principal\/wp-json\/wp\/v2\/categories?post=76556"},{"taxonomy":"post_tag","embeddable":true,"href":"https:\/\/www.hoymercedes.com.ar\/principal\/wp-json\/wp\/v2\/tags?post=76556"}],"curies":[{"name":"wp","href":"https:\/\/api.w.org\/{rel}","templated":true}]}}