{"id":76565,"date":"2018-05-29T23:45:26","date_gmt":"2018-05-30T02:45:26","guid":{"rendered":"http:\/\/www.hoymercedes.com.ar\/principal\/?p=76565"},"modified":"2018-05-29T23:15:31","modified_gmt":"2018-05-30T02:15:31","slug":"otros-hechos-donde-la-agresion-y-la-violencia-fueron-centro-de-las-sesiones-del-hcd","status":"publish","type":"post","link":"https:\/\/www.hoymercedes.com.ar\/principal\/2018\/05\/29\/otros-hechos-donde-la-agresion-y-la-violencia-fueron-centro-de-las-sesiones-del-hcd\/","title":{"rendered":"Otros hechos donde la agresi\u00f3n y la violencia fueron centro de las sesiones del HCD"},"content":{"rendered":"<p>Las repercusiones por los hechos ocurridos en la noche del lunes en el recinto del Concejo Deliberante se plantearon a lo largo del d\u00eda martes. Dirigentes hist\u00f3ricos de la pol\u00edtica radical recordaron distintos hechos en donde la violencia y la agresi\u00f3n hacia los concejales fueron centrales en el primer piso del Palacio Municipal<\/p>\n<p>El Diputado Nacional Carlos Selva record\u00f3 otros hechos de similares caracter\u00edsticas en el Concejo Deliberante de Mercedes. Cuando fue Concejal, hubo desmanes en el tratamiento de un expediente que buscaba instalar una f\u00e1brica de explosivos. Otro hecho recordado fue cuando se decidi\u00f3 en el deliberativo la no instalaci\u00f3n de cadenas de supermercados y cuando se plante\u00f3 el cierre de Corinema. Ya de Intendente, el Concejo Deliberante solicit\u00f3 su interpelaci\u00f3n y fueron sus militantes y defensores los que agredieron a los legisladores opositores (algunos de ellos actuales funcionarios municipales)<\/p>\n<p>Por su parte, el Concejal manda cumplido Juan Carlos Ben\u00edtez tambi\u00e9n record\u00f3 los desmanes con la posible instalaci\u00f3n de una f\u00e1brica en la vera de la Ruta 42. Para luego recordar cuando \u00e9l fue agredido en el 2016 por representantes del sindicato de Municipales. Un a\u00f1o antes, los vecinos afectados por la inundaci\u00f3n de agosto de 2015, tambi\u00e9n cruzaron la barra que separa el sal\u00f3n y agredieron f\u00edsicamente a los concejales en busca de soluciones. En ese momento,las agresiones fueron para los concejales\u00a0del Frente Mercedino para la Victoria y para los del Frente Renovador.<\/p>\n<p>Hacia unos a\u00f1os m\u00e1s atr\u00e1s \u2013 muchos a\u00f1os m\u00e1s \u2013 fue el recuerdo de Eduardo Cerulli. En un breve encuentro con los medios, el dirigente pol\u00edtico del gioscismo record\u00f3 una agresi\u00f3n entre concejales en plena sesi\u00f3n, all\u00e1 por los a\u00f1os \u201860. Por aquellos a\u00f1os, Julio C\u00e9sar Gioscio, en ese entonces concejal, le tir\u00f3 un cenicero de vidrio a un concejal del radicalismo que inici\u00f3 una pelea entre los legisladores y con el p\u00fablico. El motivo del enojo de Gioscio habr\u00eda sido los dichos del radical que le aseguraba que no era peronista.<\/p>\n<p>Seguramente, si buscamos en los anales de la historia mercedinas, las agresiones y la violencia f\u00edsica en el recinto del Concejo Deliberante existieron. Lo que tenemos que bregar es que no se vuelvan a repetir, fortaleciendo el respeto a la democracia.<\/p>\n<p>Por Hoy Mercedes<\/p>\n","protected":false},"excerpt":{"rendered":"<p>Las repercusiones por los hechos ocurridos en la noche del lunes en el recinto del Concejo Deliberante se plantearon a &#8230; <a title=\"Otros hechos donde la agresi\u00f3n y la violencia fueron centro de las sesiones del HCD\" class=\"read-more\" href=\"https:\/\/www.hoymercedes.com.ar\/principal\/2018\/05\/29\/otros-hechos-donde-la-agresion-y-la-violencia-fueron-centro-de-las-sesiones-del-hcd\/\" aria-label=\"Leer m\u00e1s sobre Otros hechos donde la agresi\u00f3n y la violencia fueron centro de las sesiones del HCD\">Leer m\u00e1s<\/a><\/p>\n","protected":false},"author":1,"featured_media":76567,"comment_status":"closed","ping_status":"open","sticky":false,"template":"","format":"standard","meta":{"_monsterinsights_skip_tracking":false,"_monsterinsights_sitenote_active":false,"_monsterinsights_sitenote_note":"","_monsterinsights_sitenote_category":0,"jetpack_post_was_ever_published":false,"_jetpack_newsletter_access":"","_jetpack_dont_email_post_to_subs":false,"_jetpack_newsletter_tier_id":0,"_jetpack_memberships_contains_paywalled_content":false,"_jetpack_memberships_contains_paid_content":false,"footnotes":"","jetpack_publicize_message":"","jetpack_publicize_feature_enabled":true,"jetpack_social_post_already_shared":true,"jetpack_social_options":{"image_generator_settings":{"template":"highway","default_image_id":0,"font":"","enabled":false},"version":2},"_wpas_customize_per_network":false},"categories":[5],"tags":[236,13200,831,10,5319],"class_list":["post-76565","post","type-post","status-publish","format-standard","has-post-thumbnail","hentry","category-politica","tag-concejo-deliberante","tag-desmanes-en-el-hcd","tag-hcd-mercedes","tag-mercedes","tag-politica-2","generate-columns","tablet-grid-50","mobile-grid-100","grid-parent","grid-50"],"jetpack_publicize_connections":[],"jetpack_featured_media_url":"https:\/\/www.hoymercedes.com.ar\/principal\/wp-content\/uploads\/2018\/05\/29-HCD-desmanes.jpg","wps_subtitle":"Recuerdos legislativos","jetpack_sharing_enabled":true,"jetpack-related-posts":[{"id":152593,"url":"https:\/\/www.hoymercedes.com.ar\/principal\/2022\/09\/02\/hcd-sabado-a-la-manana-habra-sesion-especial\/","url_meta":{"origin":76565,"position":0},"title":"HCD: S\u00e1bado a la ma\u00f1ana habr\u00e1 sesi\u00f3n especial","author":"hoymercedes","date":"2 septiembre, 2022","format":false,"excerpt":"Desde el Concejo Deliberante de Mercedes anunciaron que este s\u00e1bado 3 de septiembre, se convoc\u00f3 a los concejales para una sesi\u00f3n especial a partir de la hora 10:30.","rel":"","context":"En \u00abHCD Mercedes\u00bb","block_context":{"text":"HCD Mercedes","link":"https:\/\/www.hoymercedes.com.ar\/principal\/category\/hcd-mercedes\/"},"img":{"alt_text":"","src":"https:\/\/i0.wp.com\/www.hoymercedes.com.ar\/principal\/wp-content\/uploads\/2022\/09\/recinto-hcd-vacio.jpg?resize=350%2C200&ssl=1","width":350,"height":200,"srcset":"https:\/\/i0.wp.com\/www.hoymercedes.com.ar\/principal\/wp-content\/uploads\/2022\/09\/recinto-hcd-vacio.jpg?resize=350%2C200&ssl=1 1x, https:\/\/i0.wp.com\/www.hoymercedes.com.ar\/principal\/wp-content\/uploads\/2022\/09\/recinto-hcd-vacio.jpg?resize=525%2C300&ssl=1 1.5x, https:\/\/i0.wp.com\/www.hoymercedes.com.ar\/principal\/wp-content\/uploads\/2022\/09\/recinto-hcd-vacio.jpg?resize=700%2C400&ssl=1 2x"},"classes":[]},{"id":76526,"url":"https:\/\/www.hoymercedes.com.ar\/principal\/2018\/05\/29\/oscar-albini-el-concejo-deliberante-no-debe-sesionar-con-custodia-policial-tenemos-que-sesionar-libremente\/","url_meta":{"origin":76565,"position":1},"title":"Oscar Albini: \u201cEl Concejo Deliberante no debe sesionar con custodia policial, tenemos que sesionar libremente\u201d","author":"hoymercedes","date":"29 mayo, 2018","format":false,"excerpt":"Al d\u00eda siguiente del conflicto ocurrido en el HCD, el Presidente del Concejo Deliberante de Mercedes, Oscar Albini, habl\u00f3 ante los medios de comunicaci\u00f3n luego de haberse reunido con el Intendente Juan Ignacio Ustarroz. \u201cLo de anoche fue muy triste, lamentable. Hechos de violencia en la casa de la democracia.\u2026","rel":"","context":"En \u00abPol\u00edtica\u00bb","block_context":{"text":"Pol\u00edtica","link":"https:\/\/www.hoymercedes.com.ar\/principal\/category\/politica\/"},"img":{"alt_text":"","src":"https:\/\/i0.wp.com\/www.hoymercedes.com.ar\/principal\/wp-content\/uploads\/2018\/05\/29-oscar-albini.jpg?resize=350%2C200&ssl=1","width":350,"height":200,"srcset":"https:\/\/i0.wp.com\/www.hoymercedes.com.ar\/principal\/wp-content\/uploads\/2018\/05\/29-oscar-albini.jpg?resize=350%2C200&ssl=1 1x, https:\/\/i0.wp.com\/www.hoymercedes.com.ar\/principal\/wp-content\/uploads\/2018\/05\/29-oscar-albini.jpg?resize=525%2C300&ssl=1 1.5x, https:\/\/i0.wp.com\/www.hoymercedes.com.ar\/principal\/wp-content\/uploads\/2018\/05\/29-oscar-albini.jpg?resize=700%2C400&ssl=1 2x"},"classes":[]},{"id":76659,"url":"https:\/\/www.hoymercedes.com.ar\/principal\/2018\/05\/31\/diputados-nacionales-y-provinciales-repudian-los-hechos-violentos-en-el-hcd-mercedes\/","url_meta":{"origin":76565,"position":2},"title":"Diputados Nacionales y Provinciales repudian los hechos violentos en el HCD Mercedes","author":"hoymercedes","date":"31 mayo, 2018","format":false,"excerpt":"Con fecha del 30 de mayo, en el Congreso de la Naci\u00f3n y la Legislatura Bonaerense se presentaron sendos proyectos de declaraci\u00f3n que expresan el \"m\u00e1s en\u00e9rgico repudio a los hechos ocurridos el pasado 28 de mayo de 2018 en el Concejo Deliberante del distrito de Mercedes\" donde resultaron agredidos\u2026","rel":"","context":"En \u00abPol\u00edtica\u00bb","block_context":{"text":"Pol\u00edtica","link":"https:\/\/www.hoymercedes.com.ar\/principal\/category\/politica\/"},"img":{"alt_text":"","src":"https:\/\/i0.wp.com\/www.hoymercedes.com.ar\/principal\/wp-content\/uploads\/2018\/05\/31-diputados-2.jpg?resize=350%2C200&ssl=1","width":350,"height":200,"srcset":"https:\/\/i0.wp.com\/www.hoymercedes.com.ar\/principal\/wp-content\/uploads\/2018\/05\/31-diputados-2.jpg?resize=350%2C200&ssl=1 1x, https:\/\/i0.wp.com\/www.hoymercedes.com.ar\/principal\/wp-content\/uploads\/2018\/05\/31-diputados-2.jpg?resize=525%2C300&ssl=1 1.5x, https:\/\/i0.wp.com\/www.hoymercedes.com.ar\/principal\/wp-content\/uploads\/2018\/05\/31-diputados-2.jpg?resize=700%2C400&ssl=1 2x"},"classes":[]},{"id":157006,"url":"https:\/\/www.hoymercedes.com.ar\/principal\/2022\/12\/31\/el-hcd-mercedes-como-sede-del-concejo-de-ninos-y-ninos\/","url_meta":{"origin":76565,"position":3},"title":"El HCD Mercedes como sede del Concejo de Ni\u00f1os y Ni\u00f1os","author":"hoymercedes","date":"31 diciembre, 2022","format":false,"excerpt":"En el recinto del HCD, el mi\u00e9rcoles pasado se realiz\u00f3 el encuentro del Concejo de Ni\u00f1os y Ni\u00f1as.","rel":"","context":"En \u00abMunicipio\u00bb","block_context":{"text":"Municipio","link":"https:\/\/www.hoymercedes.com.ar\/principal\/category\/municipio\/"},"img":{"alt_text":"","src":"https:\/\/i0.wp.com\/www.hoymercedes.com.ar\/principal\/wp-content\/uploads\/2022\/12\/hcd-ninos.jpg?resize=350%2C200&ssl=1","width":350,"height":200,"srcset":"https:\/\/i0.wp.com\/www.hoymercedes.com.ar\/principal\/wp-content\/uploads\/2022\/12\/hcd-ninos.jpg?resize=350%2C200&ssl=1 1x, https:\/\/i0.wp.com\/www.hoymercedes.com.ar\/principal\/wp-content\/uploads\/2022\/12\/hcd-ninos.jpg?resize=525%2C300&ssl=1 1.5x, https:\/\/i0.wp.com\/www.hoymercedes.com.ar\/principal\/wp-content\/uploads\/2022\/12\/hcd-ninos.jpg?resize=700%2C400&ssl=1 2x"},"classes":[]},{"id":148372,"url":"https:\/\/www.hoymercedes.com.ar\/principal\/2022\/05\/23\/el-concejo-deliberante-de-mercedes-lanzara-su-pagina-web\/","url_meta":{"origin":76565,"position":4},"title":"El Concejo Deliberante de Mercedes lanzar\u00e1 su p\u00e1gina web","author":"hoymercedes","date":"23 mayo, 2022","format":false,"excerpt":"Desde el Concejo Deliberate de Mercedes anunciaron que en los pr\u00f3ximos d\u00edas se pondr\u00e1 en funcionamiento su p\u00e1gina web. La titular del cuerpo legislativo Evangelina Cabral, explic\u00f3 que \u201cla idea de la p\u00e1gina es que el HCD sea un lugar abierto a la comunidad, que los mercedinos puedan sentirlo como\u2026","rel":"","context":"En \u00abHCD Mercedes\u00bb","block_context":{"text":"HCD Mercedes","link":"https:\/\/www.hoymercedes.com.ar\/principal\/category\/hcd-mercedes\/"},"img":{"alt_text":"","src":"https:\/\/i0.wp.com\/www.hoymercedes.com.ar\/principal\/wp-content\/uploads\/2018\/10\/26-recinto-HCD.jpg?resize=350%2C200&ssl=1","width":350,"height":200,"srcset":"https:\/\/i0.wp.com\/www.hoymercedes.com.ar\/principal\/wp-content\/uploads\/2018\/10\/26-recinto-HCD.jpg?resize=350%2C200&ssl=1 1x, https:\/\/i0.wp.com\/www.hoymercedes.com.ar\/principal\/wp-content\/uploads\/2018\/10\/26-recinto-HCD.jpg?resize=525%2C300&ssl=1 1.5x, https:\/\/i0.wp.com\/www.hoymercedes.com.ar\/principal\/wp-content\/uploads\/2018\/10\/26-recinto-HCD.jpg?resize=700%2C400&ssl=1 2x"},"classes":[]},{"id":76544,"url":"https:\/\/www.hoymercedes.com.ar\/principal\/2018\/05\/29\/concejal-milhomme-me-solidarizo-con-todos-aquellos-vecinos-y-concejales-que-han-sido-agredidos\/","url_meta":{"origin":76565,"position":5},"title":"Concejal Milhomme: \u201cMe solidarizo con todos aquellos vecinos y concejales que han sido agredidos\u201d","author":"hoymercedes","date":"29 mayo, 2018","format":false,"excerpt":"Desde el Frente Renovador-Partido Justicialista, el concejal que representa a la agrupaci\u00f3n justicialista que lidera el ex Intendente Carlos Selva, Carlos Milhomme, habl\u00f3 en distintos medios de comunicaci\u00f3n para expresar su opini\u00f3n y an\u00e1lisis pol\u00edtico sobre las manifestaciones violentas en la noche del lunes en el recinto del Concejo Deliberante.\u2026","rel":"","context":"En \u00abPol\u00edtica\u00bb","block_context":{"text":"Pol\u00edtica","link":"https:\/\/www.hoymercedes.com.ar\/principal\/category\/politica\/"},"img":{"alt_text":"","src":"https:\/\/i0.wp.com\/www.hoymercedes.com.ar\/principal\/wp-content\/uploads\/2018\/05\/11-Carlos-Milhomme-1.jpg?resize=350%2C200&ssl=1","width":350,"height":200,"srcset":"https:\/\/i0.wp.com\/www.hoymercedes.com.ar\/principal\/wp-content\/uploads\/2018\/05\/11-Carlos-Milhomme-1.jpg?resize=350%2C200&ssl=1 1x, https:\/\/i0.wp.com\/www.hoymercedes.com.ar\/principal\/wp-content\/uploads\/2018\/05\/11-Carlos-Milhomme-1.jpg?resize=525%2C300&ssl=1 1.5x, https:\/\/i0.wp.com\/www.hoymercedes.com.ar\/principal\/wp-content\/uploads\/2018\/05\/11-Carlos-Milhomme-1.jpg?resize=700%2C400&ssl=1 2x"},"classes":[]}],"_links":{"self":[{"href":"https:\/\/www.hoymercedes.com.ar\/principal\/wp-json\/wp\/v2\/posts\/76565","targetHints":{"allow":["GET"]}}],"collection":[{"href":"https:\/\/www.hoymercedes.com.ar\/principal\/wp-json\/wp\/v2\/posts"}],"about":[{"href":"https:\/\/www.hoymercedes.com.ar\/principal\/wp-json\/wp\/v2\/types\/post"}],"author":[{"embeddable":true,"href":"https:\/\/www.hoymercedes.com.ar\/principal\/wp-json\/wp\/v2\/users\/1"}],"replies":[{"embeddable":true,"href":"https:\/\/www.hoymercedes.com.ar\/principal\/wp-json\/wp\/v2\/comments?post=76565"}],"version-history":[{"count":0,"href":"https:\/\/www.hoymercedes.com.ar\/principal\/wp-json\/wp\/v2\/posts\/76565\/revisions"}],"wp:featuredmedia":[{"embeddable":true,"href":"https:\/\/www.hoymercedes.com.ar\/principal\/wp-json\/wp\/v2\/media\/76567"}],"wp:attachment":[{"href":"https:\/\/www.hoymercedes.com.ar\/principal\/wp-json\/wp\/v2\/media?parent=76565"}],"wp:term":[{"taxonomy":"category","embeddable":true,"href":"https:\/\/www.hoymercedes.com.ar\/principal\/wp-json\/wp\/v2\/categories?post=76565"},{"taxonomy":"post_tag","embeddable":true,"href":"https:\/\/www.hoymercedes.com.ar\/principal\/wp-json\/wp\/v2\/tags?post=76565"}],"curies":[{"name":"wp","href":"https:\/\/api.w.org\/{rel}","templated":true}]}}