{"id":76577,"date":"2018-05-30T00:39:38","date_gmt":"2018-05-30T03:39:38","guid":{"rendered":"http:\/\/www.hoymercedes.com.ar\/principal\/?p=76577"},"modified":"2018-05-30T00:39:38","modified_gmt":"2018-05-30T03:39:38","slug":"siniestro-fatal-se-cobra-la-vida-de-un-vecino-y-casi-termina-en-desmanes","status":"publish","type":"post","link":"https:\/\/www.hoymercedes.com.ar\/principal\/2018\/05\/30\/siniestro-fatal-se-cobra-la-vida-de-un-vecino-y-casi-termina-en-desmanes\/","title":{"rendered":"Siniestro fatal se cobra la vida de un vecino y casi termina en desmanes"},"content":{"rendered":"<p>Durante la noche de este martes un siniestro vial fatal se produjo en nuestra ciudad. Como consecuencia un vecino perdi\u00f3 la vida. El hecho se produjo, seg\u00fan se supo, a la salida del partido de la Liga. El Hospital demor\u00f3 m\u00e1s de una hora para trasladar a la v\u00edctima, ante el dolor de los presentes que viendo la negativa del Dubarry de cubrir el fatal hecho empezaron a generar una queja en el lugar que casi termina con incidentes mayores.<\/p>\n<p>Ante la negativa se busc\u00f3 asistencia en una cocher\u00eda c\u00e9ntrica, pero, finalmente, termin\u00f3, con una amplia demora, apareciendo la ambulancia. Dicha tardanza y la v\u00edctima en la v\u00eda p\u00fablica gener\u00f3 que los conocidos, hinchas del club, iniciaran una queja muy enardecida que llev\u00f3 a la intervenci\u00f3n de la Polic\u00eda haci\u00e9ndolo desde el GAD y la Comunal buscando calmar los \u00e1nimos a cada minuto m\u00e1s molestos.<\/p>\n<p>El doloroso acontecimiento, del cual no hay parte oficial, se produjo terminado el partido entre Holanda y Tim\u00f3n.<\/p>\n<p>Las versiones son varias, lo concreto, es que el vecino perdi\u00f3 la vida al colisionar contra el colectivo que transportaba a integrantes del club local. Quien perdi\u00f3 la vida era un espectador del encuentro, aficionado de Holanda, del barrio Blandengues, se supo.<\/p>\n<p>El dolor de toda una ciudad es enorme. La persona ser\u00eda joven y habr\u00eda estado viajando en car\u00e1cter de acompa\u00f1ante.<\/p>\n<p>&nbsp;<\/p>\n","protected":false},"excerpt":{"rendered":"<p>Durante la noche de este martes un siniestro vial fatal se produjo en nuestra ciudad. Como consecuencia un vecino perdi\u00f3 &#8230; <a title=\"Siniestro fatal se cobra la vida de un vecino y casi termina en desmanes\" class=\"read-more\" href=\"https:\/\/www.hoymercedes.com.ar\/principal\/2018\/05\/30\/siniestro-fatal-se-cobra-la-vida-de-un-vecino-y-casi-termina-en-desmanes\/\" aria-label=\"Leer m\u00e1s sobre Siniestro fatal se cobra la vida de un vecino y casi termina en desmanes\">Leer m\u00e1s<\/a><\/p>\n","protected":false},"author":1,"featured_media":40661,"comment_status":"closed","ping_status":"open","sticky":false,"template":"","format":"standard","meta":{"_monsterinsights_skip_tracking":false,"_monsterinsights_sitenote_active":false,"_monsterinsights_sitenote_note":"","_monsterinsights_sitenote_category":0,"jetpack_post_was_ever_published":false,"_jetpack_newsletter_access":"","_jetpack_dont_email_post_to_subs":false,"_jetpack_newsletter_tier_id":0,"_jetpack_memberships_contains_paywalled_content":false,"_jetpack_memberships_contains_paid_content":false,"footnotes":"","jetpack_publicize_message":"","jetpack_publicize_feature_enabled":true,"jetpack_social_post_already_shared":true,"jetpack_social_options":{"image_generator_settings":{"template":"highway","default_image_id":0,"font":"","enabled":false},"version":2},"_wpas_customize_per_network":false},"categories":[8],"tags":[12471,10395],"class_list":["post-76577","post","type-post","status-publish","format-standard","has-post-thumbnail","hentry","category-sociedad","tag-club-holanda","tag-siniestro-vial","generate-columns","tablet-grid-50","mobile-grid-100","grid-parent","grid-50"],"jetpack_publicize_connections":[],"jetpack_featured_media_url":"https:\/\/www.hoymercedes.com.ar\/principal\/wp-content\/uploads\/2015\/04\/policiabonaerense.jpg","wps_subtitle":"Tras salir de la cancha ","jetpack_sharing_enabled":true,"jetpack-related-posts":[{"id":147403,"url":"https:\/\/www.hoymercedes.com.ar\/principal\/2022\/04\/30\/siniestro-vial-fatal-en-avenida-de-los-inmigrantes\/","url_meta":{"origin":76577,"position":0},"title":"Siniestro vial fatal en Avenida de los Inmigrantes","author":"hoymercedes","date":"30 abril, 2022","format":false,"excerpt":"Durante la tarde de este s\u00e1bado se produjo un siniestro vial que involucr\u00f3 a un motociclista de 44 a\u00f1os de edad vecino de nuestra localidad. La polic\u00eda cient\u00edfica trabaj\u00f3 en el lugar. Por las caracter\u00edsticas del siniestro se debi\u00f3 cortar el acceso a Mercedes en su totalidad dado que, de\u2026","rel":"","context":"En \u00abSociedad\u00bb","block_context":{"text":"Sociedad","link":"https:\/\/www.hoymercedes.com.ar\/principal\/category\/sociedad\/"},"img":{"alt_text":"","src":"https:\/\/i0.wp.com\/www.hoymercedes.com.ar\/principal\/wp-content\/uploads\/2018\/03\/policia-patrullero.jpg?resize=350%2C200&ssl=1","width":350,"height":200,"srcset":"https:\/\/i0.wp.com\/www.hoymercedes.com.ar\/principal\/wp-content\/uploads\/2018\/03\/policia-patrullero.jpg?resize=350%2C200&ssl=1 1x, https:\/\/i0.wp.com\/www.hoymercedes.com.ar\/principal\/wp-content\/uploads\/2018\/03\/policia-patrullero.jpg?resize=525%2C300&ssl=1 1.5x, https:\/\/i0.wp.com\/www.hoymercedes.com.ar\/principal\/wp-content\/uploads\/2018\/03\/policia-patrullero.jpg?resize=700%2C400&ssl=1 2x"},"classes":[]},{"id":164717,"url":"https:\/\/www.hoymercedes.com.ar\/principal\/2023\/07\/18\/siniestro-vial-con-victima-fatal-en-rno5-y-casi-calle-11\/","url_meta":{"origin":76577,"position":1},"title":"Siniestro vial con v\u00edctima fatal en RN\u00ba5 y casi calle 11","author":"hoymercedes","date":"18 julio, 2023","format":false,"excerpt":"Durante la tarde de este martes se produjo un siniestro vial que involucr\u00f3 un cami\u00f3n Volvo conducido por un hombre de Bah\u00eda Blanca contra un Renault Clio con pasajeros de Chivilcoy de donde surge la v\u00edctima fatal, siendo un hombre de 73 a\u00f1os de edad. \u00a0Fue en el km 112.\u2026","rel":"","context":"En \u00abPolicial\u00bb","block_context":{"text":"Policial","link":"https:\/\/www.hoymercedes.com.ar\/principal\/category\/policial\/"},"img":{"alt_text":"","src":"https:\/\/i0.wp.com\/www.hoymercedes.com.ar\/principal\/wp-content\/uploads\/2023\/07\/SiniestroVial.jpg?resize=350%2C200&ssl=1","width":350,"height":200,"srcset":"https:\/\/i0.wp.com\/www.hoymercedes.com.ar\/principal\/wp-content\/uploads\/2023\/07\/SiniestroVial.jpg?resize=350%2C200&ssl=1 1x, https:\/\/i0.wp.com\/www.hoymercedes.com.ar\/principal\/wp-content\/uploads\/2023\/07\/SiniestroVial.jpg?resize=525%2C300&ssl=1 1.5x, https:\/\/i0.wp.com\/www.hoymercedes.com.ar\/principal\/wp-content\/uploads\/2023\/07\/SiniestroVial.jpg?resize=700%2C400&ssl=1 2x"},"classes":[]},{"id":88535,"url":"https:\/\/www.hoymercedes.com.ar\/principal\/2019\/02\/21\/siniestro-fatal-en-ruta-n5\/","url_meta":{"origin":76577,"position":2},"title":"Siniestro fatal en Ruta N\u00b05","author":"hoymercedes","date":"21 febrero, 2019","format":false,"excerpt":"Durante la tarde de este jueves se produjo un siniestro fatal en Ruta Nacional N\u00b05 con la p\u00e9rdida de vida de un vecino de nuestra ciudad que circulaba en una motocicleta 50cc con direcci\u00f3n a la ciudad de Suipacha. Fue en el kilometro 112 jurisdicci\u00f3n Mercedes El choque se dio\u2026","rel":"","context":"En \u00abPolicial\u00bb","block_context":{"text":"Policial","link":"https:\/\/www.hoymercedes.com.ar\/principal\/category\/policial\/"},"img":{"alt_text":"","src":"https:\/\/i0.wp.com\/www.hoymercedes.com.ar\/principal\/wp-content\/uploads\/2019\/02\/IMG-20190221-WA0205.jpg?resize=350%2C200&ssl=1","width":350,"height":200,"srcset":"https:\/\/i0.wp.com\/www.hoymercedes.com.ar\/principal\/wp-content\/uploads\/2019\/02\/IMG-20190221-WA0205.jpg?resize=350%2C200&ssl=1 1x, https:\/\/i0.wp.com\/www.hoymercedes.com.ar\/principal\/wp-content\/uploads\/2019\/02\/IMG-20190221-WA0205.jpg?resize=525%2C300&ssl=1 1.5x"},"classes":[]},{"id":143669,"url":"https:\/\/www.hoymercedes.com.ar\/principal\/2022\/02\/06\/siniestro-vial-fatal-en-el-acceso-sanmartin\/","url_meta":{"origin":76577,"position":3},"title":"Siniestro vial fatal en el acceso Sanmart\u00edn","author":"hoymercedes","date":"6 febrero, 2022","format":false,"excerpt":"Durante horas de la madrugada se produjo un siniestro vial con desenlace fatal. Actuaron las fuerzas de seguridad, de cuidado a la salud y bomberos. Las causas por la cual un hombre en un Mercedes Benz falleci\u00f3, a\u00fan se desconocen. Extraoficialmente se pudo saber que el vecino de nuestra ciudad,\u2026","rel":"","context":"En \u00abPolicial\u00bb","block_context":{"text":"Policial","link":"https:\/\/www.hoymercedes.com.ar\/principal\/category\/policial\/"},"img":{"alt_text":"","src":"https:\/\/i0.wp.com\/www.hoymercedes.com.ar\/principal\/wp-content\/uploads\/2022\/02\/SiniestroVial.jpeg?resize=350%2C200&ssl=1","width":350,"height":200,"srcset":"https:\/\/i0.wp.com\/www.hoymercedes.com.ar\/principal\/wp-content\/uploads\/2022\/02\/SiniestroVial.jpeg?resize=350%2C200&ssl=1 1x, https:\/\/i0.wp.com\/www.hoymercedes.com.ar\/principal\/wp-content\/uploads\/2022\/02\/SiniestroVial.jpeg?resize=525%2C300&ssl=1 1.5x, https:\/\/i0.wp.com\/www.hoymercedes.com.ar\/principal\/wp-content\/uploads\/2022\/02\/SiniestroVial.jpeg?resize=700%2C400&ssl=1 2x, https:\/\/i0.wp.com\/www.hoymercedes.com.ar\/principal\/wp-content\/uploads\/2022\/02\/SiniestroVial.jpeg?resize=1050%2C600&ssl=1 3x"},"classes":[]},{"id":186188,"url":"https:\/\/www.hoymercedes.com.ar\/principal\/2025\/07\/13\/fallecio-un-vecino-en-siniestro-vial-en-ruta-n5\/","url_meta":{"origin":76577,"position":4},"title":"Falleci\u00f3 un vecino en siniestro vial en Ruta N\u00b05","author":"hoymercedes","date":"13 julio, 2025","format":false,"excerpt":"Durante la jornada de ayer un siniestro vial se produjo en Ruta Nacional n\u00b05 involucrando a un autom\u00f3vil conducido por una mujer y la v\u00edctima fatal que se movilizaba en una motocicleta 150cc. El acontecimiento sucedi\u00f3 en el cruce de Ruta N\u00b05 y Acceso Sanmart\u00edn. Fue el pasado s\u00e1bado en\u2026","rel":"","context":"En \u00abPolicial\u00bb","block_context":{"text":"Policial","link":"https:\/\/www.hoymercedes.com.ar\/principal\/category\/policial\/"},"img":{"alt_text":"Policia - Patrullero","src":"https:\/\/i0.wp.com\/www.hoymercedes.com.ar\/principal\/wp-content\/uploads\/2020\/10\/21-policia-bragado.jpg?resize=350%2C200&ssl=1","width":350,"height":200,"srcset":"https:\/\/i0.wp.com\/www.hoymercedes.com.ar\/principal\/wp-content\/uploads\/2020\/10\/21-policia-bragado.jpg?resize=350%2C200&ssl=1 1x, https:\/\/i0.wp.com\/www.hoymercedes.com.ar\/principal\/wp-content\/uploads\/2020\/10\/21-policia-bragado.jpg?resize=525%2C300&ssl=1 1.5x, https:\/\/i0.wp.com\/www.hoymercedes.com.ar\/principal\/wp-content\/uploads\/2020\/10\/21-policia-bragado.jpg?resize=700%2C400&ssl=1 2x"},"classes":[]},{"id":103581,"url":"https:\/\/www.hoymercedes.com.ar\/principal\/2019\/12\/07\/mercedino-pierde-la-vida-en-siniestro-vial\/","url_meta":{"origin":76577,"position":5},"title":"Mercedino pierde la vida en siniestro vial","author":"hoymercedes","date":"7 diciembre, 2019","format":false,"excerpt":"Un siniestro fatal se produjo en la ruta provincia n\u00b041. Seg\u00fan se supo fue cerca de las 06.00am y se cobr\u00f3 la vida de un vecino de nuestra ciudad. All\u00ed intervinieron bomberos, SAME y polic\u00eda cient\u00edfica. Extra oficialmente se supo fue cerca del reconocido comercio gastron\u00f3mico \u201cEl Para\u00edso\u201d, jurisdicci\u00f3n Mercedes.\u2026","rel":"","context":"En \u00abSociedad\u00bb","block_context":{"text":"Sociedad","link":"https:\/\/www.hoymercedes.com.ar\/principal\/category\/sociedad\/"},"img":{"alt_text":"","src":"https:\/\/i0.wp.com\/www.hoymercedes.com.ar\/principal\/wp-content\/uploads\/2019\/12\/r41.jpg?resize=350%2C200&ssl=1","width":350,"height":200,"srcset":"https:\/\/i0.wp.com\/www.hoymercedes.com.ar\/principal\/wp-content\/uploads\/2019\/12\/r41.jpg?resize=350%2C200&ssl=1 1x, https:\/\/i0.wp.com\/www.hoymercedes.com.ar\/principal\/wp-content\/uploads\/2019\/12\/r41.jpg?resize=525%2C300&ssl=1 1.5x, https:\/\/i0.wp.com\/www.hoymercedes.com.ar\/principal\/wp-content\/uploads\/2019\/12\/r41.jpg?resize=700%2C400&ssl=1 2x"},"classes":[]}],"_links":{"self":[{"href":"https:\/\/www.hoymercedes.com.ar\/principal\/wp-json\/wp\/v2\/posts\/76577","targetHints":{"allow":["GET"]}}],"collection":[{"href":"https:\/\/www.hoymercedes.com.ar\/principal\/wp-json\/wp\/v2\/posts"}],"about":[{"href":"https:\/\/www.hoymercedes.com.ar\/principal\/wp-json\/wp\/v2\/types\/post"}],"author":[{"embeddable":true,"href":"https:\/\/www.hoymercedes.com.ar\/principal\/wp-json\/wp\/v2\/users\/1"}],"replies":[{"embeddable":true,"href":"https:\/\/www.hoymercedes.com.ar\/principal\/wp-json\/wp\/v2\/comments?post=76577"}],"version-history":[{"count":0,"href":"https:\/\/www.hoymercedes.com.ar\/principal\/wp-json\/wp\/v2\/posts\/76577\/revisions"}],"wp:featuredmedia":[{"embeddable":true,"href":"https:\/\/www.hoymercedes.com.ar\/principal\/wp-json\/wp\/v2\/media\/40661"}],"wp:attachment":[{"href":"https:\/\/www.hoymercedes.com.ar\/principal\/wp-json\/wp\/v2\/media?parent=76577"}],"wp:term":[{"taxonomy":"category","embeddable":true,"href":"https:\/\/www.hoymercedes.com.ar\/principal\/wp-json\/wp\/v2\/categories?post=76577"},{"taxonomy":"post_tag","embeddable":true,"href":"https:\/\/www.hoymercedes.com.ar\/principal\/wp-json\/wp\/v2\/tags?post=76577"}],"curies":[{"name":"wp","href":"https:\/\/api.w.org\/{rel}","templated":true}]}}