{"id":76615,"date":"2018-05-30T21:30:20","date_gmt":"2018-05-31T00:30:20","guid":{"rendered":"http:\/\/www.hoymercedes.com.ar\/principal\/?p=76615"},"modified":"2018-05-30T21:20:44","modified_gmt":"2018-05-31T00:20:44","slug":"policia-comunal-y-comisaria-de-la-mujer-detienen-a-hombre-que-golpeo-fuertemente-a-su-mujer","status":"publish","type":"post","link":"https:\/\/www.hoymercedes.com.ar\/principal\/2018\/05\/30\/policia-comunal-y-comisaria-de-la-mujer-detienen-a-hombre-que-golpeo-fuertemente-a-su-mujer\/","title":{"rendered":"Polic\u00eda Comunal y Comisar\u00eda de la Mujer detienen a hombre que golpe\u00f3 fuertemente a su mujer"},"content":{"rendered":"<p>Tras un llamado al 911 el personal conducido por el comisario Sergio Macedo acudi\u00f3 en auxilio de una mujer que se encontraba inconsciente y cerca de ella un masculino, que dijo ser su marido, y desconocer los motivos de tal estado. Los uniformados, actuando seg\u00fan protocoles establecidos inician el proceso de atenciones m\u00e9dicas a la mujer a la vez que comienzan una investigaci\u00f3n de los hechos, que termin\u00f3 con el sujeto detenido.<\/p>\n<p>En el lugar se encontr\u00f3 el personal de la Estaci\u00f3n Comunal Mercedes encuentran a la mujer \u201crecostada sobre el suelo en posici\u00f3n cubito dorsal, inconsciente\u201d y al lado el mencionado masculino, que se identific\u00f3 como su marido.<\/p>\n<p>Se dio inmediatamente intervenci\u00f3n a la Comisar\u00eda de la Mujer que tambi\u00e9n actu\u00f3 en el asunto.<\/p>\n<p>Una vez recuperada la mujer, ya en el hospital, se logr\u00f3 tomarle declaraci\u00f3n y manifest\u00f3 que el esposo la hab\u00eda golpeado hasta dejarla inconsciente. Fue as\u00ed que, quien se encontraba ya a disposici\u00f3n de la Polic\u00eda Comunal, queda instant\u00e1neamente detenido.<\/p>\n<p>Determinan que posee lesiones. La Justicia local aval\u00f3 lo actuado, a trav\u00e9s del Dr. G\u00f3mez, de la UFI N\u00b05, dando firmeza a la detenci\u00f3n del vecino de nuestra ciudad. La mujer ten\u00eda domicilio formal en Suipacha.<\/p>\n<p>Todo sucedi\u00f3 en calle 40 entre 49 y 51. El pr\u00f3ximo paso ser\u00e1 que deber\u00e1 comparecer ante la UFI N\u00b05 a instancias del Dr. Luis Baraldo Victoria.<\/p>\n<p>Por su parte, el Comisario Macedo, destac\u00f3 la \u201cbuena actuaci\u00f3n del personal de guardia\u201d que \u201ctras detectar la situaci\u00f3n iniciaron la correspondiente investigaci\u00f3n y arribo a la verdad de los hechos\u201d, sin olvidar de destacar el excelente trabajo que cotidianamente se desarrollan conjuntamente con el Departamento Judicial Mercedes.<\/p>\n<p>Vale recordar que es uno de los temas m\u00e1s complejos que tenemos como sociedad, que existen m\u00faltiples dispositivos de apoyo y ayuda, como la Casa de la Mujer Juana Azurduy dependiente de la Secretar\u00eda de Seguridad Municipal, se efect\u00faan jornadas, cursos, campa\u00f1as de concientizaci\u00f3n, entre otras medidas en post de erradicar de la sociedad esta grave conducta con ra\u00edces culturales de larga data.<\/p>\n","protected":false},"excerpt":{"rendered":"<p>Tras un llamado al 911 el personal conducido por el comisario Sergio Macedo acudi\u00f3 en auxilio de una mujer que &#8230; <a title=\"Polic\u00eda Comunal y Comisar\u00eda de la Mujer detienen a hombre que golpe\u00f3 fuertemente a su mujer\" class=\"read-more\" href=\"https:\/\/www.hoymercedes.com.ar\/principal\/2018\/05\/30\/policia-comunal-y-comisaria-de-la-mujer-detienen-a-hombre-que-golpeo-fuertemente-a-su-mujer\/\" aria-label=\"Leer m\u00e1s sobre Polic\u00eda Comunal y Comisar\u00eda de la Mujer detienen a hombre que golpe\u00f3 fuertemente a su mujer\">Leer m\u00e1s<\/a><\/p>\n","protected":false},"author":1,"featured_media":70401,"comment_status":"closed","ping_status":"open","sticky":false,"template":"","format":"standard","meta":{"_monsterinsights_skip_tracking":false,"_monsterinsights_sitenote_active":false,"_monsterinsights_sitenote_note":"","_monsterinsights_sitenote_category":0,"jetpack_post_was_ever_published":false,"_jetpack_newsletter_access":"","_jetpack_dont_email_post_to_subs":false,"_jetpack_newsletter_tier_id":0,"_jetpack_memberships_contains_paywalled_content":false,"_jetpack_memberships_contains_paid_content":false,"footnotes":"","jetpack_publicize_message":"","jetpack_publicize_feature_enabled":true,"jetpack_social_post_already_shared":true,"jetpack_social_options":{"image_generator_settings":{"template":"highway","default_image_id":0,"font":"","enabled":false},"version":2},"_wpas_customize_per_network":false},"categories":[85],"tags":[7617,215,83,96,10277],"class_list":["post-76615","post","type-post","status-publish","format-standard","has-post-thumbnail","hentry","category-policial","tag-comisaria-de-la-mujer","tag-detenciones","tag-policia","tag-policial-2","tag-sergio-macedo","generate-columns","tablet-grid-50","mobile-grid-100","grid-parent","grid-50"],"jetpack_publicize_connections":[],"jetpack_featured_media_url":"https:\/\/www.hoymercedes.com.ar\/principal\/wp-content\/uploads\/2017\/12\/Comisario.Macedo.jpg","wps_subtitle":"Actuaci\u00f3n policial","jetpack_sharing_enabled":true,"_links":{"self":[{"href":"https:\/\/www.hoymercedes.com.ar\/principal\/wp-json\/wp\/v2\/posts\/76615","targetHints":{"allow":["GET"]}}],"collection":[{"href":"https:\/\/www.hoymercedes.com.ar\/principal\/wp-json\/wp\/v2\/posts"}],"about":[{"href":"https:\/\/www.hoymercedes.com.ar\/principal\/wp-json\/wp\/v2\/types\/post"}],"author":[{"embeddable":true,"href":"https:\/\/www.hoymercedes.com.ar\/principal\/wp-json\/wp\/v2\/users\/1"}],"replies":[{"embeddable":true,"href":"https:\/\/www.hoymercedes.com.ar\/principal\/wp-json\/wp\/v2\/comments?post=76615"}],"version-history":[{"count":0,"href":"https:\/\/www.hoymercedes.com.ar\/principal\/wp-json\/wp\/v2\/posts\/76615\/revisions"}],"wp:featuredmedia":[{"embeddable":true,"href":"https:\/\/www.hoymercedes.com.ar\/principal\/wp-json\/wp\/v2\/media\/70401"}],"wp:attachment":[{"href":"https:\/\/www.hoymercedes.com.ar\/principal\/wp-json\/wp\/v2\/media?parent=76615"}],"wp:term":[{"taxonomy":"category","embeddable":true,"href":"https:\/\/www.hoymercedes.com.ar\/principal\/wp-json\/wp\/v2\/categories?post=76615"},{"taxonomy":"post_tag","embeddable":true,"href":"https:\/\/www.hoymercedes.com.ar\/principal\/wp-json\/wp\/v2\/tags?post=76615"}],"curies":[{"name":"wp","href":"https:\/\/api.w.org\/{rel}","templated":true}]}}