{"id":76695,"date":"2018-06-01T15:53:48","date_gmt":"2018-06-01T18:53:48","guid":{"rendered":"http:\/\/www.hoymercedes.com.ar\/principal\/?p=76695"},"modified":"2018-06-01T16:20:59","modified_gmt":"2018-06-01T19:20:59","slug":"internos-restauraron-camion-de-los-bomberos-voluntarios","status":"publish","type":"post","link":"https:\/\/www.hoymercedes.com.ar\/principal\/2018\/06\/01\/internos-restauraron-camion-de-los-bomberos-voluntarios\/","title":{"rendered":"Internos restauraron cami\u00f3n de los Bomberos Voluntarios"},"content":{"rendered":"<p><em><strong>Los internos de la Unidad Penitenciaria N\u00b0 5 de Mercedes restauraron un hist\u00f3rico m\u00f3vil de los Bomberos Voluntarios de Mercedes. Se trata del m\u00f3vil 3, un cami\u00f3n Ford 600 del a\u00f1o 1957 que fue adquirido como 0km por aquellos a\u00f1os. Lo entregar\u00e1n de manera oficial en el acto de este s\u00e1bado.\u00a0<\/strong><\/em><\/p>\n<p><img loading=\"lazy\" decoding=\"async\" data-attachment-id=\"76701\" data-permalink=\"https:\/\/www.hoymercedes.com.ar\/principal\/2018\/06\/01\/internos-restauraron-camion-de-los-bomberos-voluntarios\/01-bomberos-movil-3\/#main\" data-orig-file=\"https:\/\/www.hoymercedes.com.ar\/principal\/wp-content\/uploads\/2018\/06\/01-bomberos-movil-3.jpg\" data-orig-size=\"750,422\" data-comments-opened=\"0\" data-image-meta=\"{&quot;aperture&quot;:&quot;0&quot;,&quot;credit&quot;:&quot;&quot;,&quot;camera&quot;:&quot;&quot;,&quot;caption&quot;:&quot;&quot;,&quot;created_timestamp&quot;:&quot;0&quot;,&quot;copyright&quot;:&quot;&quot;,&quot;focal_length&quot;:&quot;0&quot;,&quot;iso&quot;:&quot;0&quot;,&quot;shutter_speed&quot;:&quot;0&quot;,&quot;title&quot;:&quot;&quot;,&quot;orientation&quot;:&quot;0&quot;}\" data-image-title=\"01 bomberos movil 3\" data-image-description=\"\" data-image-caption=\"\" data-large-file=\"https:\/\/www.hoymercedes.com.ar\/principal\/wp-content\/uploads\/2018\/06\/01-bomberos-movil-3.jpg\" class=\"aligncenter size-medium wp-image-76701\" src=\"https:\/\/www.hoymercedes.com.ar\/principal\/wp-content\/uploads\/2018\/06\/01-bomberos-movil-3-630x354.jpg\" alt=\"\" width=\"630\" height=\"354\" srcset=\"https:\/\/www.hoymercedes.com.ar\/principal\/wp-content\/uploads\/2018\/06\/01-bomberos-movil-3-630x354.jpg 630w, https:\/\/www.hoymercedes.com.ar\/principal\/wp-content\/uploads\/2018\/06\/01-bomberos-movil-3-150x84.jpg 150w, https:\/\/www.hoymercedes.com.ar\/principal\/wp-content\/uploads\/2018\/06\/01-bomberos-movil-3.jpg 750w\" sizes=\"auto, (max-width: 630px) 100vw, 630px\" \/><\/p>\n<p>Luego de seis meses de trabajo de privados de libertad alojados en la Unidad 5, dependiente del Servicio Penitenciario Bonaerense, qued\u00f3 restaurado uno de los m\u00f3viles hist\u00f3ricos del Cuartel de Bomberos Voluntarios de Mercedes, el que ahora ser\u00e1 utilizado para exposiciones, visitas a escuelas y desfiles.\u00a0Se trata de un cami\u00f3n Ford 600 modelo 1957, el primer veh\u00edculo 0 km adquirido por el Cuartel de Bomberos mercedino, conocido como el m\u00f3vil 3.<\/p>\n<p>A fines de noviembre pasado el Ford 600 ingres\u00f3 a los Talleres de la Unidad 5 y luego de pasar por los sectores de chapa, pintura, electricidad, mec\u00e1nica y tapizado, ya qued\u00f3 restaurado a nuevo, y este s\u00e1bado ser\u00e1 entregado a las autoridades del Cuartel en ocasi\u00f3n de celebrarse el D\u00eda del Bombero Voluntario en un acto a realizarse a las 15 en calle 22 casi esquina 15.<\/p>\n<p>Cabe destacar que entre los a\u00f1os 2006 al 2013, el m\u00f3vil 3\u00a0 estuvo destinado a la Unidad 5, a trav\u00e9s de un convenio entre Bomberos y el Servicio Penitenciario, para atender posibles emergencias hasta que se construy\u00f3 la red hidrante dentro de la c\u00e1rcel. En el penal, se dio esplendor nuevamente a este hist\u00f3rico cami\u00f3n que quedar\u00e1 en el Cuartel para exhibiciones, desfiles, visitas a escuelas, y como el valioso recuerdo de ser uno de los primeros m\u00f3viles de esta prestigiosa instituci\u00f3n.<\/p>\n<p><img loading=\"lazy\" decoding=\"async\" data-attachment-id=\"76697\" data-permalink=\"https:\/\/www.hoymercedes.com.ar\/principal\/2018\/06\/01\/internos-restauraron-camion-de-los-bomberos-voluntarios\/01-bomberos-movil-2\/#main\" data-orig-file=\"https:\/\/www.hoymercedes.com.ar\/principal\/wp-content\/uploads\/2018\/06\/01-bomberos-movil-2.jpg\" data-orig-size=\"750,422\" data-comments-opened=\"0\" data-image-meta=\"{&quot;aperture&quot;:&quot;0&quot;,&quot;credit&quot;:&quot;&quot;,&quot;camera&quot;:&quot;&quot;,&quot;caption&quot;:&quot;&quot;,&quot;created_timestamp&quot;:&quot;0&quot;,&quot;copyright&quot;:&quot;&quot;,&quot;focal_length&quot;:&quot;0&quot;,&quot;iso&quot;:&quot;0&quot;,&quot;shutter_speed&quot;:&quot;0&quot;,&quot;title&quot;:&quot;&quot;,&quot;orientation&quot;:&quot;0&quot;}\" data-image-title=\"01 bomberos movil 2\" data-image-description=\"\" data-image-caption=\"\" data-large-file=\"https:\/\/www.hoymercedes.com.ar\/principal\/wp-content\/uploads\/2018\/06\/01-bomberos-movil-2.jpg\" class=\"aligncenter size-medium wp-image-76697\" src=\"https:\/\/www.hoymercedes.com.ar\/principal\/wp-content\/uploads\/2018\/06\/01-bomberos-movil-2-630x354.jpg\" alt=\"\" width=\"630\" height=\"354\" srcset=\"https:\/\/www.hoymercedes.com.ar\/principal\/wp-content\/uploads\/2018\/06\/01-bomberos-movil-2-630x354.jpg 630w, https:\/\/www.hoymercedes.com.ar\/principal\/wp-content\/uploads\/2018\/06\/01-bomberos-movil-2-150x84.jpg 150w, https:\/\/www.hoymercedes.com.ar\/principal\/wp-content\/uploads\/2018\/06\/01-bomberos-movil-2.jpg 750w\" sizes=\"auto, (max-width: 630px) 100vw, 630px\" \/><\/p>\n<p>Desde la Subdirecci\u00f3n General de Trabajo del SPB y desde la secci\u00f3n Talleres de la Unidad 5 se inform\u00f3 que participaron de los trabajos nueve internos,\u00a0 a cargo de los maestros de Chapa y Pintura, el Sargento Primero Guillermo Aran, y de Mec\u00e1nica y Electricidad del Automotor, el Sargento Primero Lucas Chava\u00f1o.\u00a0Osvaldo, uno de los internos que particip\u00f3 del proceso de restauraci\u00f3n, cont\u00f3 que \u201cpude aplicar todo lo que aprend\u00ed ac\u00e1 en la Unidad 5. Fue muy emocionante cada jornada laboral. Sab\u00edamos que por acci\u00f3n de este veh\u00edculo y los rescatistas se evitaron tragedias y da\u00f1os en la naturaleza en la zona\u201d.<\/p>\n<p>Tras recordar que el cami\u00f3n pas\u00f3 por varios sectores en los que se trabaj\u00f3 con dedicaci\u00f3n, el director de la Unidad 5, Ricardo M\u00e9ndez, afirm\u00f3 que \u201cse hizo una restauraci\u00f3n a fondo. Estamos muy contentos con el producto final. Hay que recordar que el cami\u00f3n estuvo en estado de deterioro varios a\u00f1os. Destaco la coordinaci\u00f3n que realizaron los dos maestros en oficios\u201d.<\/p>\n<p>Estas iniciativas se impulsan desde el Ministerio de Justicia de la provincia de Buenos Aires, ya que la adquisici\u00f3n de oficios es una de las claves para una reinserci\u00f3n social eficiente.<\/p>\n<p><img loading=\"lazy\" decoding=\"async\" data-attachment-id=\"76696\" data-permalink=\"https:\/\/www.hoymercedes.com.ar\/principal\/2018\/06\/01\/internos-restauraron-camion-de-los-bomberos-voluntarios\/01-bomberos-movil-1\/#main\" data-orig-file=\"https:\/\/www.hoymercedes.com.ar\/principal\/wp-content\/uploads\/2018\/06\/01-bomberos-movil-1.jpg\" data-orig-size=\"750,563\" data-comments-opened=\"0\" data-image-meta=\"{&quot;aperture&quot;:&quot;0&quot;,&quot;credit&quot;:&quot;&quot;,&quot;camera&quot;:&quot;&quot;,&quot;caption&quot;:&quot;&quot;,&quot;created_timestamp&quot;:&quot;0&quot;,&quot;copyright&quot;:&quot;&quot;,&quot;focal_length&quot;:&quot;0&quot;,&quot;iso&quot;:&quot;0&quot;,&quot;shutter_speed&quot;:&quot;0&quot;,&quot;title&quot;:&quot;&quot;,&quot;orientation&quot;:&quot;0&quot;}\" data-image-title=\"01 bomberos movil 1\" data-image-description=\"\" data-image-caption=\"\" data-large-file=\"https:\/\/www.hoymercedes.com.ar\/principal\/wp-content\/uploads\/2018\/06\/01-bomberos-movil-1.jpg\" class=\"aligncenter size-medium wp-image-76696\" src=\"https:\/\/www.hoymercedes.com.ar\/principal\/wp-content\/uploads\/2018\/06\/01-bomberos-movil-1-630x473.jpg\" alt=\"\" width=\"630\" height=\"473\" srcset=\"https:\/\/www.hoymercedes.com.ar\/principal\/wp-content\/uploads\/2018\/06\/01-bomberos-movil-1-630x473.jpg 630w, https:\/\/www.hoymercedes.com.ar\/principal\/wp-content\/uploads\/2018\/06\/01-bomberos-movil-1-150x113.jpg 150w, https:\/\/www.hoymercedes.com.ar\/principal\/wp-content\/uploads\/2018\/06\/01-bomberos-movil-1.jpg 750w\" sizes=\"auto, (max-width: 630px) 100vw, 630px\" \/><\/p>\n<p><strong>La historia del veh\u00edculo<\/strong><\/p>\n<p>El Ford 600 modelo 1957, hab\u00eda llegado ese a\u00f1o al pa\u00eds adaptado para prestar las funciones como m\u00f3vil, y en ese tiempo desde Mercedes se atend\u00edan los reclamos de la zona que inclu\u00edan Carmen de Areco, San Andr\u00e9s de Giles, Lujan, Suipacha y Navarro,\u00a0 y fue pintado de color amarillo porque es el color que se designa a los incendios forestales (pastizales, campos, montes).<\/p>\n<p>Su historia contin\u00fao, y en al a\u00f1o 1987 desde marzo a abril fue parte del combate del fuego al incendio forestal que azot\u00f3 a la ciudad de El Bols\u00f3n, en la provincia de R\u00edo Negro, y desde ese momento perteneci\u00f3. El d\u00eda 2 de junio, en el acto del d\u00eda del Bombero se har\u00e1 la entrega.<\/p>\n<p>&nbsp;<\/p>\n<p>Fuente: Prensa Unidad 5<\/p>\n","protected":false},"excerpt":{"rendered":"<p>Los internos de la Unidad Penitenciaria N\u00b0 5 de Mercedes restauraron un hist\u00f3rico m\u00f3vil de los Bomberos Voluntarios de Mercedes. &#8230; <a title=\"Internos restauraron cami\u00f3n de los Bomberos Voluntarios\" class=\"read-more\" href=\"https:\/\/www.hoymercedes.com.ar\/principal\/2018\/06\/01\/internos-restauraron-camion-de-los-bomberos-voluntarios\/\" aria-label=\"Leer m\u00e1s sobre Internos restauraron cami\u00f3n de los Bomberos Voluntarios\">Leer m\u00e1s<\/a><\/p>\n","protected":false},"author":1,"featured_media":76697,"comment_status":"closed","ping_status":"open","sticky":false,"template":"","format":"standard","meta":{"_monsterinsights_skip_tracking":false,"_monsterinsights_sitenote_active":false,"_monsterinsights_sitenote_note":"","_monsterinsights_sitenote_category":0,"jetpack_post_was_ever_published":false,"_jetpack_newsletter_access":"","_jetpack_dont_email_post_to_subs":false,"_jetpack_newsletter_tier_id":0,"_jetpack_memberships_contains_paywalled_content":false,"_jetpack_memberships_contains_paid_content":false,"footnotes":"","jetpack_publicize_message":"","jetpack_publicize_feature_enabled":true,"jetpack_social_post_already_shared":true,"jetpack_social_options":{"image_generator_settings":{"template":"highway","default_image_id":0,"font":"","enabled":false},"version":2},"_wpas_customize_per_network":false},"categories":[8],"tags":[865,1011,10,7802,9002],"class_list":["post-76695","post","type-post","status-publish","format-standard","has-post-thumbnail","hentry","category-sociedad","tag-bomberos-voluntarios","tag-carcel","tag-mercedes","tag-sociedad","tag-unidad-n-5","generate-columns","tablet-grid-50","mobile-grid-100","grid-parent","grid-50"],"jetpack_publicize_connections":[],"jetpack_featured_media_url":"https:\/\/www.hoymercedes.com.ar\/principal\/wp-content\/uploads\/2018\/06\/01-bomberos-movil-2.jpg","wps_subtitle":"Trabajo interinstitucional","jetpack_sharing_enabled":true,"_links":{"self":[{"href":"https:\/\/www.hoymercedes.com.ar\/principal\/wp-json\/wp\/v2\/posts\/76695","targetHints":{"allow":["GET"]}}],"collection":[{"href":"https:\/\/www.hoymercedes.com.ar\/principal\/wp-json\/wp\/v2\/posts"}],"about":[{"href":"https:\/\/www.hoymercedes.com.ar\/principal\/wp-json\/wp\/v2\/types\/post"}],"author":[{"embeddable":true,"href":"https:\/\/www.hoymercedes.com.ar\/principal\/wp-json\/wp\/v2\/users\/1"}],"replies":[{"embeddable":true,"href":"https:\/\/www.hoymercedes.com.ar\/principal\/wp-json\/wp\/v2\/comments?post=76695"}],"version-history":[{"count":0,"href":"https:\/\/www.hoymercedes.com.ar\/principal\/wp-json\/wp\/v2\/posts\/76695\/revisions"}],"wp:featuredmedia":[{"embeddable":true,"href":"https:\/\/www.hoymercedes.com.ar\/principal\/wp-json\/wp\/v2\/media\/76697"}],"wp:attachment":[{"href":"https:\/\/www.hoymercedes.com.ar\/principal\/wp-json\/wp\/v2\/media?parent=76695"}],"wp:term":[{"taxonomy":"category","embeddable":true,"href":"https:\/\/www.hoymercedes.com.ar\/principal\/wp-json\/wp\/v2\/categories?post=76695"},{"taxonomy":"post_tag","embeddable":true,"href":"https:\/\/www.hoymercedes.com.ar\/principal\/wp-json\/wp\/v2\/tags?post=76695"}],"curies":[{"name":"wp","href":"https:\/\/api.w.org\/{rel}","templated":true}]}}