{"id":76715,"date":"2018-06-01T22:05:25","date_gmt":"2018-06-02T01:05:25","guid":{"rendered":"http:\/\/www.hoymercedes.com.ar\/principal\/?p=76715"},"modified":"2018-06-02T19:30:51","modified_gmt":"2018-06-02T22:30:51","slug":"c-e-f-40-municipio-y-asociacion-civil-s-o-s-invitan-a-caminata-por-dia-mundial-del-no-fumador","status":"publish","type":"post","link":"https:\/\/www.hoymercedes.com.ar\/principal\/2018\/06\/01\/c-e-f-40-municipio-y-asociacion-civil-s-o-s-invitan-a-caminata-por-dia-mundial-del-no-fumador\/","title":{"rendered":"C.E.F 40, Municipio y Asociaci\u00f3n Civil  S.O.S invitan a caminata por D\u00eda Mundial del No Fumador"},"content":{"rendered":"<p><img loading=\"lazy\" decoding=\"async\" data-attachment-id=\"76716\" data-permalink=\"https:\/\/www.hoymercedes.com.ar\/principal\/2018\/06\/01\/c-e-f-40-municipio-y-asociacion-civil-s-o-s-invitan-a-caminata-por-dia-mundial-del-no-fumador\/caminata-familiar\/#main\" data-orig-file=\"https:\/\/www.hoymercedes.com.ar\/principal\/wp-content\/uploads\/2018\/06\/caminata-familiar.jpg\" data-orig-size=\"1280,1280\" data-comments-opened=\"0\" data-image-meta=\"{&quot;aperture&quot;:&quot;0&quot;,&quot;credit&quot;:&quot;&quot;,&quot;camera&quot;:&quot;&quot;,&quot;caption&quot;:&quot;&quot;,&quot;created_timestamp&quot;:&quot;0&quot;,&quot;copyright&quot;:&quot;&quot;,&quot;focal_length&quot;:&quot;0&quot;,&quot;iso&quot;:&quot;0&quot;,&quot;shutter_speed&quot;:&quot;0&quot;,&quot;title&quot;:&quot;&quot;,&quot;orientation&quot;:&quot;0&quot;}\" data-image-title=\"caminata-familiar\" data-image-description=\"\" data-image-caption=\"\" data-large-file=\"https:\/\/www.hoymercedes.com.ar\/principal\/wp-content\/uploads\/2018\/06\/caminata-familiar-1024x1024.jpg\" class=\"aligncenter size-medium wp-image-76716\" src=\"https:\/\/www.hoymercedes.com.ar\/principal\/wp-content\/uploads\/2018\/06\/caminata-familiar-620x620.jpg\" alt=\"\" width=\"620\" height=\"620\" srcset=\"https:\/\/www.hoymercedes.com.ar\/principal\/wp-content\/uploads\/2018\/06\/caminata-familiar-620x620.jpg 620w, https:\/\/www.hoymercedes.com.ar\/principal\/wp-content\/uploads\/2018\/06\/caminata-familiar-150x150.jpg 150w, https:\/\/www.hoymercedes.com.ar\/principal\/wp-content\/uploads\/2018\/06\/caminata-familiar-1024x1024.jpg 1024w, https:\/\/www.hoymercedes.com.ar\/principal\/wp-content\/uploads\/2018\/06\/caminata-familiar.jpg 1280w\" sizes=\"auto, (max-width: 620px) 100vw, 620px\" \/><\/p>\n<p>La Municipalidad de Mercedes junto al C.E.F 40 y la Asociaci\u00f3n Civil S. O. S H\u00e1bitat, invitan a los mercedinos a ser parte de una caminata de 2 kil\u00f3metros. A trav\u00e9s de la misma, se estar\u00e1 conmemorando el D\u00eda Mundial del No Fumador. El Jefe de Gabinete, Mat\u00edas Dematei -qui\u00e9n por cuestiones de agenda reemplaz\u00f3 al se\u00f1or intendente Ustarroz- expres\u00f3\u00a0 \u201cestamos trabajando mancomunadamente con todas las instituciones y en este caso queremos invitar a todos los mercedinos a que se sumen a esta propuesta, que seguramente ser\u00e1 muy importante\u201d.<\/p>\n<p>Y a\u00f1adi\u00f3 \u201cen un trabajo en conjunto, de esta manera, la Direcci\u00f3n de Deporte, la Secretaria de Salud, S.O.S h\u00e1bitat\u00a0 y el CEF 40 realizar\u00e1n una caminata el domingo 3 de junio\u201d y agreg\u00f3 \u201csabemos la importancia del deporte en nuestra ciudad y c\u00f3mo influye de manera positiva en la salud y el bienestar de las personas\u201d.<\/p>\n<p>\u201cEs una alegr\u00eda enorme poder convocarlos a todos y ser parte de esta actividad\u201d concluy\u00f3 el Jefe de Gabinete.<\/p>\n<figure id=\"attachment_76717\" aria-describedby=\"caption-attachment-76717\" style=\"width: 620px\" class=\"wp-caption aligncenter\"><img loading=\"lazy\" decoding=\"async\" data-attachment-id=\"76717\" data-permalink=\"https:\/\/www.hoymercedes.com.ar\/principal\/2018\/06\/01\/c-e-f-40-municipio-y-asociacion-civil-s-o-s-invitan-a-caminata-por-dia-mundial-del-no-fumador\/convocatoria-cef\/#main\" data-orig-file=\"https:\/\/www.hoymercedes.com.ar\/principal\/wp-content\/uploads\/2018\/06\/convocatoria-cef.jpg\" data-orig-size=\"955,637\" data-comments-opened=\"0\" data-image-meta=\"{&quot;aperture&quot;:&quot;0&quot;,&quot;credit&quot;:&quot;&quot;,&quot;camera&quot;:&quot;&quot;,&quot;caption&quot;:&quot;&quot;,&quot;created_timestamp&quot;:&quot;0&quot;,&quot;copyright&quot;:&quot;&quot;,&quot;focal_length&quot;:&quot;0&quot;,&quot;iso&quot;:&quot;0&quot;,&quot;shutter_speed&quot;:&quot;0&quot;,&quot;title&quot;:&quot;&quot;,&quot;orientation&quot;:&quot;0&quot;}\" data-image-title=\"convocatoria-cef\" data-image-description=\"\" data-image-caption=\"&lt;p&gt;Invitaci\u00f3n a los vecinos&lt;\/p&gt;\n\" data-large-file=\"https:\/\/www.hoymercedes.com.ar\/principal\/wp-content\/uploads\/2018\/06\/convocatoria-cef.jpg\" class=\"size-medium wp-image-76717\" src=\"https:\/\/www.hoymercedes.com.ar\/principal\/wp-content\/uploads\/2018\/06\/convocatoria-cef-630x420.jpg\" alt=\"\" width=\"630\" height=\"420\" srcset=\"https:\/\/www.hoymercedes.com.ar\/principal\/wp-content\/uploads\/2018\/06\/convocatoria-cef-630x420.jpg 630w, https:\/\/www.hoymercedes.com.ar\/principal\/wp-content\/uploads\/2018\/06\/convocatoria-cef-150x100.jpg 150w, https:\/\/www.hoymercedes.com.ar\/principal\/wp-content\/uploads\/2018\/06\/convocatoria-cef.jpg 955w\" sizes=\"auto, (max-width: 630px) 100vw, 630px\" \/><figcaption id=\"caption-attachment-76717\" class=\"wp-caption-text\">Invitaci\u00f3n a los vecinos<\/figcaption><\/figure>\n<p>Uno de los representantes del C.E.F 40 y organizador de esta actividad, el Prof. Fabi\u00e1n Brandoni, declar\u00f3 \u201cdesde el Centro de Educaci\u00f3n F\u00edsica, articulado con la Direcci\u00f3n de Deporte, la Secretar\u00eda de Salud y la Asociaci\u00f3n Civil S.O.S H\u00e1bitat estamos convocando a toda la comunidad de Mercedes, para el d\u00eda domingo a las 10:00 de la ma\u00f1ana, a esta propuesta saludable\u201d.<\/p>\n<p>A partir de esa hora se estar\u00e1 acreditando a todos los que quieran participar, \u201cvamos a estar conmemorando el D\u00eda Mundial del No Fumador\u201d se\u00f1al\u00f3 Brandoni.<\/p>\n<p>Asimismo, resalt\u00f3 \u201cqueremos durante el a\u00f1o, seguir generando este tipo de propuestas, convocando a la familia a participar. Esta caminata tendr\u00e1 un recorrido de 2 kil\u00f3metros. Se sale de la rotonda en Av. 1 y Av. 40, para aquellos que no puedan caminar esa distancia podr\u00e1n hacer un recorrido m\u00e1s corto\u201d.<\/p>\n<p>El C.E.F 40 conjuntamente con el club del caminante, organizaron para el final de la caminata, una mesa saludable- compuesta por diferentes variedades de frutas, cereales, yogurt- que tiene como finalidad agasajar a los participantes de esta caminata.<\/p>\n<p>Por su parte, el Secretario de Salud, Pablo Cassiani explic\u00f3 \u201cesta es la segunda caminata que organizamos en este 2018 junto al C.E.F. 40. En esta oportunidad nos acompa\u00f1a S.O.S H\u00e1bitat, porque el 5 de junio es adem\u00e1s, el D\u00eda Mundial del Medio Ambiente\u201d.<\/p>\n<p>De esta manera, el Secretario de Salud, destac\u00f3 \u201cpoder efectuar prevenci\u00f3n y promoci\u00f3n de la salud es uno de los principales objetivos de nuestra gesti\u00f3n, con pol\u00edticas transversales que unan varios espacios, como en este caso\u201d<\/p>\n<p>\u201cVamos a estar regalando 100 remeras a los primeros 100 inscriptos bajo el lema Vida Saludable\u201d e invit\u00f3 \u201ca todos a esta disfrutar y participar de esta hermosa actividad familiar\u201d.<\/p>\n<p>&nbsp;<\/p>\n<p>Los responsables de la Asociaci\u00f3n Civil S.O.S H\u00e1bitat informaron, que adem\u00e1s de estar participando -este domingo 3 de junio- en la caminata, estar\u00e1n el d\u00eda 10 de junio en la plaza San Luis desarrollando, a partir de las 14:00 horas, una actividad de concientizaci\u00f3n del cuidado del medio ambiente.<\/p>\n<p>&nbsp;<\/p>\n<p>Data: Municipio<\/p>\n","protected":false},"excerpt":{"rendered":"<p>La Municipalidad de Mercedes junto al C.E.F 40 y la Asociaci\u00f3n Civil S. O. S H\u00e1bitat, invitan a los mercedinos &#8230; <a title=\"C.E.F 40, Municipio y Asociaci\u00f3n Civil  S.O.S invitan a caminata por D\u00eda Mundial del No Fumador\" class=\"read-more\" href=\"https:\/\/www.hoymercedes.com.ar\/principal\/2018\/06\/01\/c-e-f-40-municipio-y-asociacion-civil-s-o-s-invitan-a-caminata-por-dia-mundial-del-no-fumador\/\" aria-label=\"Leer m\u00e1s sobre C.E.F 40, Municipio y Asociaci\u00f3n Civil  S.O.S invitan a caminata por D\u00eda Mundial del No Fumador\">Leer m\u00e1s<\/a><\/p>\n","protected":false},"author":1,"featured_media":76716,"comment_status":"closed","ping_status":"open","sticky":false,"template":"","format":"standard","meta":{"_monsterinsights_skip_tracking":false,"_monsterinsights_sitenote_active":false,"_monsterinsights_sitenote_note":"","_monsterinsights_sitenote_category":0,"jetpack_post_was_ever_published":false,"_jetpack_newsletter_access":"","_jetpack_dont_email_post_to_subs":false,"_jetpack_newsletter_tier_id":0,"_jetpack_memberships_contains_paywalled_content":false,"_jetpack_memberships_contains_paid_content":false,"footnotes":"","jetpack_publicize_message":"","jetpack_publicize_feature_enabled":true,"jetpack_social_post_already_shared":true,"jetpack_social_options":{"image_generator_settings":{"template":"highway","default_image_id":0,"font":"","enabled":false},"version":2},"_wpas_customize_per_network":false},"categories":[8],"tags":[9858,958,6696,681,134],"class_list":["post-76715","post","type-post","status-publish","format-standard","has-post-thumbnail","hentry","category-sociedad","tag-caminata","tag-cef-40","tag-deporte","tag-s-o-s-habitat","tag-salud","generate-columns","tablet-grid-50","mobile-grid-100","grid-parent","grid-50"],"jetpack_publicize_connections":[],"jetpack_featured_media_url":"https:\/\/www.hoymercedes.com.ar\/principal\/wp-content\/uploads\/2018\/06\/caminata-familiar.jpg","wps_subtitle":"Salud y bienestar","jetpack_sharing_enabled":true,"_links":{"self":[{"href":"https:\/\/www.hoymercedes.com.ar\/principal\/wp-json\/wp\/v2\/posts\/76715","targetHints":{"allow":["GET"]}}],"collection":[{"href":"https:\/\/www.hoymercedes.com.ar\/principal\/wp-json\/wp\/v2\/posts"}],"about":[{"href":"https:\/\/www.hoymercedes.com.ar\/principal\/wp-json\/wp\/v2\/types\/post"}],"author":[{"embeddable":true,"href":"https:\/\/www.hoymercedes.com.ar\/principal\/wp-json\/wp\/v2\/users\/1"}],"replies":[{"embeddable":true,"href":"https:\/\/www.hoymercedes.com.ar\/principal\/wp-json\/wp\/v2\/comments?post=76715"}],"version-history":[{"count":0,"href":"https:\/\/www.hoymercedes.com.ar\/principal\/wp-json\/wp\/v2\/posts\/76715\/revisions"}],"wp:featuredmedia":[{"embeddable":true,"href":"https:\/\/www.hoymercedes.com.ar\/principal\/wp-json\/wp\/v2\/media\/76716"}],"wp:attachment":[{"href":"https:\/\/www.hoymercedes.com.ar\/principal\/wp-json\/wp\/v2\/media?parent=76715"}],"wp:term":[{"taxonomy":"category","embeddable":true,"href":"https:\/\/www.hoymercedes.com.ar\/principal\/wp-json\/wp\/v2\/categories?post=76715"},{"taxonomy":"post_tag","embeddable":true,"href":"https:\/\/www.hoymercedes.com.ar\/principal\/wp-json\/wp\/v2\/tags?post=76715"}],"curies":[{"name":"wp","href":"https:\/\/api.w.org\/{rel}","templated":true}]}}