{"id":76852,"date":"2018-06-04T17:29:07","date_gmt":"2018-06-04T20:29:07","guid":{"rendered":"http:\/\/www.hoymercedes.com.ar\/principal\/?p=76852"},"modified":"2018-06-04T20:18:55","modified_gmt":"2018-06-04T23:18:55","slug":"otro-pescador-encontro-al-vecino-que-estaba-desaparecido","status":"publish","type":"post","link":"https:\/\/www.hoymercedes.com.ar\/principal\/2018\/06\/04\/otro-pescador-encontro-al-vecino-que-estaba-desaparecido\/","title":{"rendered":"Otro pescador encontr\u00f3 al vecino que estaba desaparecido"},"content":{"rendered":"<p>En una entrevista por FM Tiempo, de la localidad de Baradero, el fiscal de la causa, Vicente G\u00f3mez de la UFI N\u00b0 9 dio precisiones sobre las circunstancias en las que se dieron el incidente que le cost\u00f3 la vida al vecino de nuestra ciudad, Jorge Annicelli.<\/p>\n<p>En el programa radial, el fiscal expres\u00f3: \u201cen horas de la ma\u00f1ana del s\u00e1bado unas personas oriundas de la ciudad de Mercedes vinieron a pescar a la localidad Baradero, y otra persona local efectuaba el cruce del r\u00edo a la altura de la \u201cVuelta brava\u201d y por alguna cuesti\u00f3n que todav\u00eda resta determinar fehacientemente, la embarcaci\u00f3n se hundi\u00f3 con las cuatro personas a bordo. Tres de ellas lograron salir a la superficie y llegar a la costa, y la cuarta no logr\u00f3 hacerlo. En consecuencia se realiz\u00f3 un operativo de b\u00fasqueda por parte de la Prefectura de Baradero, con colaboraci\u00f3n de Bomberos, Defensa Civil y un cuerpo de buzos de la localidad de Campana, y colaboraci\u00f3n de San Pedro. Se trabaj\u00f3 todo el d\u00eda s\u00e1bado con resultado negativo hasta que se cort\u00f3 la luz natural. En el d\u00eda de ayer a la ma\u00f1ana se reinici\u00f3 la b\u00fasqueda, hasta que finalmente \u2013 a \u00faltima hora de la tarde \u2013 fue hallado el cuerpo de casualidad por otro pescador que estaba en la zona del Tiro Federal\u201d y agreg\u00f3: \u201cse procedi\u00f3 a retirar el cuerpo del agua y se dispuso la operaci\u00f3n de autopsia que se est\u00e1 realizando este momento\u201d.<\/p>\n<p>El hallazgo lo realiz\u00f3 un pescador que enganch\u00f3 l\u00ednea donde estaba el vecino desaparecido. \u201cFue mera casualidad de parte del pescador que lo enganch\u00f3 con su l\u00ednea. Inmediatamente se constituy\u00f3 personal en la zona y se produjo el operativo del rescate del cuerpo del agua\u201d, agreg\u00f3 el fiscal.<\/p>\n<p>Por otro lado, la embarcaci\u00f3n a\u00fan no fue hallada y continuar\u00e1n busc\u00e1ndola a fin de determinar qu\u00e9 ocasion\u00f3 el incidente.<\/p>\n<p>La causa judicial por \u201cAveriguaci\u00f3n causales de muerte\u201d contin\u00faa en proceso y se han tomado algunas medidas de instrucci\u00f3n como la declaraci\u00f3n testimonial a las personas que acompa\u00f1aban a la v\u00edctima, y se dispuso reunir documentaci\u00f3n de la embarcaci\u00f3n a fin de determinar la responsabilidad en la que pudo haber incurrido el titular de la embarcaci\u00f3n. No se descarta que ello derive en otra calificaci\u00f3n eventualmente.<\/p>\n<p>&nbsp;<\/p>\n","protected":false},"excerpt":{"rendered":"<p>En una entrevista por FM Tiempo, de la localidad de Baradero, el fiscal de la causa, Vicente G\u00f3mez de la &#8230; <a title=\"Otro pescador encontr\u00f3 al vecino que estaba desaparecido\" class=\"read-more\" href=\"https:\/\/www.hoymercedes.com.ar\/principal\/2018\/06\/04\/otro-pescador-encontro-al-vecino-que-estaba-desaparecido\/\" aria-label=\"Leer m\u00e1s sobre Otro pescador encontr\u00f3 al vecino que estaba desaparecido\">Leer m\u00e1s<\/a><\/p>\n","protected":false},"author":1,"featured_media":76798,"comment_status":"closed","ping_status":"open","sticky":false,"template":"","format":"standard","meta":{"_monsterinsights_skip_tracking":false,"_monsterinsights_sitenote_active":false,"_monsterinsights_sitenote_note":"","_monsterinsights_sitenote_category":0,"jetpack_post_was_ever_published":false,"_jetpack_newsletter_access":"","_jetpack_dont_email_post_to_subs":false,"_jetpack_newsletter_tier_id":0,"_jetpack_memberships_contains_paywalled_content":false,"_jetpack_memberships_contains_paid_content":false,"footnotes":"","jetpack_publicize_message":"","jetpack_publicize_feature_enabled":true,"jetpack_social_post_already_shared":true,"jetpack_social_options":{"image_generator_settings":{"template":"highway","default_image_id":0,"font":"","enabled":false},"version":2},"_wpas_customize_per_network":false},"categories":[85],"tags":[],"class_list":["post-76852","post","type-post","status-publish","format-standard","has-post-thumbnail","hentry","category-policial","generate-columns","tablet-grid-50","mobile-grid-100","grid-parent","grid-50"],"jetpack_publicize_connections":[],"jetpack_featured_media_url":"https:\/\/www.hoymercedes.com.ar\/principal\/wp-content\/uploads\/2018\/06\/03-barader-2.jpg","wps_subtitle":"Se conocieron detalles del rescate de sus restos","jetpack_sharing_enabled":true,"_links":{"self":[{"href":"https:\/\/www.hoymercedes.com.ar\/principal\/wp-json\/wp\/v2\/posts\/76852","targetHints":{"allow":["GET"]}}],"collection":[{"href":"https:\/\/www.hoymercedes.com.ar\/principal\/wp-json\/wp\/v2\/posts"}],"about":[{"href":"https:\/\/www.hoymercedes.com.ar\/principal\/wp-json\/wp\/v2\/types\/post"}],"author":[{"embeddable":true,"href":"https:\/\/www.hoymercedes.com.ar\/principal\/wp-json\/wp\/v2\/users\/1"}],"replies":[{"embeddable":true,"href":"https:\/\/www.hoymercedes.com.ar\/principal\/wp-json\/wp\/v2\/comments?post=76852"}],"version-history":[{"count":0,"href":"https:\/\/www.hoymercedes.com.ar\/principal\/wp-json\/wp\/v2\/posts\/76852\/revisions"}],"wp:featuredmedia":[{"embeddable":true,"href":"https:\/\/www.hoymercedes.com.ar\/principal\/wp-json\/wp\/v2\/media\/76798"}],"wp:attachment":[{"href":"https:\/\/www.hoymercedes.com.ar\/principal\/wp-json\/wp\/v2\/media?parent=76852"}],"wp:term":[{"taxonomy":"category","embeddable":true,"href":"https:\/\/www.hoymercedes.com.ar\/principal\/wp-json\/wp\/v2\/categories?post=76852"},{"taxonomy":"post_tag","embeddable":true,"href":"https:\/\/www.hoymercedes.com.ar\/principal\/wp-json\/wp\/v2\/tags?post=76852"}],"curies":[{"name":"wp","href":"https:\/\/api.w.org\/{rel}","templated":true}]}}