{"id":76853,"date":"2018-06-04T19:00:56","date_gmt":"2018-06-04T22:00:56","guid":{"rendered":"http:\/\/www.hoymercedes.com.ar\/principal\/?p=76853"},"modified":"2018-06-04T17:43:32","modified_gmt":"2018-06-04T20:43:32","slug":"policias-de-mercedes-y-moreno-esclarecen-robo-recuperan-bienes-y-culpables-tras-las-rejas","status":"publish","type":"post","link":"https:\/\/www.hoymercedes.com.ar\/principal\/2018\/06\/04\/policias-de-mercedes-y-moreno-esclarecen-robo-recuperan-bienes-y-culpables-tras-las-rejas\/","title":{"rendered":"Polic\u00edas de Mercedes y Moreno esclarecen robo, recuperan bienes y culpables tras las rejas"},"content":{"rendered":"<p><img loading=\"lazy\" decoding=\"async\" data-attachment-id=\"76854\" data-permalink=\"https:\/\/www.hoymercedes.com.ar\/principal\/2018\/06\/04\/policias-de-mercedes-y-moreno-esclarecen-robo-recuperan-bienes-y-culpables-tras-las-rejas\/robo-allanamiento-1\/#main\" data-orig-file=\"https:\/\/www.hoymercedes.com.ar\/principal\/wp-content\/uploads\/2018\/06\/robo.allanamiento.1.jpg\" data-orig-size=\"1032,581\" data-comments-opened=\"0\" data-image-meta=\"{&quot;aperture&quot;:&quot;0&quot;,&quot;credit&quot;:&quot;&quot;,&quot;camera&quot;:&quot;&quot;,&quot;caption&quot;:&quot;&quot;,&quot;created_timestamp&quot;:&quot;0&quot;,&quot;copyright&quot;:&quot;&quot;,&quot;focal_length&quot;:&quot;0&quot;,&quot;iso&quot;:&quot;0&quot;,&quot;shutter_speed&quot;:&quot;0&quot;,&quot;title&quot;:&quot;&quot;,&quot;orientation&quot;:&quot;0&quot;}\" data-image-title=\"robo.allanamiento.1\" data-image-description=\"\" data-image-caption=\"\" data-large-file=\"https:\/\/www.hoymercedes.com.ar\/principal\/wp-content\/uploads\/2018\/06\/robo.allanamiento.1-1024x576.jpg\" class=\"aligncenter size-medium wp-image-76854\" src=\"https:\/\/www.hoymercedes.com.ar\/principal\/wp-content\/uploads\/2018\/06\/robo.allanamiento.1-630x355.jpg\" alt=\"\" width=\"630\" height=\"355\" srcset=\"https:\/\/www.hoymercedes.com.ar\/principal\/wp-content\/uploads\/2018\/06\/robo.allanamiento.1-630x355.jpg 630w, https:\/\/www.hoymercedes.com.ar\/principal\/wp-content\/uploads\/2018\/06\/robo.allanamiento.1-150x84.jpg 150w, https:\/\/www.hoymercedes.com.ar\/principal\/wp-content\/uploads\/2018\/06\/robo.allanamiento.1-1024x576.jpg 1024w, https:\/\/www.hoymercedes.com.ar\/principal\/wp-content\/uploads\/2018\/06\/robo.allanamiento.1.jpg 1032w\" sizes=\"auto, (max-width: 630px) 100vw, 630px\" \/><\/p>\n<p>Con un fuerte trabajo entre la DDI Mercedes, la Polic\u00eda Comunal y la DDI Moreno \u2013 General Rodr\u00edguez se logr\u00f3 detener a un grupo de personas que se dedicaban al robo de automotores. Tras cometer un delito damnificando a un mercedino se realizaron allanamientos en Jos\u00e9 C. Paz y Mercedes. Se secuestr\u00f3 veh\u00edculo robado, como as\u00ed tambi\u00e9n autopartes, arma de fuego y elementos probatorios. Un masculino y una mujer detenidos.<\/p>\n<p>El pasado mi\u00e9rcoles un vecino de nuestra ciudad fue v\u00edctima de un robo, concretamente de su autom\u00f3vil. R\u00e1pidamente se inici\u00f3 una investigaci\u00f3n que involucr\u00f3 a la Polic\u00eda Comunal dirigida por el Comisario Sergio Macedo, la DDI local de la Departamental mercedina a cargo de Carlos Monta\u00f1ez y sus pares de la Departamental Moreno \u2013 General Rodr\u00edguez<\/p>\n<p><strong>Allanamientos<\/strong><br \/>\nTras una pronta investigaci\u00f3n, vali\u00e9ndose de las herramientas disponibles y el aval de la Justicia de Mercedes, se efect\u00faan dos allanamientos. Uno en \u00e9sta comunidad en calle 6 y 11 y otro en Jos\u00e9 C. Paz en la calle Jorge Newberry al 3500.<\/p>\n<p><strong>Incautaciones<\/strong><br \/>\nAdem\u00e1s de recuperar el auto robado al vecino de Mercedes, se logra, a ra\u00edz de las investigaciones concretadas y el procedimiento efectuado, retener tel\u00e9fonos m\u00f3viles, documentaci\u00f3n, otro rodado marca Fiat con chasis y motor bajo numeraci\u00f3n ap\u00f3crifa, autopartes y un arma de fuego.<\/p>\n<p>En el hecho se detuvo a una femenina \u2013 sobre la cual no trascendi\u00f3 su paradero \u2013 y un masculino de apellido Vargas, sobre el cual se est\u00e1 trabajando para ver si no ha sido parte de otros il\u00edcitos.<\/p>\n<p>Se recupera, tambi\u00e9n un Renault 11, sustra\u00eddo al se\u00f1or de apellido Naranjo, adem\u00e1s del mencionado Regata.<\/p>\n<p><img loading=\"lazy\" decoding=\"async\" data-attachment-id=\"76856\" data-permalink=\"https:\/\/www.hoymercedes.com.ar\/principal\/2018\/06\/04\/policias-de-mercedes-y-moreno-esclarecen-robo-recuperan-bienes-y-culpables-tras-las-rejas\/robo-allanamiento-2\/#main\" data-orig-file=\"https:\/\/www.hoymercedes.com.ar\/principal\/wp-content\/uploads\/2018\/06\/robo.allanamiento.2.jpg\" data-orig-size=\"1032,581\" data-comments-opened=\"0\" data-image-meta=\"{&quot;aperture&quot;:&quot;0&quot;,&quot;credit&quot;:&quot;&quot;,&quot;camera&quot;:&quot;&quot;,&quot;caption&quot;:&quot;&quot;,&quot;created_timestamp&quot;:&quot;0&quot;,&quot;copyright&quot;:&quot;&quot;,&quot;focal_length&quot;:&quot;0&quot;,&quot;iso&quot;:&quot;0&quot;,&quot;shutter_speed&quot;:&quot;0&quot;,&quot;title&quot;:&quot;&quot;,&quot;orientation&quot;:&quot;0&quot;}\" data-image-title=\"robo.allanamiento.2\" data-image-description=\"\" data-image-caption=\"\" data-large-file=\"https:\/\/www.hoymercedes.com.ar\/principal\/wp-content\/uploads\/2018\/06\/robo.allanamiento.2-1024x576.jpg\" class=\"aligncenter size-medium wp-image-76856\" src=\"https:\/\/www.hoymercedes.com.ar\/principal\/wp-content\/uploads\/2018\/06\/robo.allanamiento.2-630x355.jpg\" alt=\"\" width=\"630\" height=\"355\" srcset=\"https:\/\/www.hoymercedes.com.ar\/principal\/wp-content\/uploads\/2018\/06\/robo.allanamiento.2-630x355.jpg 630w, https:\/\/www.hoymercedes.com.ar\/principal\/wp-content\/uploads\/2018\/06\/robo.allanamiento.2-150x84.jpg 150w, https:\/\/www.hoymercedes.com.ar\/principal\/wp-content\/uploads\/2018\/06\/robo.allanamiento.2-1024x576.jpg 1024w, https:\/\/www.hoymercedes.com.ar\/principal\/wp-content\/uploads\/2018\/06\/robo.allanamiento.2.jpg 1032w\" sizes=\"auto, (max-width: 630px) 100vw, 630px\" \/><\/p>\n<p><strong>En conjunto<\/strong><br \/>\nUn aspecto que se destac\u00f3 fue la tarea conjunta de las distintas fuerzas policiales, a partir de las habilitaciones judiciales efectuadas por medio de la intervenci\u00f3n del fiscal Dr. Sebasti\u00e1n Villalba.<br \/>\nEl comisario Macedo destac\u00f3 la \u201cexcelente combinaci\u00f3n\u201d vivida en la tarea efectuada \u201cagradeciendo a todo el equipo de la Estaci\u00f3n Comunal Mercedes, junto a Alejandro Delporto, Ricardo Distefano como as\u00ed tambi\u00e9n al jefe del gabinete de prevenci\u00f3n oficial subinspector Roberto Laf\u00f3n con el equipo de trabajo junto a Sandro Herrera, Dar\u00edo Luj\u00e1n y Mat\u00edas Ponce\u201d y por supuesto \u201cal Departamento Judicial Mercedes\u201d con quien llevan constantes y cotidianas tareas en conjunto<\/p>\n<p><strong>Tras las rejas<\/strong><br \/>\nLa actuaci\u00f3n permiti\u00f3 poner tras las rejas a un sujeto que se estima podr\u00eda estar trabajando con otros en la modalidad de robo y desguace de automotores, que actuar\u00eda en distintas localidades y de ah\u00ed que la investigaci\u00f3n continuar\u00e1 desde distintas perspectivas.<\/p>\n","protected":false},"excerpt":{"rendered":"<p>Con un fuerte trabajo entre la DDI Mercedes, la Polic\u00eda Comunal y la DDI Moreno \u2013 General Rodr\u00edguez se logr\u00f3 &#8230; <a title=\"Polic\u00edas de Mercedes y Moreno esclarecen robo, recuperan bienes y culpables tras las rejas\" class=\"read-more\" href=\"https:\/\/www.hoymercedes.com.ar\/principal\/2018\/06\/04\/policias-de-mercedes-y-moreno-esclarecen-robo-recuperan-bienes-y-culpables-tras-las-rejas\/\" aria-label=\"Leer m\u00e1s sobre Polic\u00edas de Mercedes y Moreno esclarecen robo, recuperan bienes y culpables tras las rejas\">Leer m\u00e1s<\/a><\/p>\n","protected":false},"author":1,"featured_media":76854,"comment_status":"closed","ping_status":"open","sticky":false,"template":"","format":"standard","meta":{"_monsterinsights_skip_tracking":false,"_monsterinsights_sitenote_active":false,"_monsterinsights_sitenote_note":"","_monsterinsights_sitenote_category":0,"jetpack_post_was_ever_published":false,"_jetpack_newsletter_access":"","_jetpack_dont_email_post_to_subs":false,"_jetpack_newsletter_tier_id":0,"_jetpack_memberships_contains_paywalled_content":false,"_jetpack_memberships_contains_paid_content":false,"footnotes":"","jetpack_publicize_message":"","jetpack_publicize_feature_enabled":true,"jetpack_social_post_already_shared":true,"jetpack_social_options":{"image_generator_settings":{"template":"highway","default_image_id":0,"font":"","enabled":false},"version":2},"_wpas_customize_per_network":false},"categories":[85],"tags":[5766,10277],"class_list":["post-76853","post","type-post","status-publish","format-standard","has-post-thumbnail","hentry","category-policial","tag-policia-comunal","tag-sergio-macedo","generate-columns","tablet-grid-50","mobile-grid-100","grid-parent","grid-50"],"jetpack_publicize_connections":[],"jetpack_featured_media_url":"https:\/\/www.hoymercedes.com.ar\/principal\/wp-content\/uploads\/2018\/06\/robo.allanamiento.1.jpg","wps_subtitle":"Seguridad ","jetpack_sharing_enabled":true,"_links":{"self":[{"href":"https:\/\/www.hoymercedes.com.ar\/principal\/wp-json\/wp\/v2\/posts\/76853","targetHints":{"allow":["GET"]}}],"collection":[{"href":"https:\/\/www.hoymercedes.com.ar\/principal\/wp-json\/wp\/v2\/posts"}],"about":[{"href":"https:\/\/www.hoymercedes.com.ar\/principal\/wp-json\/wp\/v2\/types\/post"}],"author":[{"embeddable":true,"href":"https:\/\/www.hoymercedes.com.ar\/principal\/wp-json\/wp\/v2\/users\/1"}],"replies":[{"embeddable":true,"href":"https:\/\/www.hoymercedes.com.ar\/principal\/wp-json\/wp\/v2\/comments?post=76853"}],"version-history":[{"count":0,"href":"https:\/\/www.hoymercedes.com.ar\/principal\/wp-json\/wp\/v2\/posts\/76853\/revisions"}],"wp:featuredmedia":[{"embeddable":true,"href":"https:\/\/www.hoymercedes.com.ar\/principal\/wp-json\/wp\/v2\/media\/76854"}],"wp:attachment":[{"href":"https:\/\/www.hoymercedes.com.ar\/principal\/wp-json\/wp\/v2\/media?parent=76853"}],"wp:term":[{"taxonomy":"category","embeddable":true,"href":"https:\/\/www.hoymercedes.com.ar\/principal\/wp-json\/wp\/v2\/categories?post=76853"},{"taxonomy":"post_tag","embeddable":true,"href":"https:\/\/www.hoymercedes.com.ar\/principal\/wp-json\/wp\/v2\/tags?post=76853"}],"curies":[{"name":"wp","href":"https:\/\/api.w.org\/{rel}","templated":true}]}}