{"id":7695,"date":"2011-09-27T16:45:43","date_gmt":"2011-09-27T16:45:43","guid":{"rendered":"http:\/\/www.hoymercedes.com.ar\/principal\/?p=7695"},"modified":"2011-09-27T16:45:43","modified_gmt":"2011-09-27T16:45:43","slug":"ricardo-alfonsion-visitara-nuestra-ciudad","status":"publish","type":"post","link":"https:\/\/www.hoymercedes.com.ar\/principal\/2011\/09\/27\/ricardo-alfonsion-visitara-nuestra-ciudad\/","title":{"rendered":"Ricardo Alfonsi\u00f3n visitar\u00e1 nuestra ciudad"},"content":{"rendered":"<p>El candidato radical ofrecer\u00e1 una conferencia de prensa el mi\u00e9rcoles 28 en el comit\u00e9 de distrito de la UCR. La visita, gestionada por el candidato radical Juan Manuel Torres, se produce pocos d\u00edas despu\u00e9s del relanzamiento de la campa\u00f1a.<\/p>\n<p>&nbsp;<\/p>\n<p>Ricardo Alfons\u00edn, candidato a presidente de UDESO, visitar\u00e1 Mercedes el mi\u00e9rcoles 28 y hablar\u00e1 con los medios en el comit\u00e9 de distrito de la UCR a partir de las 20.30.<\/p>\n<p>Alfons\u00edn hablar\u00e1 acompa\u00f1ado del candidato a intendente Juan Manuel Torres, que hace pocos d\u00edas relanz\u00f3 su campa\u00f1a sobre la base de \u201c10 Ideas para Mercedes\u201d.<\/p>\n<p>Llamado al di\u00e1logo<\/p>\n<p>Ricardo Alfons\u00edn, hijo del hist\u00f3rico presidente argentino Ra\u00fal Alfons\u00edn, obtuvo el segundo lugar en las elecciones presidenciales, y fue el primer candidato en referirse al llamado de la presidente de la Naci\u00f3n, Cristina Fern\u00e1ndez, que convoc\u00f3 a la oposici\u00f3n a dejar de lado \u201csus leg\u00edtimas aspiraciones\u201d para trabajar conjuntamente por el pa\u00eds y convoc\u00f3 \u201ca todos los argentinos\u201d a discutir \u201cserenamente y tranquilamente\u201d proyectos e ideas para el progreso.<\/p>\n<p>Alfons\u00edn fue el primer opositor en referirse a este llamado. \u201cMe parece bien que la Presidente comprenda la importancia del di\u00e1logo en la pol\u00edtica\u201d, dice un comunicado de prensa. \u201cEspero que en la campa\u00f1a no incurran en agravios y descalificaciones que dificulten la b\u00fasqueda de consensos. Espero que se formulen propuestas que sirvan para la discusi\u00f3n y eventuales acuerdos entre las fuerzas pol\u00edticas\u201d, prosigui\u00f3.<\/p>\n<p>Pero hay una diferencia entre las concepciones de Alfons\u00edn y Cristina Fern\u00e1ndez. Para el candidato de Udeso, no hace falta esperar que pasen las elecciones, si no que se deber\u00eda comenzar ahora en la apertura del di\u00e1logo para trabajar para \u201cmejorar la calidad institucional\u201d.<\/p>\n<p>&nbsp;<\/p>\n<p>&nbsp;<\/p>\n","protected":false},"excerpt":{"rendered":"<p>El candidato radical ofrecer\u00e1 una conferencia de prensa el mi\u00e9rcoles 28 en el comit\u00e9 de distrito de la UCR. La &#8230; <a title=\"Ricardo Alfonsi\u00f3n visitar\u00e1 nuestra ciudad\" class=\"read-more\" href=\"https:\/\/www.hoymercedes.com.ar\/principal\/2011\/09\/27\/ricardo-alfonsion-visitara-nuestra-ciudad\/\" aria-label=\"Leer m\u00e1s sobre Ricardo Alfonsi\u00f3n visitar\u00e1 nuestra ciudad\">Leer m\u00e1s<\/a><\/p>\n","protected":false},"author":1,"featured_media":0,"comment_status":"open","ping_status":"open","sticky":false,"template":"","format":"standard","meta":{"_monsterinsights_skip_tracking":false,"_monsterinsights_sitenote_active":false,"_monsterinsights_sitenote_note":"","_monsterinsights_sitenote_category":0,"jetpack_post_was_ever_published":false,"_jetpack_newsletter_access":"","_jetpack_dont_email_post_to_subs":false,"_jetpack_newsletter_tier_id":0,"_jetpack_memberships_contains_paywalled_content":false,"_jetpack_memberships_contains_paid_content":false,"footnotes":"","jetpack_publicize_message":"","jetpack_publicize_feature_enabled":true,"jetpack_social_post_already_shared":false,"jetpack_social_options":{"image_generator_settings":{"template":"highway","default_image_id":0,"font":"","enabled":false},"version":2},"_wpas_customize_per_network":false},"categories":[5],"tags":[10,1356,1090],"class_list":["post-7695","post","type-post","status-publish","format-standard","hentry","category-politica","tag-mercedes","tag-ricardo-alfonsin","tag-udeso","generate-columns","tablet-grid-50","mobile-grid-100","grid-parent","grid-50"],"jetpack_publicize_connections":[],"jetpack_featured_media_url":"","wps_subtitle":"","jetpack_sharing_enabled":true,"_links":{"self":[{"href":"https:\/\/www.hoymercedes.com.ar\/principal\/wp-json\/wp\/v2\/posts\/7695","targetHints":{"allow":["GET"]}}],"collection":[{"href":"https:\/\/www.hoymercedes.com.ar\/principal\/wp-json\/wp\/v2\/posts"}],"about":[{"href":"https:\/\/www.hoymercedes.com.ar\/principal\/wp-json\/wp\/v2\/types\/post"}],"author":[{"embeddable":true,"href":"https:\/\/www.hoymercedes.com.ar\/principal\/wp-json\/wp\/v2\/users\/1"}],"replies":[{"embeddable":true,"href":"https:\/\/www.hoymercedes.com.ar\/principal\/wp-json\/wp\/v2\/comments?post=7695"}],"version-history":[{"count":0,"href":"https:\/\/www.hoymercedes.com.ar\/principal\/wp-json\/wp\/v2\/posts\/7695\/revisions"}],"wp:attachment":[{"href":"https:\/\/www.hoymercedes.com.ar\/principal\/wp-json\/wp\/v2\/media?parent=7695"}],"wp:term":[{"taxonomy":"category","embeddable":true,"href":"https:\/\/www.hoymercedes.com.ar\/principal\/wp-json\/wp\/v2\/categories?post=7695"},{"taxonomy":"post_tag","embeddable":true,"href":"https:\/\/www.hoymercedes.com.ar\/principal\/wp-json\/wp\/v2\/tags?post=7695"}],"curies":[{"name":"wp","href":"https:\/\/api.w.org\/{rel}","templated":true}]}}