{"id":76997,"date":"2018-06-08T10:46:10","date_gmt":"2018-06-08T13:46:10","guid":{"rendered":"http:\/\/www.hoymercedes.com.ar\/principal\/?p=76997"},"modified":"2018-06-08T09:57:29","modified_gmt":"2018-06-08T12:57:29","slug":"viernes-de-cine-gratis-para-los-beneficiarios-del-programa-cpn","status":"publish","type":"post","link":"https:\/\/www.hoymercedes.com.ar\/principal\/2018\/06\/08\/viernes-de-cine-gratis-para-los-beneficiarios-del-programa-cpn\/","title":{"rendered":"Viernes de cine gratis para los beneficiarios del programa CPN"},"content":{"rendered":"<p>A partir de la hora 18 del d\u00eda viernes 8 de junio, el Programa Envi\u00f3n, perteneciente al \u00e1rea de Juventud de la Secretar\u00eda de Desarrollo Social, tendr\u00e1 una jornada de cine en el Centro Cultural Teatro Argentino \u00abInt. Julio C. Gioscio para todos los\u00a0beneficiarios del programa CPN.\u00a0Estos beneficiarios podr\u00e1n ver la pel\u00edcula que mezcla humor y super h\u00e9roes: Deadpool 2.<\/p>\n<p>El equipo T\u00e9cnico\u00a0junto a la Coordinadora de Juventud y responsable del Programa, Eugenia C\u00f3dega, preparan una jornada de sorpresas, pochoclos y mucha diversi\u00f3n.<\/p>\n<p>\u00abLa inclusi\u00f3n social y la participaci\u00f3n juvenil en \u00e1mbitos recreativos\u00bb son uno de los ejes prioritarios del programa y en los cuales se viene trabajando en talleres y actividades semanales, en la Sede ENVI\u00d3N ubicada en la Secretar\u00eda de Desarrollo Social.<\/p>\n<p>Fuente: Prensa Municipal<\/p>\n","protected":false},"excerpt":{"rendered":"<p>A partir de la hora 18 del d\u00eda viernes 8 de junio, el Programa Envi\u00f3n, perteneciente al \u00e1rea de Juventud &#8230; <a title=\"Viernes de cine gratis para los beneficiarios del programa CPN\" class=\"read-more\" href=\"https:\/\/www.hoymercedes.com.ar\/principal\/2018\/06\/08\/viernes-de-cine-gratis-para-los-beneficiarios-del-programa-cpn\/\" aria-label=\"Leer m\u00e1s sobre Viernes de cine gratis para los beneficiarios del programa CPN\">Leer m\u00e1s<\/a><\/p>\n","protected":false},"author":1,"featured_media":75963,"comment_status":"closed","ping_status":"open","sticky":false,"template":"","format":"standard","meta":{"_monsterinsights_skip_tracking":false,"_monsterinsights_sitenote_active":false,"_monsterinsights_sitenote_note":"","_monsterinsights_sitenote_category":0,"jetpack_post_was_ever_published":false,"_jetpack_newsletter_access":"","_jetpack_dont_email_post_to_subs":false,"_jetpack_newsletter_tier_id":0,"_jetpack_memberships_contains_paywalled_content":false,"_jetpack_memberships_contains_paid_content":false,"footnotes":"","jetpack_publicize_message":"","jetpack_publicize_feature_enabled":true,"jetpack_social_post_already_shared":true,"jetpack_social_options":{"image_generator_settings":{"template":"highway","default_image_id":0,"font":"","enabled":false},"version":2},"_wpas_customize_per_network":false},"categories":[30],"tags":[5273,2252,244,406],"class_list":["post-76997","post","type-post","status-publish","format-standard","has-post-thumbnail","hentry","category-municipio","tag-cine","tag-juventud","tag-municipio-2","tag-programa-envion","generate-columns","tablet-grid-50","mobile-grid-100","grid-parent","grid-50"],"jetpack_publicize_connections":[],"jetpack_featured_media_url":"https:\/\/www.hoymercedes.com.ar\/principal\/wp-content\/uploads\/2018\/05\/18-deadpool-2-3-900x600.jpg","wps_subtitle":"Cine infantil","jetpack_sharing_enabled":true,"_links":{"self":[{"href":"https:\/\/www.hoymercedes.com.ar\/principal\/wp-json\/wp\/v2\/posts\/76997","targetHints":{"allow":["GET"]}}],"collection":[{"href":"https:\/\/www.hoymercedes.com.ar\/principal\/wp-json\/wp\/v2\/posts"}],"about":[{"href":"https:\/\/www.hoymercedes.com.ar\/principal\/wp-json\/wp\/v2\/types\/post"}],"author":[{"embeddable":true,"href":"https:\/\/www.hoymercedes.com.ar\/principal\/wp-json\/wp\/v2\/users\/1"}],"replies":[{"embeddable":true,"href":"https:\/\/www.hoymercedes.com.ar\/principal\/wp-json\/wp\/v2\/comments?post=76997"}],"version-history":[{"count":0,"href":"https:\/\/www.hoymercedes.com.ar\/principal\/wp-json\/wp\/v2\/posts\/76997\/revisions"}],"wp:featuredmedia":[{"embeddable":true,"href":"https:\/\/www.hoymercedes.com.ar\/principal\/wp-json\/wp\/v2\/media\/75963"}],"wp:attachment":[{"href":"https:\/\/www.hoymercedes.com.ar\/principal\/wp-json\/wp\/v2\/media?parent=76997"}],"wp:term":[{"taxonomy":"category","embeddable":true,"href":"https:\/\/www.hoymercedes.com.ar\/principal\/wp-json\/wp\/v2\/categories?post=76997"},{"taxonomy":"post_tag","embeddable":true,"href":"https:\/\/www.hoymercedes.com.ar\/principal\/wp-json\/wp\/v2\/tags?post=76997"}],"curies":[{"name":"wp","href":"https:\/\/api.w.org\/{rel}","templated":true}]}}