{"id":77017,"date":"2018-06-08T17:50:56","date_gmt":"2018-06-08T20:50:56","guid":{"rendered":"http:\/\/www.hoymercedes.com.ar\/principal\/?p=77017"},"modified":"2018-06-08T17:50:56","modified_gmt":"2018-06-08T20:50:56","slug":"nuevas-residentes-en-las-areas-de-psicologia-trabajo-social-y-medicina-general-del-hospital","status":"publish","type":"post","link":"https:\/\/www.hoymercedes.com.ar\/principal\/2018\/06\/08\/nuevas-residentes-en-las-areas-de-psicologia-trabajo-social-y-medicina-general-del-hospital\/","title":{"rendered":"Nuevas residentes en las \u00e1reas de Psicolog\u00eda, Trabajo Social y Medicina General del Hospital"},"content":{"rendered":"<p>En la ma\u00f1ana del d\u00eda jueves, el equipo directivo del Hospital Blas L. Dubarry le dio la bienvenida a seis nuevas residentes que se formar\u00e1n en las unidades de Psicolog\u00eda, Trabajo Social y Medicina General del nosocomio de calle 12.<\/p>\n<p><img loading=\"lazy\" decoding=\"async\" data-attachment-id=\"77018\" data-permalink=\"https:\/\/www.hoymercedes.com.ar\/principal\/2018\/06\/08\/nuevas-residentes-en-las-areas-de-psicologia-trabajo-social-y-medicina-general-del-hospital\/08-residentes-hospital\/#main\" data-orig-file=\"https:\/\/www.hoymercedes.com.ar\/principal\/wp-content\/uploads\/2018\/06\/08-residentes-hospital.jpg\" data-orig-size=\"1100,683\" data-comments-opened=\"0\" data-image-meta=\"{&quot;aperture&quot;:&quot;0&quot;,&quot;credit&quot;:&quot;&quot;,&quot;camera&quot;:&quot;&quot;,&quot;caption&quot;:&quot;&quot;,&quot;created_timestamp&quot;:&quot;0&quot;,&quot;copyright&quot;:&quot;&quot;,&quot;focal_length&quot;:&quot;0&quot;,&quot;iso&quot;:&quot;0&quot;,&quot;shutter_speed&quot;:&quot;0&quot;,&quot;title&quot;:&quot;&quot;,&quot;orientation&quot;:&quot;0&quot;}\" data-image-title=\"08 residentes hospital\" data-image-description=\"\" data-image-caption=\"\" data-large-file=\"https:\/\/www.hoymercedes.com.ar\/principal\/wp-content\/uploads\/2018\/06\/08-residentes-hospital-1024x636.jpg\" class=\"aligncenter size-medium wp-image-77018\" src=\"https:\/\/www.hoymercedes.com.ar\/principal\/wp-content\/uploads\/2018\/06\/08-residentes-hospital-630x391.jpg\" alt=\"\" width=\"630\" height=\"391\" srcset=\"https:\/\/www.hoymercedes.com.ar\/principal\/wp-content\/uploads\/2018\/06\/08-residentes-hospital-630x391.jpg 630w, https:\/\/www.hoymercedes.com.ar\/principal\/wp-content\/uploads\/2018\/06\/08-residentes-hospital-150x93.jpg 150w, https:\/\/www.hoymercedes.com.ar\/principal\/wp-content\/uploads\/2018\/06\/08-residentes-hospital-1024x636.jpg 1024w, https:\/\/www.hoymercedes.com.ar\/principal\/wp-content\/uploads\/2018\/06\/08-residentes-hospital.jpg 1100w\" sizes=\"auto, (max-width: 630px) 100vw, 630px\" \/><\/p>\n<p>En la sala de capacitaci\u00f3n \u201cDr. H\u00e9ctor Alet\u201d del subsuelo del Hospital se realiz\u00f3 el acto formal con la presencia del Director del Hospital, Dr. Daniel Bandoni, y al Jefe de Sala de Docencia e Investigaci\u00f3n, el Dr. Sergio Meney. Con la compa\u00f1\u00eda de las autoridades de la Regi\u00f3n Sanitaria X y el Secretario de Salud de la Municipalidad de Mercedes, Dr. Pablo Cassiani.<\/p>\n<p>Ante los presentes, las autoridades dieron cuenta del programa de residencias y le dieron la bienvenida formal a las residentes Agustina Mendola, Sofia Spacapan, Andrea Galvan, Noelia Sett, Mar\u00eda Dolores Nasso y a Micaela Blanchard. Las noveles profesionales tuvieron un acercamiento protocolar con los Jefes de las \u00c1reas de Trabajo Social, Psicolog\u00eda y Medicina General, que le dieron la bienvenida y le auguraron una excelente estad\u00eda en el Hospital como su lugar de trabajo.<\/p>\n<p>Fuente: Equipo de Direcci\u00f3n del Hospital<\/p>\n","protected":false},"excerpt":{"rendered":"<p>En la ma\u00f1ana del d\u00eda jueves, el equipo directivo del Hospital Blas L. Dubarry le dio la bienvenida a seis &#8230; <a title=\"Nuevas residentes en las \u00e1reas de Psicolog\u00eda, Trabajo Social y Medicina General del Hospital\" class=\"read-more\" href=\"https:\/\/www.hoymercedes.com.ar\/principal\/2018\/06\/08\/nuevas-residentes-en-las-areas-de-psicologia-trabajo-social-y-medicina-general-del-hospital\/\" aria-label=\"Leer m\u00e1s sobre Nuevas residentes en las \u00e1reas de Psicolog\u00eda, Trabajo Social y Medicina General del Hospital\">Leer m\u00e1s<\/a><\/p>\n","protected":false},"author":1,"featured_media":77018,"comment_status":"closed","ping_status":"open","sticky":false,"template":"","format":"standard","meta":{"_monsterinsights_skip_tracking":false,"_monsterinsights_sitenote_active":false,"_monsterinsights_sitenote_note":"","_monsterinsights_sitenote_category":0,"jetpack_post_was_ever_published":false,"_jetpack_newsletter_access":"","_jetpack_dont_email_post_to_subs":false,"_jetpack_newsletter_tier_id":0,"_jetpack_memberships_contains_paywalled_content":false,"_jetpack_memberships_contains_paid_content":false,"footnotes":"","jetpack_publicize_message":"","jetpack_publicize_feature_enabled":true,"jetpack_social_post_already_shared":true,"jetpack_social_options":{"image_generator_settings":{"template":"highway","default_image_id":0,"font":"","enabled":false},"version":2},"_wpas_customize_per_network":false},"categories":[9791],"tags":[624,10,13260,134],"class_list":["post-77017","post","type-post","status-publish","format-standard","has-post-thumbnail","hentry","category-salud","tag-hospital-blas-l-dubarry","tag-mercedes","tag-residentes","tag-salud","generate-columns","tablet-grid-50","mobile-grid-100","grid-parent","grid-50"],"jetpack_publicize_connections":[],"jetpack_featured_media_url":"https:\/\/www.hoymercedes.com.ar\/principal\/wp-content\/uploads\/2018\/06\/08-residentes-hospital.jpg","wps_subtitle":"Presentadas el jueves","jetpack_sharing_enabled":true,"_links":{"self":[{"href":"https:\/\/www.hoymercedes.com.ar\/principal\/wp-json\/wp\/v2\/posts\/77017","targetHints":{"allow":["GET"]}}],"collection":[{"href":"https:\/\/www.hoymercedes.com.ar\/principal\/wp-json\/wp\/v2\/posts"}],"about":[{"href":"https:\/\/www.hoymercedes.com.ar\/principal\/wp-json\/wp\/v2\/types\/post"}],"author":[{"embeddable":true,"href":"https:\/\/www.hoymercedes.com.ar\/principal\/wp-json\/wp\/v2\/users\/1"}],"replies":[{"embeddable":true,"href":"https:\/\/www.hoymercedes.com.ar\/principal\/wp-json\/wp\/v2\/comments?post=77017"}],"version-history":[{"count":0,"href":"https:\/\/www.hoymercedes.com.ar\/principal\/wp-json\/wp\/v2\/posts\/77017\/revisions"}],"wp:featuredmedia":[{"embeddable":true,"href":"https:\/\/www.hoymercedes.com.ar\/principal\/wp-json\/wp\/v2\/media\/77018"}],"wp:attachment":[{"href":"https:\/\/www.hoymercedes.com.ar\/principal\/wp-json\/wp\/v2\/media?parent=77017"}],"wp:term":[{"taxonomy":"category","embeddable":true,"href":"https:\/\/www.hoymercedes.com.ar\/principal\/wp-json\/wp\/v2\/categories?post=77017"},{"taxonomy":"post_tag","embeddable":true,"href":"https:\/\/www.hoymercedes.com.ar\/principal\/wp-json\/wp\/v2\/tags?post=77017"}],"curies":[{"name":"wp","href":"https:\/\/api.w.org\/{rel}","templated":true}]}}