{"id":77224,"date":"2018-06-12T21:16:57","date_gmt":"2018-06-13T00:16:57","guid":{"rendered":"http:\/\/www.hoymercedes.com.ar\/principal\/?p=77224"},"modified":"2018-06-12T21:16:57","modified_gmt":"2018-06-13T00:16:57","slug":"de-pedro-integrara-la-nueva-mesa-de-accion-politica-del-pj","status":"publish","type":"post","link":"https:\/\/www.hoymercedes.com.ar\/principal\/2018\/06\/12\/de-pedro-integrara-la-nueva-mesa-de-accion-politica-del-pj\/","title":{"rendered":"De Pedro integrar\u00e1 la nueva mesa de acci\u00f3n pol\u00edtica del PJ"},"content":{"rendered":"<figure id=\"attachment_77225\" aria-describedby=\"caption-attachment-77225\" style=\"width: 620px\" class=\"wp-caption aligncenter\"><img loading=\"lazy\" decoding=\"async\" data-attachment-id=\"77225\" data-permalink=\"https:\/\/www.hoymercedes.com.ar\/principal\/2018\/06\/12\/de-pedro-integrara-la-nueva-mesa-de-accion-politica-del-pj\/wado-mesa-pj\/#main\" data-orig-file=\"https:\/\/www.hoymercedes.com.ar\/principal\/wp-content\/uploads\/2018\/06\/wado-mesa-pj.jpg\" data-orig-size=\"1280,720\" data-comments-opened=\"0\" data-image-meta=\"{&quot;aperture&quot;:&quot;0&quot;,&quot;credit&quot;:&quot;&quot;,&quot;camera&quot;:&quot;&quot;,&quot;caption&quot;:&quot;&quot;,&quot;created_timestamp&quot;:&quot;0&quot;,&quot;copyright&quot;:&quot;&quot;,&quot;focal_length&quot;:&quot;0&quot;,&quot;iso&quot;:&quot;0&quot;,&quot;shutter_speed&quot;:&quot;0&quot;,&quot;title&quot;:&quot;&quot;,&quot;orientation&quot;:&quot;0&quot;}\" data-image-title=\"wado-mesa-pj\" data-image-description=\"\" data-image-caption=\"&lt;p&gt;Eduardo de Pedro, Partido Justicialista&lt;\/p&gt;\n\" data-large-file=\"https:\/\/www.hoymercedes.com.ar\/principal\/wp-content\/uploads\/2018\/06\/wado-mesa-pj-1024x576.jpg\" class=\"size-medium wp-image-77225\" src=\"https:\/\/www.hoymercedes.com.ar\/principal\/wp-content\/uploads\/2018\/06\/wado-mesa-pj-630x354.jpg\" alt=\"\" width=\"630\" height=\"354\" srcset=\"https:\/\/www.hoymercedes.com.ar\/principal\/wp-content\/uploads\/2018\/06\/wado-mesa-pj-630x354.jpg 630w, https:\/\/www.hoymercedes.com.ar\/principal\/wp-content\/uploads\/2018\/06\/wado-mesa-pj-150x84.jpg 150w, https:\/\/www.hoymercedes.com.ar\/principal\/wp-content\/uploads\/2018\/06\/wado-mesa-pj-1024x576.jpg 1024w, https:\/\/www.hoymercedes.com.ar\/principal\/wp-content\/uploads\/2018\/06\/wado-mesa-pj.jpg 1280w\" sizes=\"auto, (max-width: 630px) 100vw, 630px\" \/><figcaption id=\"caption-attachment-77225\" class=\"wp-caption-text\">Eduardo de Pedro, Partido Justicialista<\/figcaption><\/figure>\n<p>El diputado Nacional, Eduardo Wado de Pedro, ser\u00e1 miembro de la nueva mesa de acci\u00f3n pol\u00edtica del Partido Justicialista que se conform\u00f3 el pasado viernes durante el Congreso Nacional del partido que se llev\u00f3 a cabo en el Club Ferrocarril Oeste.<\/p>\n<p>Esta nueva mesa se encargar\u00e1 entre otras cosas de empezar a configurar el programa electoral que el justicialismo le propondr\u00e1 a la sociedad en las elecciones de 2019 y adem\u00e1s sus miembros ser\u00e1n los responsables de organizar las reuniones pol\u00edticas con representantes de otras fuerzas para empezar a configurar futuros frentes electorales. Tambi\u00e9n tendr\u00e1n la responsabilidad de convocar a distintos referentes del peronismo que hoy en d\u00eda no son parte de la vida org\u00e1nica del partido.<\/p>\n<p>Al t\u00e9rmino del acto, el legislador mercedino sostuvo: \u00abVamos a trabajar por un peronismo que se oponga al modelo de pobreza, desocupaci\u00f3n y desindustrializaci\u00f3n de Cambiemos, y que vuelva a generar sue\u00f1os y esperanzas a los argentinos\u00bb. \u00abQueremos un peronismo cerca de nuestro pueblo que hoy la est\u00e1 pasando muy mal\u00bb.<\/p>\n<p>Durante el Congreso del PJ, las autoridades con el voto un\u00e1nime de los congresales y la aclamaci\u00f3n de los militantes que se acercaron en masa al estadio de Ferro, rechazaron rotundamente el acuerdo del gobierno nacional con el FMI y la intervenci\u00f3n ileg\u00edtima del Consejo Nacional del PJ, a cargo de Jos\u00e9 Luis Gioja, por parte de la jueza Servini de Cubr\u00eda.<\/p>\n<p>De esta mesa pol\u00edtica tambi\u00e9n ser\u00e1n parte el ex gobernador de La Pampa, Rub\u00e9n Mar\u00edn; el gobernador de San Luis, Alberto Rodr\u00edguez Sa\u00e1; el intendente de Merlo y Presidente del PJ Bonaerense, Gustavo Men\u00e9ndez; el ex ministro de Salud, Gin\u00e9s Gonz\u00e1lez Garc\u00eda; el diputado nacional, Agust\u00edn Rossi; el ex intendente de La Matanza y diputado, Fernando Espinoza; la ex senadora por Tucum\u00e1n, Beatriz Rojk\u00e9s de Alperovich; y las diputadas nacionales Silvina Frana, Cristina \u00c1lvarez Rodr\u00edguez y Mar\u00eda Emilia Soria.<\/p>\n<p>&nbsp;<\/p>\n<p>Fuente: UC<\/p>\n","protected":false},"excerpt":{"rendered":"<p>El diputado Nacional, Eduardo Wado de Pedro, ser\u00e1 miembro de la nueva mesa de acci\u00f3n pol\u00edtica del Partido Justicialista que &#8230; <a title=\"De Pedro integrar\u00e1 la nueva mesa de acci\u00f3n pol\u00edtica del PJ\" class=\"read-more\" href=\"https:\/\/www.hoymercedes.com.ar\/principal\/2018\/06\/12\/de-pedro-integrara-la-nueva-mesa-de-accion-politica-del-pj\/\" aria-label=\"Leer m\u00e1s sobre De Pedro integrar\u00e1 la nueva mesa de acci\u00f3n pol\u00edtica del PJ\">Leer m\u00e1s<\/a><\/p>\n","protected":false},"author":1,"featured_media":77225,"comment_status":"closed","ping_status":"open","sticky":false,"template":"","format":"standard","meta":{"_monsterinsights_skip_tracking":false,"_monsterinsights_sitenote_active":false,"_monsterinsights_sitenote_note":"","_monsterinsights_sitenote_category":0,"jetpack_post_was_ever_published":false,"_jetpack_newsletter_access":"","_jetpack_dont_email_post_to_subs":false,"_jetpack_newsletter_tier_id":0,"_jetpack_memberships_contains_paywalled_content":false,"_jetpack_memberships_contains_paid_content":false,"footnotes":"","jetpack_publicize_message":"","jetpack_publicize_feature_enabled":true,"jetpack_social_post_already_shared":true,"jetpack_social_options":{"image_generator_settings":{"template":"highway","default_image_id":0,"font":"","enabled":false},"version":2},"_wpas_customize_per_network":false},"categories":[5],"tags":[13293,281],"class_list":["post-77224","post","type-post","status-publish","format-standard","has-post-thumbnail","hentry","category-politica","tag-pj-provincia","tag-wado-de-pedro","generate-columns","tablet-grid-50","mobile-grid-100","grid-parent","grid-50"],"jetpack_publicize_connections":[],"jetpack_featured_media_url":"https:\/\/www.hoymercedes.com.ar\/principal\/wp-content\/uploads\/2018\/06\/wado-mesa-pj.jpg","wps_subtitle":"Partido Justicialista provincial","jetpack_sharing_enabled":true,"_links":{"self":[{"href":"https:\/\/www.hoymercedes.com.ar\/principal\/wp-json\/wp\/v2\/posts\/77224","targetHints":{"allow":["GET"]}}],"collection":[{"href":"https:\/\/www.hoymercedes.com.ar\/principal\/wp-json\/wp\/v2\/posts"}],"about":[{"href":"https:\/\/www.hoymercedes.com.ar\/principal\/wp-json\/wp\/v2\/types\/post"}],"author":[{"embeddable":true,"href":"https:\/\/www.hoymercedes.com.ar\/principal\/wp-json\/wp\/v2\/users\/1"}],"replies":[{"embeddable":true,"href":"https:\/\/www.hoymercedes.com.ar\/principal\/wp-json\/wp\/v2\/comments?post=77224"}],"version-history":[{"count":0,"href":"https:\/\/www.hoymercedes.com.ar\/principal\/wp-json\/wp\/v2\/posts\/77224\/revisions"}],"wp:featuredmedia":[{"embeddable":true,"href":"https:\/\/www.hoymercedes.com.ar\/principal\/wp-json\/wp\/v2\/media\/77225"}],"wp:attachment":[{"href":"https:\/\/www.hoymercedes.com.ar\/principal\/wp-json\/wp\/v2\/media?parent=77224"}],"wp:term":[{"taxonomy":"category","embeddable":true,"href":"https:\/\/www.hoymercedes.com.ar\/principal\/wp-json\/wp\/v2\/categories?post=77224"},{"taxonomy":"post_tag","embeddable":true,"href":"https:\/\/www.hoymercedes.com.ar\/principal\/wp-json\/wp\/v2\/tags?post=77224"}],"curies":[{"name":"wp","href":"https:\/\/api.w.org\/{rel}","templated":true}]}}