{"id":77305,"date":"2018-06-15T10:45:36","date_gmt":"2018-06-15T13:45:36","guid":{"rendered":"http:\/\/www.hoymercedes.com.ar\/principal\/?p=77305"},"modified":"2018-06-15T10:19:34","modified_gmt":"2018-06-15T13:19:34","slug":"avanzan-los-arreglos-en-el-parque-municipal","status":"publish","type":"post","link":"https:\/\/www.hoymercedes.com.ar\/principal\/2018\/06\/15\/avanzan-los-arreglos-en-el-parque-municipal\/","title":{"rendered":"Avanzan los arreglos en el Parque Municipal"},"content":{"rendered":"<p>El Intendente Municipal Juan Ignacio Ustarroz recorri\u00f3 los trabajos que se vienen realizando en el Parque Municipal Independencia. Los mismos apuntan a la remodelaci\u00f3n y revalorizaci\u00f3n de esta zona tan emblem\u00e1tica para los mercedinos.<\/p>\n<p>\u201cSe ha trabajado mucho en la planificaci\u00f3n sobre este espacio tan querido y valorado por todo nuestro pueblo y tambi\u00e9n por quien lo visita\u201d subray\u00f3 Ustarroz.\u00a0\u00a0El Jefe Comunal record\u00f3 que en el proyecto, que es integral, adem\u00e1s de las mejoras estructurales que se buscan \u201chemos incorporado una posta m\u00f3vil para poder garantizar que la gente que vaya se sienta cuidada\u201d y remarc\u00f3 \u201cnecesitamos adem\u00e1s que el parque se cuide, cuesta mucho poder hacer y a veces en poquito tiempo destruyen todo lo realizado\u201d.<\/p>\n<p>\u201cEste trabajo de desmalezamiento tiene que ver con la recuperaci\u00f3n de espacio p\u00fablico, de embellecer y\u00a0\u00a0seguir con una l\u00f3gica de forestaci\u00f3n\u201d agreg\u00f3 el primer mandatario.<\/p>\n<p>Quien tambi\u00e9n estuvo en esta recorrida, fue Miguel Brady, subsecretario de Obras P\u00fablicas de la Municipalidad, que dijo: \u201cEn principio el tiempo nos jug\u00f3 una mala pasada, hace unos d\u00edas hicimos el desmalezamiento, el cual era el disparador de todas las obras venideras, pero debido a las inclemencias clim\u00e1ticas no se pudo efectuar\u201d, narr\u00f3, recordando que las acacias es una historia planta del lugar que est\u00e1 siendo removida para reemplazarla y armar uno de los distintos sectores renovados.<\/p>\n<p>\u201cPor suerte hemos retomado, el clima nos ha acompa\u00f1ado y estamos trabajando fuertemente-una oruga que est\u00e1 trabajando con cami\u00f3n- que est\u00e1 efectuando el desmalezamiento\u201d y agreg\u00f3 \u201cla idea es trabajar en forma conjunta con el Cuerpo de Bomberos y la Liga de Futbol Mercedina y la pulper\u00eda de Cacho, dialogando ya que el trabajo abarca los lugares mencionados\u201d.\u201cLa idea es poner en valor el Parque de nuestra ciudad y visibilizar e incorporar superficies que estaban desperdiciadas\u201d.<\/p>\n<p><strong>Trabajo local<\/strong><\/p>\n<p>Por otro lado, el se\u00f1or intendente, Juan Ignacio Ustarroz, aclar\u00f3 que las obras que se est\u00e1n efectuando en el parque Municipal, est\u00e1n siendo realizadas por una empresa de Mercedes \u201cporque tenemos much\u00edsimo trabajo en la zona rural y barrios \u2013por las inclemencias clim\u00e1ticas- entonces para poder avanzar a paso firme necesitamos confiar parte de los trabajos\u201d.<\/p>\n<p>Asimismo, el intendente\u00a0\u00a0Ustarroz, destac\u00f3\u00a0\u00a0\u201cla pol\u00edtica de transparencia del municipio, donde a trav\u00e9s de licitaciones se logran mejores precios, que permiten realizar m\u00e1s obras\u201d en este caso \u201chab\u00edamos estipulado m\u00e1s de 900 mil pesos y terminamos adjudicando por 580 mil pesos esta obra\u201d.<\/p>\n<p><strong>Paseo y Turismo<\/strong><\/p>\n<p>En otro orden de ideas, el primer mandatario Juan Ignacio Ustarroz, detall\u00f3 \u201cel proyecto ambicioso que tenemos desde turismo, es que el trencito recorra el parque, construir un paseo de Ciencias naturales, poner en valor y reacondicionar a nuevo de los ba\u00f1os y las plazas. Entre los muchos trabajos que iremos desarrollando a lo largo de todo nuestro parque Municipal\u201d.<\/p>\n<p>Adem\u00e1s, Miguel Brady, expres\u00f3 \u201cen un sector que no estaba ocupado, se situar\u00e1 el espacio de\u00a0\u00a0ciencias naturales\u201d. Este espacio es una representaci\u00f3n esc\u00e9nica de lo que era la mega fauna, con cinco especies a escala real que representa la fauna propia del lugar. Para esto ya est\u00e1 trabajando el artista Jorge Blanco.<\/p>\n<p>\u201cLa idea de este trabajo es revalorizar lo nuestro, lo nativo. Tenemos un buen yacimiento paleontol\u00f3gico, sumado a la flora\u201d.<\/p>\n<p>Asimismo, el Subsecretario de Obras P\u00fablicas, agreg\u00f3 \u201cse construir\u00e1 un anfiteatro que albergara actividades art\u00edsticas, el cual estar\u00e1 situado en la Isla Ameghino.\u00a0\u00a0Adem\u00e1s, iniciaremos la obra de la parada del tren tur\u00edstico que har\u00e1 el recorrido desde Tom\u00e1s Jofr\u00e9, pasando por Altamira, La Trocha y culminar\u00e1 en esa parada. Realizaremos un muelle a modo de espig\u00f3n. Y el Parque Nuevo pretendemos que sea netamente deportivo, por eso la idea es la edificaci\u00f3n de un polideportivo a cielo abierto\u201d.<\/p>\n<p>&nbsp;<\/p>\n<p>Fuente: Prensa Municipal<\/p>\n","protected":false},"excerpt":{"rendered":"<p>El Intendente Municipal Juan Ignacio Ustarroz recorri\u00f3 los trabajos que se vienen realizando en el Parque Municipal Independencia. Los mismos &#8230; <a title=\"Avanzan los arreglos en el Parque Municipal\" class=\"read-more\" href=\"https:\/\/www.hoymercedes.com.ar\/principal\/2018\/06\/15\/avanzan-los-arreglos-en-el-parque-municipal\/\" aria-label=\"Leer m\u00e1s sobre Avanzan los arreglos en el Parque Municipal\">Leer m\u00e1s<\/a><\/p>\n","protected":false},"author":1,"featured_media":77307,"comment_status":"closed","ping_status":"open","sticky":false,"template":"","format":"standard","meta":{"_monsterinsights_skip_tracking":false,"_monsterinsights_sitenote_active":false,"_monsterinsights_sitenote_note":"","_monsterinsights_sitenote_category":0,"jetpack_post_was_ever_published":false,"_jetpack_newsletter_access":"","_jetpack_dont_email_post_to_subs":false,"_jetpack_newsletter_tier_id":0,"_jetpack_memberships_contains_paywalled_content":false,"_jetpack_memberships_contains_paid_content":false,"footnotes":"","jetpack_publicize_message":"","jetpack_publicize_feature_enabled":true,"jetpack_social_post_already_shared":true,"jetpack_social_options":{"image_generator_settings":{"template":"highway","default_image_id":0,"font":"","enabled":false},"version":2},"_wpas_customize_per_network":false},"categories":[30],"tags":[10,244,5947,1551],"class_list":["post-77305","post","type-post","status-publish","format-standard","has-post-thumbnail","hentry","category-municipio","tag-mercedes","tag-municipio-2","tag-obras-publicas","tag-parque-municipal","generate-columns","tablet-grid-50","mobile-grid-100","grid-parent","grid-50"],"jetpack_publicize_connections":[],"jetpack_featured_media_url":"https:\/\/www.hoymercedes.com.ar\/principal\/wp-content\/uploads\/2018\/06\/15-muni-parque.jpg","wps_subtitle":"Recorrida municipal","jetpack_sharing_enabled":true,"_links":{"self":[{"href":"https:\/\/www.hoymercedes.com.ar\/principal\/wp-json\/wp\/v2\/posts\/77305","targetHints":{"allow":["GET"]}}],"collection":[{"href":"https:\/\/www.hoymercedes.com.ar\/principal\/wp-json\/wp\/v2\/posts"}],"about":[{"href":"https:\/\/www.hoymercedes.com.ar\/principal\/wp-json\/wp\/v2\/types\/post"}],"author":[{"embeddable":true,"href":"https:\/\/www.hoymercedes.com.ar\/principal\/wp-json\/wp\/v2\/users\/1"}],"replies":[{"embeddable":true,"href":"https:\/\/www.hoymercedes.com.ar\/principal\/wp-json\/wp\/v2\/comments?post=77305"}],"version-history":[{"count":0,"href":"https:\/\/www.hoymercedes.com.ar\/principal\/wp-json\/wp\/v2\/posts\/77305\/revisions"}],"wp:featuredmedia":[{"embeddable":true,"href":"https:\/\/www.hoymercedes.com.ar\/principal\/wp-json\/wp\/v2\/media\/77307"}],"wp:attachment":[{"href":"https:\/\/www.hoymercedes.com.ar\/principal\/wp-json\/wp\/v2\/media?parent=77305"}],"wp:term":[{"taxonomy":"category","embeddable":true,"href":"https:\/\/www.hoymercedes.com.ar\/principal\/wp-json\/wp\/v2\/categories?post=77305"},{"taxonomy":"post_tag","embeddable":true,"href":"https:\/\/www.hoymercedes.com.ar\/principal\/wp-json\/wp\/v2\/tags?post=77305"}],"curies":[{"name":"wp","href":"https:\/\/api.w.org\/{rel}","templated":true}]}}