{"id":77343,"date":"2018-06-17T09:29:46","date_gmt":"2018-06-17T12:29:46","guid":{"rendered":"http:\/\/www.hoymercedes.com.ar\/principal\/?p=77343"},"modified":"2018-06-16T16:33:34","modified_gmt":"2018-06-16T19:33:34","slug":"en-la-aefip-se-dictara-una-capacitacion-sobre-el-grooming","status":"publish","type":"post","link":"https:\/\/www.hoymercedes.com.ar\/principal\/2018\/06\/17\/en-la-aefip-se-dictara-una-capacitacion-sobre-el-grooming\/","title":{"rendered":"En la AEFIP se dictar\u00e1 una capacitaci\u00f3n sobre el Grooming"},"content":{"rendered":"<p><em><strong>Orientada al mundo adulto, constar\u00e1 de diversos temas. Tendr\u00e1 lugar el viernes 22 de junio a partir de la hora 18 en la sede de la Seccional Mercedes de calle 28 casi esquina 33. Ser\u00e1 gratuita y abierta a los miembros del gremio y la comunidad, con inscripci\u00f3n previa.<\/strong><\/em><\/p>\n<p>El grooming es uno de los delitos de mayor impacto en ni\u00f1os y adolescentes a trav\u00e9s de Internet, por lo que resulta fundamental estar alertas a los signos que se presentan para detectar alguna posible situaci\u00f3n de abuso. Teniendo en cuenta esto, el pr\u00f3ximo viernes 22 a las 18 horas en la sede de AEFIP Mercedes, se realizar\u00e1 una completa jornada de concientizaci\u00f3n y capacitaci\u00f3n sobre el Grooming: \u201cAcoso sexual a ni\u00f1os, ni\u00f1as y adolescentes en Internet\u201d, organizada por la Comisi\u00f3n Directiva de la mencionada seccional sindical, de manera conjunta con la ONG Grooming Argentina, referente en el tema en nuestro pa\u00eds.<\/p>\n<p>La jornada ser\u00e1 gratuita y se encuentra orientada al mundo adulto. Desde la organizaci\u00f3n indican que constar\u00e1 de un diverso temario, donde no solo los afiliados al gremio tendr\u00e1n la oportunidad de participar, sino que se encuentra abierta a toda la comunidad, con inscripci\u00f3n previa, ya que los cupos son limitados.<\/p>\n<p>En esta oportunidad la capacitaci\u00f3n ser\u00e1 llevada a cabo por el fundador y Director de la ONG, Grooming Argentina, Dr. Hern\u00e1n Navarro. Los interesados en participar pueden inscribirse comunic\u00e1ndose al 2324-430084 0 2324-421928 de lunes a viernes de 08:00 a 16:00 hs. O dirigirse a la seccional ubicada en la calle 28 entre 31 y 33.<\/p>\n<p>El Secretario General de AEFIP Mercedes, Juan Mart\u00edn Andr\u00e9s, uno de los impulsores de la iniciativa sostuvo que \u201ces importante que en esta \u00e9poca se realicen este tipo de jornadas, ya que el mundo virtual es una realidad, como tambi\u00e9n lo son los flagelos que desde ah\u00ed suceden, y una de las formas para evitarlos y prevenirlos, es generando conciencia, a los fines de poder eliminar el delito\u201d.<\/p>\n<p>&nbsp;<\/p>\n<p>Fuente: Prensa AEFIP<\/p>\n","protected":false},"excerpt":{"rendered":"<p>Orientada al mundo adulto, constar\u00e1 de diversos temas. Tendr\u00e1 lugar el viernes 22 de junio a partir de la hora &#8230; <a title=\"En la AEFIP se dictar\u00e1 una capacitaci\u00f3n sobre el Grooming\" class=\"read-more\" href=\"https:\/\/www.hoymercedes.com.ar\/principal\/2018\/06\/17\/en-la-aefip-se-dictara-una-capacitacion-sobre-el-grooming\/\" aria-label=\"Leer m\u00e1s sobre En la AEFIP se dictar\u00e1 una capacitaci\u00f3n sobre el Grooming\">Leer m\u00e1s<\/a><\/p>\n","protected":false},"author":1,"featured_media":77344,"comment_status":"closed","ping_status":"open","sticky":false,"template":"","format":"standard","meta":{"_monsterinsights_skip_tracking":false,"_monsterinsights_sitenote_active":false,"_monsterinsights_sitenote_note":"","_monsterinsights_sitenote_category":0,"jetpack_post_was_ever_published":false,"_jetpack_newsletter_access":"","_jetpack_dont_email_post_to_subs":false,"_jetpack_newsletter_tier_id":0,"_jetpack_memberships_contains_paywalled_content":false,"_jetpack_memberships_contains_paid_content":false,"footnotes":"","jetpack_publicize_message":"","jetpack_publicize_feature_enabled":true,"jetpack_social_post_already_shared":true,"jetpack_social_options":{"image_generator_settings":{"template":"highway","default_image_id":0,"font":"","enabled":false},"version":2},"_wpas_customize_per_network":false},"categories":[10563],"tags":[2381,11148,5858,10,9200],"class_list":["post-77343","post","type-post","status-publish","format-standard","has-post-thumbnail","hentry","category-gremios-sindicatos","tag-aefip","tag-gremio","tag-grooming","tag-mercedes","tag-sindicato","generate-columns","tablet-grid-50","mobile-grid-100","grid-parent","grid-50"],"jetpack_publicize_connections":[],"jetpack_featured_media_url":"https:\/\/www.hoymercedes.com.ar\/principal\/wp-content\/uploads\/2018\/06\/17-Grooming.jpg","wps_subtitle":"Jornada de concientizaci\u00f3n","jetpack_sharing_enabled":true,"_links":{"self":[{"href":"https:\/\/www.hoymercedes.com.ar\/principal\/wp-json\/wp\/v2\/posts\/77343","targetHints":{"allow":["GET"]}}],"collection":[{"href":"https:\/\/www.hoymercedes.com.ar\/principal\/wp-json\/wp\/v2\/posts"}],"about":[{"href":"https:\/\/www.hoymercedes.com.ar\/principal\/wp-json\/wp\/v2\/types\/post"}],"author":[{"embeddable":true,"href":"https:\/\/www.hoymercedes.com.ar\/principal\/wp-json\/wp\/v2\/users\/1"}],"replies":[{"embeddable":true,"href":"https:\/\/www.hoymercedes.com.ar\/principal\/wp-json\/wp\/v2\/comments?post=77343"}],"version-history":[{"count":0,"href":"https:\/\/www.hoymercedes.com.ar\/principal\/wp-json\/wp\/v2\/posts\/77343\/revisions"}],"wp:featuredmedia":[{"embeddable":true,"href":"https:\/\/www.hoymercedes.com.ar\/principal\/wp-json\/wp\/v2\/media\/77344"}],"wp:attachment":[{"href":"https:\/\/www.hoymercedes.com.ar\/principal\/wp-json\/wp\/v2\/media?parent=77343"}],"wp:term":[{"taxonomy":"category","embeddable":true,"href":"https:\/\/www.hoymercedes.com.ar\/principal\/wp-json\/wp\/v2\/categories?post=77343"},{"taxonomy":"post_tag","embeddable":true,"href":"https:\/\/www.hoymercedes.com.ar\/principal\/wp-json\/wp\/v2\/tags?post=77343"}],"curies":[{"name":"wp","href":"https:\/\/api.w.org\/{rel}","templated":true}]}}