{"id":77363,"date":"2018-06-16T07:33:03","date_gmt":"2018-06-16T10:33:03","guid":{"rendered":"http:\/\/www.hoymercedes.com.ar\/principal\/?p=77363"},"modified":"2018-06-16T18:52:24","modified_gmt":"2018-06-16T21:52:24","slug":"el-tango-volvio-al-anden-de-la-estacion-trocha","status":"publish","type":"post","link":"https:\/\/www.hoymercedes.com.ar\/principal\/2018\/06\/16\/el-tango-volvio-al-anden-de-la-estacion-trocha\/","title":{"rendered":"El tango volvi\u00f3 al anden de la estaci\u00f3n Trocha"},"content":{"rendered":"<p>El pasado jueves volvi\u00f3 a La Trocha el ciclo Tango en el And\u00e9n que organiza la Direcci\u00f3n de Cultura. Hubo artistas de gran calidad y un buen marco de p\u00fablico. Ya se avanza con algunos agregados para la pr\u00f3xima edici\u00f3n de julio.<\/p>\n<p><img loading=\"lazy\" decoding=\"async\" data-attachment-id=\"77365\" data-permalink=\"https:\/\/www.hoymercedes.com.ar\/principal\/2018\/06\/16\/el-tango-volvio-al-anden-de-la-estacion-trocha\/16-tango-anden-2\/#main\" data-orig-file=\"https:\/\/www.hoymercedes.com.ar\/principal\/wp-content\/uploads\/2018\/06\/16-tango-anden-2.jpeg\" data-orig-size=\"763,509\" data-comments-opened=\"0\" data-image-meta=\"{&quot;aperture&quot;:&quot;0&quot;,&quot;credit&quot;:&quot;&quot;,&quot;camera&quot;:&quot;&quot;,&quot;caption&quot;:&quot;&quot;,&quot;created_timestamp&quot;:&quot;0&quot;,&quot;copyright&quot;:&quot;&quot;,&quot;focal_length&quot;:&quot;0&quot;,&quot;iso&quot;:&quot;0&quot;,&quot;shutter_speed&quot;:&quot;0&quot;,&quot;title&quot;:&quot;&quot;,&quot;orientation&quot;:&quot;0&quot;}\" data-image-title=\"16 tango anden 2\" data-image-description=\"\" data-image-caption=\"\" data-large-file=\"https:\/\/www.hoymercedes.com.ar\/principal\/wp-content\/uploads\/2018\/06\/16-tango-anden-2.jpeg\" class=\"aligncenter size-medium wp-image-77365\" src=\"https:\/\/www.hoymercedes.com.ar\/principal\/wp-content\/uploads\/2018\/06\/16-tango-anden-2-630x420.jpeg\" alt=\"\" width=\"630\" height=\"420\" srcset=\"https:\/\/www.hoymercedes.com.ar\/principal\/wp-content\/uploads\/2018\/06\/16-tango-anden-2-630x420.jpeg 630w, https:\/\/www.hoymercedes.com.ar\/principal\/wp-content\/uploads\/2018\/06\/16-tango-anden-2-150x100.jpeg 150w, https:\/\/www.hoymercedes.com.ar\/principal\/wp-content\/uploads\/2018\/06\/16-tango-anden-2.jpeg 763w\" sizes=\"auto, (max-width: 630px) 100vw, 630px\" \/><\/p>\n<p>En la el Centro Cultural La Trocha, a pesar del f\u00edo, un concurrido marco de p\u00fablico se acerc\u00f3 al galp\u00f3n central donde cada edici\u00f3n mensual de Tango en el And\u00e9n cobra vida. En un marco sobresaliente de escenograf\u00eda arrabalera, donde predomin\u00f3 el paso de baile y los acordes de los cl\u00e1sicos del 2 x 4, el p\u00fablico mercedino pudo disfrutar de una noche cubierta de energ\u00eda<\/p>\n<p>A\u00fan con las luces blancas del sal\u00f3n, Natalia Minadevino y Leandro Lofgren, los m\u00e1ximos responsables de Est\u00edmulo Dance, iniciaron a las 22 la clase abierta de baile para quienes estuvieron dispuestos a marcar el paso en la noche fr\u00eda del jueves. Muchas parejas se reunieron en el centro de la pista para escuchar con atenci\u00f3n los primeros conceptos de la danza t\u00edpica que dieron inicio a un sin fin de piezas para compartir en grupo.<\/p>\n<p>De a poco, el sal\u00f3n fue colm\u00e1ndose de espectadores. Algunos, tomaron ubicaci\u00f3n en las mesas que la organizaci\u00f3n coloc\u00f3 para que se pueda comer y beber gracias al especial servicio de cantina al cual se ha acostumbrado el p\u00fablico en cada noche de Tango. Otros, los m\u00e1s activos, acomodaron sus abrigos en las sillas y comenzaron a bailar. Milongas, valsecitos criollos, tangos instrumentales, todo lo que son\u00f3 en esos primeros 45 minutos de noche.<\/p>\n<p><img loading=\"lazy\" decoding=\"async\" data-attachment-id=\"77364\" data-permalink=\"https:\/\/www.hoymercedes.com.ar\/principal\/2018\/06\/16\/el-tango-volvio-al-anden-de-la-estacion-trocha\/16-tango-anden-1\/#main\" data-orig-file=\"https:\/\/www.hoymercedes.com.ar\/principal\/wp-content\/uploads\/2018\/06\/16-tango-anden-1.jpeg\" data-orig-size=\"750,500\" data-comments-opened=\"0\" data-image-meta=\"{&quot;aperture&quot;:&quot;1.9&quot;,&quot;credit&quot;:&quot;&quot;,&quot;camera&quot;:&quot;SM-A510F&quot;,&quot;caption&quot;:&quot;&quot;,&quot;created_timestamp&quot;:&quot;1529020211&quot;,&quot;copyright&quot;:&quot;&quot;,&quot;focal_length&quot;:&quot;3.7&quot;,&quot;iso&quot;:&quot;500&quot;,&quot;shutter_speed&quot;:&quot;0.058823529411765&quot;,&quot;title&quot;:&quot;&quot;,&quot;orientation&quot;:&quot;1&quot;}\" data-image-title=\"16 tango anden 1\" data-image-description=\"\" data-image-caption=\"\" data-large-file=\"https:\/\/www.hoymercedes.com.ar\/principal\/wp-content\/uploads\/2018\/06\/16-tango-anden-1.jpeg\" class=\"aligncenter size-medium wp-image-77364\" src=\"https:\/\/www.hoymercedes.com.ar\/principal\/wp-content\/uploads\/2018\/06\/16-tango-anden-1-630x420.jpeg\" alt=\"\" width=\"630\" height=\"420\" srcset=\"https:\/\/www.hoymercedes.com.ar\/principal\/wp-content\/uploads\/2018\/06\/16-tango-anden-1-630x420.jpeg 630w, https:\/\/www.hoymercedes.com.ar\/principal\/wp-content\/uploads\/2018\/06\/16-tango-anden-1-150x100.jpeg 150w, https:\/\/www.hoymercedes.com.ar\/principal\/wp-content\/uploads\/2018\/06\/16-tango-anden-1.jpeg 750w\" sizes=\"auto, (max-width: 630px) 100vw, 630px\" \/><\/p>\n<p>Luego fue el turno de abrir el escenario y por ello,\u00a0\u00a0el querido Zoco Larralde subi\u00f3 junto al guitarrista Sebasti\u00e1n Fredes para dar la bienvenida y arrancar con \u201cAmar y callar\u201d, en una versi\u00f3n maravillosa de la obra de Nelly Omar y Jos\u00e9 Canet. Sobre el aplauso de sus seguidores, el cantor m\u00e1s popular del pueblo emocion\u00f3 con \u201cLa \u00faltima copa\u201d y \u201cLa pulpera de Santa Luc\u00eda\u201d. Entre tangos y valses, algunos invitados especiales fueron subiendo al escenario para interpretar \u201cLos Mareados\u201d, \u201cConfidencias\u201d y \u201cVieja Viola\u201d, y dar un cierre vivado por el p\u00fablico presente.<\/p>\n<p>Minutos despu\u00e9s de las 23, una gran promesa de la m\u00fasica popular tuvo su noche en el And\u00e9n. Se trata de Natalia D\u00edaz Velazco, la mercedina por adopci\u00f3n que por estos d\u00edas es la voz de la Orquesta Org\u00e1nica y que se anim\u00f3 a hacerse cuerpo en milongas de los a\u00f1os 30, la guardia vieja del Tango porte\u00f1o, luego de haber incursionado en el g\u00e9nero hace algunos a\u00f1os junto a compa\u00f1eros que la vida le ha puesto en el camino. En este caso, tuvo la grat\u00edsima compa\u00f1\u00eda de Gonzalo Jes\u00fas, otro eximio guitarrista que al igual que Fredes en el n\u00famero anterior, rebalsaron de acordes cada composici\u00f3n interpretada. Abri\u00f3 su set con \u201cVentarr\u00f3n\u201d y luego le dio paso a \u201cGorda\u201d y su querida \u201cBaldosa floja\u201d, para cerrar luego de uno 40 minutos de show con \u201cPedacito de cielo\u201d.<\/p>\n<p>Otra gran noche de Tango que sobrevivi\u00f3 al crudo fr\u00edo de una noche tranquila y colmada de emociones. Ya se prepara la edici\u00f3n del mes de julio con algunos ingredientes que se sumar\u00e1n a cada noche: concurso de canto buscando y premiando al \u201cCantor Bohemio\u201d y tambi\u00e9n, aseguran, concurso de baile con distinciones muy especiales.<\/p>\n<p>Por su parte, Luc\u00eda Capaccio, Directora de Cultura, expres\u00f3 que \u00abes una alegr\u00eda enorme ver que este ciclo sigue siendo un \u00e9xito, que los mercedinos lo hicimos parte de la agenda cultural de la ciudad y que sin duda seguir\u00e1 creciendo\u00bb<\/p>\n<p>Fuente: Prensa Municipal<\/p>\n","protected":false},"excerpt":{"rendered":"<p>El pasado jueves volvi\u00f3 a La Trocha el ciclo Tango en el And\u00e9n que organiza la Direcci\u00f3n de Cultura. Hubo &#8230; <a title=\"El tango volvi\u00f3 al anden de la estaci\u00f3n Trocha\" class=\"read-more\" href=\"https:\/\/www.hoymercedes.com.ar\/principal\/2018\/06\/16\/el-tango-volvio-al-anden-de-la-estacion-trocha\/\" aria-label=\"Leer m\u00e1s sobre El tango volvi\u00f3 al anden de la estaci\u00f3n Trocha\">Leer m\u00e1s<\/a><\/p>\n","protected":false},"author":1,"featured_media":77364,"comment_status":"closed","ping_status":"open","sticky":false,"template":"","format":"standard","meta":{"_monsterinsights_skip_tracking":false,"_monsterinsights_sitenote_active":false,"_monsterinsights_sitenote_note":"","_monsterinsights_sitenote_category":0,"jetpack_post_was_ever_published":false,"_jetpack_newsletter_access":"","_jetpack_dont_email_post_to_subs":false,"_jetpack_newsletter_tier_id":0,"_jetpack_memberships_contains_paywalled_content":false,"_jetpack_memberships_contains_paid_content":false,"footnotes":"","jetpack_publicize_message":"","jetpack_publicize_feature_enabled":true,"jetpack_social_post_already_shared":true,"jetpack_social_options":{"image_generator_settings":{"template":"highway","default_image_id":0,"font":"","enabled":false},"version":2},"_wpas_customize_per_network":false},"categories":[104],"tags":[7805,10,244,10843],"class_list":["post-77363","post","type-post","status-publish","format-standard","has-post-thumbnail","hentry","category-cultura","tag-cultura","tag-mercedes","tag-municipio-2","tag-tango-en-el-anden","generate-columns","tablet-grid-50","mobile-grid-100","grid-parent","grid-50"],"jetpack_publicize_connections":[],"jetpack_featured_media_url":"https:\/\/www.hoymercedes.com.ar\/principal\/wp-content\/uploads\/2018\/06\/16-tango-anden-1.jpeg","wps_subtitle":"Jueves a la noche","jetpack_sharing_enabled":true,"_links":{"self":[{"href":"https:\/\/www.hoymercedes.com.ar\/principal\/wp-json\/wp\/v2\/posts\/77363","targetHints":{"allow":["GET"]}}],"collection":[{"href":"https:\/\/www.hoymercedes.com.ar\/principal\/wp-json\/wp\/v2\/posts"}],"about":[{"href":"https:\/\/www.hoymercedes.com.ar\/principal\/wp-json\/wp\/v2\/types\/post"}],"author":[{"embeddable":true,"href":"https:\/\/www.hoymercedes.com.ar\/principal\/wp-json\/wp\/v2\/users\/1"}],"replies":[{"embeddable":true,"href":"https:\/\/www.hoymercedes.com.ar\/principal\/wp-json\/wp\/v2\/comments?post=77363"}],"version-history":[{"count":0,"href":"https:\/\/www.hoymercedes.com.ar\/principal\/wp-json\/wp\/v2\/posts\/77363\/revisions"}],"wp:featuredmedia":[{"embeddable":true,"href":"https:\/\/www.hoymercedes.com.ar\/principal\/wp-json\/wp\/v2\/media\/77364"}],"wp:attachment":[{"href":"https:\/\/www.hoymercedes.com.ar\/principal\/wp-json\/wp\/v2\/media?parent=77363"}],"wp:term":[{"taxonomy":"category","embeddable":true,"href":"https:\/\/www.hoymercedes.com.ar\/principal\/wp-json\/wp\/v2\/categories?post=77363"},{"taxonomy":"post_tag","embeddable":true,"href":"https:\/\/www.hoymercedes.com.ar\/principal\/wp-json\/wp\/v2\/tags?post=77363"}],"curies":[{"name":"wp","href":"https:\/\/api.w.org\/{rel}","templated":true}]}}