{"id":77399,"date":"2018-06-18T16:17:15","date_gmt":"2018-06-18T19:17:15","guid":{"rendered":"http:\/\/www.hoymercedes.com.ar\/principal\/?p=77399"},"modified":"2018-06-19T11:25:02","modified_gmt":"2018-06-19T14:25:02","slug":"detienen-a-un-comerciante-por-abuso-sexual-y-a-un-martillero-por-estafa","status":"publish","type":"post","link":"https:\/\/www.hoymercedes.com.ar\/principal\/2018\/06\/18\/detienen-a-un-comerciante-por-abuso-sexual-y-a-un-martillero-por-estafa\/","title":{"rendered":"Detienen a un comerciante por abuso sexual y a un martillero por estafa"},"content":{"rendered":"<p><em><strong>Entre jueves y viernes se concretaron dos detenciones poco habituales: un martillero fue arrestado por estafa y ejercicio ilegal de la profesi\u00f3n y un comerciante por abuso sexual. Ambos temas hab\u00edan generado intensos rumores.<\/strong><\/em><\/p>\n<p>El pasado jueves, se llev\u00f3 a cabo la detenci\u00f3n de un martillero p\u00fablico de nuestra ciudad por una causa de \u201cEstafa y ejercicio ilegal de la profesi\u00f3n\u201d. La denuncia la realiz\u00f3 un matrimonio que hab\u00eda realizado la presunta compra de un departamento que nunca les fue entregado, a pesar de haber hecho los dep\u00f3sitos que le fueron solicitados para hacerse del inmueble.<\/p>\n<p>De acuerdo a lo que pudo saberse, el martillero hab\u00eda tomado conocimiento de que un vecino de la ciudad pon\u00eda en venta un departamento c\u00e9ntrico. Con esa informaci\u00f3n se acerc\u00f3 hasta el propietario del inmueble y le solicit\u00f3 la llave del mismo dado que ten\u00eda \u201cinteresados\u201d en efectuar la compra del mismo.<\/p>\n<p>Un matrimonio de la ciudad fue hasta el lugar, lo recorri\u00f3 y efectivamente se interes\u00f3 en efectuar la compra. El martillero les solicit\u00f3 una entrega de 28 mil d\u00f3lares para hacer la reserva, y el matrimonio acept\u00f3. Tiempo despu\u00e9s les solicit\u00f3 otra suma de dinero equivalente.<\/p>\n<p>A pesar del tiempo no se concret\u00f3 la operaci\u00f3n y ante la ausencia de explicaciones concretas y a pesar que el martillero hab\u00eda ratificado ante un escribano la suma de dinero recibida y el objeto, el matrimonio decidi\u00f3 realizar la denuncia. En el marco de la investigaci\u00f3n fue incluso citado el propietario del inmueble, y este en su declaraci\u00f3n se\u00f1al\u00f3 no tener conocimiento de la supuesta venta del departamento del que era due\u00f1o.<\/p>\n<p>Completados una serie de elementos que se requer\u00edan, finalmente el pasado jueves se llev\u00f3 a cabo la detenci\u00f3n del martillero.<\/p>\n<p>La investigaci\u00f3n estuvo a cargo de la UFI N\u00b0 6 y tom\u00f3 intervenci\u00f3n en el pedido de detenci\u00f3n el Juzgado de Garant\u00edas N\u00b0 3. El jueves, finalmente, tras la recopilaci\u00f3n de prueba el sujeto fue detenido por personal policial del Gabinete criminol\u00f3gico de la Comunal Mercedes.<\/p>\n<p>Posteriormente, tambi\u00e9n se pudo determinar que el martillero ten\u00eda una inhabilitaci\u00f3n en su matr\u00edcula que databa del a\u00f1o pasado. Seg\u00fan trascendi\u00f3 podr\u00eda deberse por falta de pago de la misma.<\/p>\n<p>Por lo pronto se encuentra aprehendido, y la defensa podr\u00eda solicitar su excarcelaci\u00f3n durante esta semana.<\/p>\n<p>&nbsp;<\/p>\n<p><strong>Comerciante detenido<\/strong><\/p>\n<p>En tanto el viernes fue detenido un comerciante &#8211; rubro \u00f3ptica &#8211; acusado de abuso sexual agravado. El hecho tom\u00f3 trascendencia la semana pasada cuando se supo que se realizar\u00eda la C\u00e1mara Gesell para determinar la veracidad de los dichos de una ni\u00f1a de 9 a\u00f1os.<\/p>\n<p>Seg\u00fan la denuncia realizada por los padres de la ni\u00f1a, habr\u00eda sido v\u00edctima de un \u2018manoseo\u2019 en momentos de encontrarse en la casa del ahora detenido. A pesar del fuerte hermetismo judicial \u2013para preservar la identidad de la menor- trascendi\u00f3 que el hecho denunciado habr\u00eda acontecido en momentos que la ni\u00f1a estaba en la casa del imputado, padre de una compa\u00f1era de colegio de ella. En ocasi\u00f3n de que el hombre se qued\u00f3 solo con la menor se habr\u00eda producido el abuso, siempre a tenor de lo sostenido por el Ministerio P\u00fablico Fiscal.<\/p>\n<p>Tras el resultado de la C\u00e1mara Gesell y atendiendo el pedido del titular de la UFI 2 y del propio particular damnificado el juez de garant\u00edas orden\u00f3 la detenci\u00f3n.<\/p>\n<p>NdR: Los nombres de los sospechosos no se publican por estar las causas en materia de investigaci\u00f3n.<\/p>\n<p>Colaboraci\u00f3n Yesica Landola<\/p>\n","protected":false},"excerpt":{"rendered":"<p>Entre jueves y viernes se concretaron dos detenciones poco habituales: un martillero fue arrestado por estafa y ejercicio ilegal de &#8230; <a title=\"Detienen a un comerciante por abuso sexual y a un martillero por estafa\" class=\"read-more\" href=\"https:\/\/www.hoymercedes.com.ar\/principal\/2018\/06\/18\/detienen-a-un-comerciante-por-abuso-sexual-y-a-un-martillero-por-estafa\/\" aria-label=\"Leer m\u00e1s sobre Detienen a un comerciante por abuso sexual y a un martillero por estafa\">Leer m\u00e1s<\/a><\/p>\n","protected":false},"author":1,"featured_media":70013,"comment_status":"closed","ping_status":"open","sticky":false,"template":"","format":"standard","meta":{"_monsterinsights_skip_tracking":false,"_monsterinsights_sitenote_active":false,"_monsterinsights_sitenote_note":"","_monsterinsights_sitenote_category":0,"jetpack_post_was_ever_published":false,"_jetpack_newsletter_access":"","_jetpack_dont_email_post_to_subs":false,"_jetpack_newsletter_tier_id":0,"_jetpack_memberships_contains_paywalled_content":false,"_jetpack_memberships_contains_paid_content":false,"footnotes":"","jetpack_publicize_message":"","jetpack_publicize_feature_enabled":true,"jetpack_social_post_already_shared":true,"jetpack_social_options":{"image_generator_settings":{"template":"highway","default_image_id":0,"font":"","enabled":false},"version":2},"_wpas_customize_per_network":false},"categories":[85],"tags":[215,10,3457],"class_list":["post-77399","post","type-post","status-publish","format-standard","has-post-thumbnail","hentry","category-policial","tag-detenciones","tag-mercedes","tag-policiales","generate-columns","tablet-grid-50","mobile-grid-100","grid-parent","grid-50"],"jetpack_publicize_connections":[],"jetpack_featured_media_url":"https:\/\/www.hoymercedes.com.ar\/principal\/wp-content\/uploads\/2017\/11\/Policia-Moviles-.jpg","wps_subtitle":"Policiales locales","jetpack_sharing_enabled":true,"_links":{"self":[{"href":"https:\/\/www.hoymercedes.com.ar\/principal\/wp-json\/wp\/v2\/posts\/77399","targetHints":{"allow":["GET"]}}],"collection":[{"href":"https:\/\/www.hoymercedes.com.ar\/principal\/wp-json\/wp\/v2\/posts"}],"about":[{"href":"https:\/\/www.hoymercedes.com.ar\/principal\/wp-json\/wp\/v2\/types\/post"}],"author":[{"embeddable":true,"href":"https:\/\/www.hoymercedes.com.ar\/principal\/wp-json\/wp\/v2\/users\/1"}],"replies":[{"embeddable":true,"href":"https:\/\/www.hoymercedes.com.ar\/principal\/wp-json\/wp\/v2\/comments?post=77399"}],"version-history":[{"count":0,"href":"https:\/\/www.hoymercedes.com.ar\/principal\/wp-json\/wp\/v2\/posts\/77399\/revisions"}],"wp:featuredmedia":[{"embeddable":true,"href":"https:\/\/www.hoymercedes.com.ar\/principal\/wp-json\/wp\/v2\/media\/70013"}],"wp:attachment":[{"href":"https:\/\/www.hoymercedes.com.ar\/principal\/wp-json\/wp\/v2\/media?parent=77399"}],"wp:term":[{"taxonomy":"category","embeddable":true,"href":"https:\/\/www.hoymercedes.com.ar\/principal\/wp-json\/wp\/v2\/categories?post=77399"},{"taxonomy":"post_tag","embeddable":true,"href":"https:\/\/www.hoymercedes.com.ar\/principal\/wp-json\/wp\/v2\/tags?post=77399"}],"curies":[{"name":"wp","href":"https:\/\/api.w.org\/{rel}","templated":true}]}}