{"id":77466,"date":"2018-06-20T09:40:54","date_gmt":"2018-06-20T12:40:54","guid":{"rendered":"http:\/\/www.hoymercedes.com.ar\/principal\/?p=77466"},"modified":"2018-06-20T10:21:02","modified_gmt":"2018-06-20T13:21:02","slug":"circo-luxor-hara-una-funcion-social-gratuita-este-viernes-en-conjunto-con-desarrollo-social","status":"publish","type":"post","link":"https:\/\/www.hoymercedes.com.ar\/principal\/2018\/06\/20\/circo-luxor-hara-una-funcion-social-gratuita-este-viernes-en-conjunto-con-desarrollo-social\/","title":{"rendered":"Circo Luxor har\u00e1 una funci\u00f3n social gratuita este viernes, en conjunto con Desarrollo Social"},"content":{"rendered":"<figure id=\"attachment_77467\" aria-describedby=\"caption-attachment-77467\" style=\"width: 620px\" class=\"wp-caption aligncenter\"><img loading=\"lazy\" decoding=\"async\" data-attachment-id=\"77467\" data-permalink=\"https:\/\/www.hoymercedes.com.ar\/principal\/2018\/06\/20\/circo-luxor-hara-una-funcion-social-gratuita-este-viernes-en-conjunto-con-desarrollo-social\/circo\/#main\" data-orig-file=\"https:\/\/www.hoymercedes.com.ar\/principal\/wp-content\/uploads\/2018\/06\/circo.jpeg\" data-orig-size=\"1280,686\" data-comments-opened=\"0\" data-image-meta=\"{&quot;aperture&quot;:&quot;0&quot;,&quot;credit&quot;:&quot;&quot;,&quot;camera&quot;:&quot;&quot;,&quot;caption&quot;:&quot;&quot;,&quot;created_timestamp&quot;:&quot;0&quot;,&quot;copyright&quot;:&quot;&quot;,&quot;focal_length&quot;:&quot;0&quot;,&quot;iso&quot;:&quot;0&quot;,&quot;shutter_speed&quot;:&quot;0&quot;,&quot;title&quot;:&quot;&quot;,&quot;orientation&quot;:&quot;0&quot;}\" data-image-title=\"circo\" data-image-description=\"\" data-image-caption=\"&lt;p&gt;Funci\u00f3n para los chicos &lt;\/p&gt;\n\" data-large-file=\"https:\/\/www.hoymercedes.com.ar\/principal\/wp-content\/uploads\/2018\/06\/circo-1024x549.jpeg\" class=\"size-medium wp-image-77467\" src=\"https:\/\/www.hoymercedes.com.ar\/principal\/wp-content\/uploads\/2018\/06\/circo-630x338.jpeg\" alt=\"\" width=\"630\" height=\"338\" srcset=\"https:\/\/www.hoymercedes.com.ar\/principal\/wp-content\/uploads\/2018\/06\/circo-630x338.jpeg 630w, https:\/\/www.hoymercedes.com.ar\/principal\/wp-content\/uploads\/2018\/06\/circo-150x80.jpeg 150w, https:\/\/www.hoymercedes.com.ar\/principal\/wp-content\/uploads\/2018\/06\/circo-1024x549.jpeg 1024w, https:\/\/www.hoymercedes.com.ar\/principal\/wp-content\/uploads\/2018\/06\/circo.jpeg 1280w\" sizes=\"auto, (max-width: 630px) 100vw, 630px\" \/><figcaption id=\"caption-attachment-77467\" class=\"wp-caption-text\">Funci\u00f3n para los chicos<\/figcaption><\/figure>\n<p>El pr\u00f3ximo viernes habr\u00e1 una funci\u00f3n especial para los chicos, ser\u00e1 realizada entre el Circo y Desarrollo Social que pondr\u00e1 \u00a0\u00f3mnibus para las zonas m\u00e1s alejadas y rurales buscando sean una vez m\u00e1s los chicos los beneficiados.<\/p>\n<p>El Circo Luxor lleva adelante una serie de funciones con \u00e9xito y en el marco de una de ellas el periodista Juan Manuel Rodr\u00edguez, del medio colega 2324, tuvo la iniciativa de pensar en organizar una funci\u00f3n para que todos los que no tienen posibilidades de llegarse hasta all\u00ed y pagar la entrada puedan contemplar el mismo y valioso espect\u00e1culo que hab\u00eda visto con su familia. Por ello ni bien termin\u00f3 la funci\u00f3n habl\u00f3 con el due\u00f1o del circo que se instal\u00f3 hace unos d\u00edas en avenida 1 entre 2 y 4 y este le dio el visto bueno, as\u00ed que traslad\u00f3 su inquietud a la gente de Desarrollo Social de la comuna que tambi\u00e9n vio con buenos ojos la idea y con el aval del intendente Juan Ignacio Ustarroz esa funci\u00f3n para chicos de los barros, ancianos y discapacitados ser\u00e1 realidad este viernes.<\/p>\n<p>Una buena noticia con la llegada este circo se ha dado.\u00a0 Se unieron voluntades, hubo acuerdo entre partes y el viernes llevar\u00e1n adelante una funci\u00f3n a beneficio de quienes no pueden asistir por distintos motivos. \u201cYo soy una persona a la que le gusta que la gente vaya al circo. Yo creo que el circo deber\u00eda ser gratis, pero digo esto y mi yerno, mis hijos que son mis socios piensan que estoy loco. Creo que el circo es para toda la familia. Aqu\u00ed Juan Manuel vino con sus hijos y me pregunt\u00f3 qu\u00e9 me parec\u00eda la idea de hacer una funci\u00f3n especial, algo que yo siempre ofrezco para que traigan a los chicos humildes, discapacitados y ancianos. Y el viernes a las 18 horas habr\u00e1 un espect\u00e1culo especial para quien no pueden pagar las entradas. Hay 600 entradas para que todos vengan. El circo tiene las puertas abiertas\u201d, indic\u00f3 Carlos Dante, propietario de Luxor.<\/p>\n<p>El municipio a trav\u00e9s de Desarrollo social trabaja en esto, de manera conjunta. \u201cNos pusimos en contacto con Juan Manuel y con Dante. El intendente ten\u00eda la iniciativa de llevar a los chicos de los barrios y a trav\u00e9s de Desarrollo Social llevaremos adelante esto\u201d, indicaron desde la cartera. \u201cNos dijeron que el circo es excelente, hay mucha gente que no puede acceder y no se les hace f\u00e1cil en la situaci\u00f3n actual. Nosotros en Desarrollo Social estamos cubriendo necesidades y en conjunto con el presidente de la Sociedad de Fomento nos organizaremos y haremos llegar entradas a todos los barrios\u201d, anunciaron.<\/p>\n<p>No deber\u00eda ser un lujo ir al circo, pero en los tiempos que corren para muchos lo es. \u201cNos toma de sorpresa esto, agradecemos a Dante y a los chicos de Desarrollo Social. Vivimos un momento muy dif\u00edcil y valoramos esta actitud. Hay que llegar a la gente de las barriadas y vamos a hacerlo\u201d, destac\u00f3 Carlos Romero, presidente de la Federaci\u00f3n de Sociedades de Fomento.<\/p>\n<p>En tanto, Juan Manuel Rodr\u00edguez destac\u00f3 sobre c\u00f3mo se dio todo: \u201cVi a Dante agarrar el micr\u00f3fono, se le escapo una l\u00e1grima. Vi que es una persona sensible, accesible y me pareci\u00f3 una muy buena idea que los chicos que no vieron el circo o lo han visto poco puedan hacerlo. Ni bien le golpee la puerta me dijo que s\u00ed. Me lleg\u00f3 mucho cuando dijo que el circo no tiene violencia ni se compara con lo que pasa en el pa\u00eds. Es otra cosa, es algo lindo, y me gust\u00f3 ver la alegr\u00eda de mis hijos que pueden tener todos los dem\u00e1s chicos\u201d.<\/p>\n<p>&nbsp;<\/p>\n<p>La funci\u00f3n, entonces, ser\u00e1 el viernes 22 a las 18 horas. La comuna pondr\u00e1 sus \u00f3mnibus para las zonas m\u00e1s alejadas y rurales, con la idea de que los barrios cercanos lleguen por sus propios medios.<\/p>\n<p>Las funciones del circo continuar\u00e1n en Mercedes y luego se ir\u00e1n a Pilar, al shopping de Wallmart. \u201cYo puse el circo para lograr a tener a mis hijos conmigo. Estaremos todo el fin de semana antes de irnos a Pilar, donde haremos vacaciones de invierno\u201d, indic\u00f3 Dante y se mostr\u00f3 agradecido por quienes hacen \u201calgo por el otro\u201d: \u201cEl circo tiene eso, tiene magia, podemos pasar bien un momento, y agradezco a quienes trabajan y al intendente que se ha interesado, porque ayudar a la gente y traerla es muy bueno. Que se acerquen y piensen en los otros es muy importante, reconforta, es grandeza y el espect\u00e1culo ser\u00e1 gratuito. Tenemos un circo y queremos que la gente venga y disfrute. Los que pueden pagar y los que no\u201d, complet\u00f3 Carlos Dante, y dej\u00f3 en claro que son 40 las personas que trabajan en el emprendimiento circense que comanda.<\/p>\n","protected":false},"excerpt":{"rendered":"<p>El pr\u00f3ximo viernes habr\u00e1 una funci\u00f3n especial para los chicos, ser\u00e1 realizada entre el Circo y Desarrollo Social que pondr\u00e1 &#8230; <a title=\"Circo Luxor har\u00e1 una funci\u00f3n social gratuita este viernes, en conjunto con Desarrollo Social\" class=\"read-more\" href=\"https:\/\/www.hoymercedes.com.ar\/principal\/2018\/06\/20\/circo-luxor-hara-una-funcion-social-gratuita-este-viernes-en-conjunto-con-desarrollo-social\/\" aria-label=\"Leer m\u00e1s sobre Circo Luxor har\u00e1 una funci\u00f3n social gratuita este viernes, en conjunto con Desarrollo Social\">Leer m\u00e1s<\/a><\/p>\n","protected":false},"author":1,"featured_media":77467,"comment_status":"closed","ping_status":"open","sticky":false,"template":"","format":"standard","meta":{"_monsterinsights_skip_tracking":false,"_monsterinsights_sitenote_active":false,"_monsterinsights_sitenote_note":"","_monsterinsights_sitenote_category":0,"jetpack_post_was_ever_published":false,"_jetpack_newsletter_access":"","_jetpack_dont_email_post_to_subs":false,"_jetpack_newsletter_tier_id":0,"_jetpack_memberships_contains_paywalled_content":false,"_jetpack_memberships_contains_paid_content":false,"footnotes":"","jetpack_publicize_message":"","jetpack_publicize_feature_enabled":true,"jetpack_social_post_already_shared":true,"jetpack_social_options":{"image_generator_settings":{"template":"highway","default_image_id":0,"font":"","enabled":false},"version":2},"_wpas_customize_per_network":false},"categories":[30],"tags":[13315,870,13317,244],"class_list":["post-77466","post","type-post","status-publish","format-standard","has-post-thumbnail","hentry","category-municipio","tag-circo-luxor","tag-desarrollo-social","tag-funcion-a-beneficio","tag-municipio-2","generate-columns","tablet-grid-50","mobile-grid-100","grid-parent","grid-50"],"jetpack_publicize_connections":[],"jetpack_featured_media_url":"https:\/\/www.hoymercedes.com.ar\/principal\/wp-content\/uploads\/2018\/06\/circo.jpeg","wps_subtitle":"Beneficio social","jetpack_sharing_enabled":true,"_links":{"self":[{"href":"https:\/\/www.hoymercedes.com.ar\/principal\/wp-json\/wp\/v2\/posts\/77466","targetHints":{"allow":["GET"]}}],"collection":[{"href":"https:\/\/www.hoymercedes.com.ar\/principal\/wp-json\/wp\/v2\/posts"}],"about":[{"href":"https:\/\/www.hoymercedes.com.ar\/principal\/wp-json\/wp\/v2\/types\/post"}],"author":[{"embeddable":true,"href":"https:\/\/www.hoymercedes.com.ar\/principal\/wp-json\/wp\/v2\/users\/1"}],"replies":[{"embeddable":true,"href":"https:\/\/www.hoymercedes.com.ar\/principal\/wp-json\/wp\/v2\/comments?post=77466"}],"version-history":[{"count":0,"href":"https:\/\/www.hoymercedes.com.ar\/principal\/wp-json\/wp\/v2\/posts\/77466\/revisions"}],"wp:featuredmedia":[{"embeddable":true,"href":"https:\/\/www.hoymercedes.com.ar\/principal\/wp-json\/wp\/v2\/media\/77467"}],"wp:attachment":[{"href":"https:\/\/www.hoymercedes.com.ar\/principal\/wp-json\/wp\/v2\/media?parent=77466"}],"wp:term":[{"taxonomy":"category","embeddable":true,"href":"https:\/\/www.hoymercedes.com.ar\/principal\/wp-json\/wp\/v2\/categories?post=77466"},{"taxonomy":"post_tag","embeddable":true,"href":"https:\/\/www.hoymercedes.com.ar\/principal\/wp-json\/wp\/v2\/tags?post=77466"}],"curies":[{"name":"wp","href":"https:\/\/api.w.org\/{rel}","templated":true}]}}