{"id":77469,"date":"2018-06-20T10:20:39","date_gmt":"2018-06-20T13:20:39","guid":{"rendered":"http:\/\/www.hoymercedes.com.ar\/principal\/?p=77469"},"modified":"2018-06-20T10:18:25","modified_gmt":"2018-06-20T13:18:25","slug":"detienen-en-s-a-de-giles-a-joven-acusado-de-violacion-en-suipacha","status":"publish","type":"post","link":"https:\/\/www.hoymercedes.com.ar\/principal\/2018\/06\/20\/detienen-en-s-a-de-giles-a-joven-acusado-de-violacion-en-suipacha\/","title":{"rendered":"Detienen en S.A. de Giles a joven acusado de violaci\u00f3n en Suipacha"},"content":{"rendered":"<p>D\u00edas atr\u00e1s se detuvo en la ciudad de San Andr\u00e9s de Giles a un joven de dicha localidad, empleado de una agencia de remis, acusado de haber cometido un abuso en la ciudad de Suipacha. El joven gilense est\u00e1 acusado de ser el autor de un abuso sexual sobre una joven suipachense de 18 a\u00f1os con retraso madurativo. El hecho se produjo en la madrugada del s\u00e1bado pasado.<\/p>\n<p>En la informaci\u00f3n provista\u00a0por el Comisario Guillermo Ayala, a cargo de la comisar\u00eda de Suipacha, se asegura que el joven remisero de San Andr\u00e9s de Giles le solicit\u00f3 al due\u00f1o de la remiser\u00eda un auto para dirigirse a la ciudad de Suipacha, \u00abDijo que junto a un amigo deb\u00eda trabajar en un boliche pasando m\u00fasica. Al terminar la noche el acusado se retir\u00f3 en compa\u00f1\u00eda de su amigo y a las pocas cuadras levant\u00f3 a la joven de 18 a\u00f1os que presenta retraso madurativo\u201d, explic\u00f3 el Comisario.<\/p>\n<p>Luego habr\u00eda\u00a0abusado de la joven, dej\u00e1ndola abandonada. \u00abTomamos conocimiento a ra\u00edz de la denuncia que radic\u00f3 la vecina y relat\u00f3 que en el auto se movilizaba la persona que hab\u00eda pasado m\u00fasica en un lugar bailable. A ra\u00edz de las investigaciones se pudo establecer la identidad del autor del hecho y detenerlo horas m\u00e1s tarde\u201d, agreg\u00f3 el Comisario de Suipacha que identific\u00f3 al detenido como Bagnasco.<\/p>\n<p>Fuente: FM Vall (San Andr\u00e9s de Giles) y La Raz\u00f3n de Chivilcoy<\/p>\n<p>&nbsp;<\/p>\n","protected":false},"excerpt":{"rendered":"<p>D\u00edas atr\u00e1s se detuvo en la ciudad de San Andr\u00e9s de Giles a un joven de dicha localidad, empleado de &#8230; <a title=\"Detienen en S.A. de Giles a joven acusado de violaci\u00f3n en Suipacha\" class=\"read-more\" href=\"https:\/\/www.hoymercedes.com.ar\/principal\/2018\/06\/20\/detienen-en-s-a-de-giles-a-joven-acusado-de-violacion-en-suipacha\/\" aria-label=\"Leer m\u00e1s sobre Detienen en S.A. de Giles a joven acusado de violaci\u00f3n en Suipacha\">Leer m\u00e1s<\/a><\/p>\n","protected":false},"author":1,"featured_media":63068,"comment_status":"closed","ping_status":"open","sticky":false,"template":"","format":"standard","meta":{"_monsterinsights_skip_tracking":false,"_monsterinsights_sitenote_active":false,"_monsterinsights_sitenote_note":"","_monsterinsights_sitenote_category":0,"jetpack_post_was_ever_published":false,"_jetpack_newsletter_access":"","_jetpack_dont_email_post_to_subs":false,"_jetpack_newsletter_tier_id":0,"_jetpack_memberships_contains_paywalled_content":false,"_jetpack_memberships_contains_paid_content":false,"footnotes":"","jetpack_publicize_message":"","jetpack_publicize_feature_enabled":true,"jetpack_social_post_already_shared":true,"jetpack_social_options":{"image_generator_settings":{"template":"highway","default_image_id":0,"font":"","enabled":false},"version":2},"_wpas_customize_per_network":false},"categories":[85],"tags":[5797,10352,96,1803,9322,2123,559],"class_list":["post-77469","post","type-post","status-publish","format-standard","has-post-thumbnail","hentry","category-policial","tag-abuso-sexual","tag-detencion","tag-policial-2","tag-provincia","tag-region","tag-san-andres-de-giles","tag-suipacha","generate-columns","tablet-grid-50","mobile-grid-100","grid-parent","grid-50"],"jetpack_publicize_connections":[],"jetpack_featured_media_url":"https:\/\/www.hoymercedes.com.ar\/principal\/wp-content\/uploads\/2017\/05\/24-movil-policia-2017.jpg","wps_subtitle":"Regional","jetpack_sharing_enabled":true,"_links":{"self":[{"href":"https:\/\/www.hoymercedes.com.ar\/principal\/wp-json\/wp\/v2\/posts\/77469","targetHints":{"allow":["GET"]}}],"collection":[{"href":"https:\/\/www.hoymercedes.com.ar\/principal\/wp-json\/wp\/v2\/posts"}],"about":[{"href":"https:\/\/www.hoymercedes.com.ar\/principal\/wp-json\/wp\/v2\/types\/post"}],"author":[{"embeddable":true,"href":"https:\/\/www.hoymercedes.com.ar\/principal\/wp-json\/wp\/v2\/users\/1"}],"replies":[{"embeddable":true,"href":"https:\/\/www.hoymercedes.com.ar\/principal\/wp-json\/wp\/v2\/comments?post=77469"}],"version-history":[{"count":0,"href":"https:\/\/www.hoymercedes.com.ar\/principal\/wp-json\/wp\/v2\/posts\/77469\/revisions"}],"wp:featuredmedia":[{"embeddable":true,"href":"https:\/\/www.hoymercedes.com.ar\/principal\/wp-json\/wp\/v2\/media\/63068"}],"wp:attachment":[{"href":"https:\/\/www.hoymercedes.com.ar\/principal\/wp-json\/wp\/v2\/media?parent=77469"}],"wp:term":[{"taxonomy":"category","embeddable":true,"href":"https:\/\/www.hoymercedes.com.ar\/principal\/wp-json\/wp\/v2\/categories?post=77469"},{"taxonomy":"post_tag","embeddable":true,"href":"https:\/\/www.hoymercedes.com.ar\/principal\/wp-json\/wp\/v2\/tags?post=77469"}],"curies":[{"name":"wp","href":"https:\/\/api.w.org\/{rel}","templated":true}]}}