{"id":7752,"date":"2011-09-29T11:35:27","date_gmt":"2011-09-29T11:35:27","guid":{"rendered":"http:\/\/www.hoymercedes.com.ar\/principal\/?p=7752"},"modified":"2011-09-29T11:35:27","modified_gmt":"2011-09-29T11:35:27","slug":"elida-sainz-y-las-propuestas-del-frente-popular-en-materia-educacional","status":"publish","type":"post","link":"https:\/\/www.hoymercedes.com.ar\/principal\/2011\/09\/29\/elida-sainz-y-las-propuestas-del-frente-popular-en-materia-educacional\/","title":{"rendered":"Elida Sainz y las propuestas del Frente Popular en materia educacional"},"content":{"rendered":"<p>Por estos d\u00edas pre-comiciales es corriente que los distintos partido, frentes, alianzas, etc., difundan cu\u00e1les habr\u00e1n de ser sus proyectos en el caso de acceder al gobierno municipal, al Concejo deliberante o Consejo Escolar. A fin de conocer los que propone el FRENTE POPULAR, lista que encabeza como candidato a Intendente municipal el se\u00f1or Juan Carlos Benitez, recogimos parte de una entrevista realizada a la se\u00f1ora ELIDA BEATRIZ SAINZ, candidata a consejera escolar, en primer t\u00e9rmino, de dicho sector.<\/p>\n<p>La entrevistada es docente, ha sido directora de las Escuelas n\u00ba 8 y 1, inspectora seccional, ex directora de educaci\u00f3n de la Municipalidad de San Antonio de Areco y milita en las huestes de la Agrupaci\u00f3n Peronista \u201cUnidad y Lealtad\u201d.<\/p>\n<p>\u201cSi algo nos preocupa es la cuesti\u00f3n social vinculada a la educaci\u00f3n. De nuestra parte impulsaremos en el Consejo Escolar diversos programas de Educaci\u00f3n para la salud que, primeramente, consistir\u00e1n en relevamientos vinculados a la alimentaci\u00f3n, talla y peso de los ni\u00f1os, salud bucal y los cumplimientos de las vacunas acordes a las edades de los educandos y luego emprenderemos las medidas m\u00e1s acordes en los diferentes casos\u201d.<\/p>\n<p>Adem\u00e1s de los relevamientos enumerados, habr\u00e1 programas preventivos en materia de adicciones y educaci\u00f3n vial.<\/p>\n<p>\u201cOtro aspecto \u2013 se\u00f1al\u00f3 la candidata a consejera escolar \u2013 propondremos alternativas de acci\u00f3n intersectorial en los casos de inasistencias reiteradas de alumnos, inasistencias injustificadas y deserci\u00f3n escolar, relevamientos que hoy por hoy no se cuenta\u201d.<\/p>\n<p>\u201cNo por dicho y reiterado \u2013 afirm\u00f3 la se\u00f1ora Elida Sainz \u2013 nos interesa acercar la educaci\u00f3n p\u00fablica de variados niveles a barrios de los que actualmente se carece. La ciudad se ha expandido y en tal aspecto la construcci\u00f3n de nuevos establecimientos no ha acompa\u00f1ado el ritmo de desarrollo de la ciudad\u201d.<\/p>\n<p>En lo concerniente al aspecto de gesti\u00f3n institucional y funcionamiento del Consejo Escolar \u2013 afirm\u00f3 la docente \u2013 \u201chabr\u00e9 de impulsar que directivos, docentes, auxiliares, padres, etc., conozcan anticipadamente los d\u00edas y horarios de realizaci\u00f3n de las sesiones ordinarias, porque si bien son de car\u00e1cter p\u00fablico no se tiene cabal conocimiento de sus realizaciones. Igualmente propondr\u00e9 efectivizar las Comisiones Pre-adjudicatarias de las licitaciones del servicio alimentario\u201d.<\/p>\n<p>\u201cPor \u00faltimo \u2013se\u00f1al\u00f3 ante los micr\u00f3fonos de radio Ciudad- quiero constituirme en una suerte de receptora, vocera y trasmisora de la problem\u00e1tica que poseen los miembros de la comunidad educativa y as\u00ed poder actuar, gestionar y elaborar proyectos en consecuencia\u201d.<\/p>\n","protected":false},"excerpt":{"rendered":"<p>Por estos d\u00edas pre-comiciales es corriente que los distintos partido, frentes, alianzas, etc., difundan cu\u00e1les habr\u00e1n de ser sus proyectos &#8230; <a title=\"Elida Sainz y las propuestas del Frente Popular en materia educacional\" class=\"read-more\" href=\"https:\/\/www.hoymercedes.com.ar\/principal\/2011\/09\/29\/elida-sainz-y-las-propuestas-del-frente-popular-en-materia-educacional\/\" aria-label=\"Leer m\u00e1s sobre Elida Sainz y las propuestas del Frente Popular en materia educacional\">Leer m\u00e1s<\/a><\/p>\n","protected":false},"author":1,"featured_media":0,"comment_status":"open","ping_status":"open","sticky":false,"template":"","format":"standard","meta":{"_monsterinsights_skip_tracking":false,"_monsterinsights_sitenote_active":false,"_monsterinsights_sitenote_note":"","_monsterinsights_sitenote_category":0,"jetpack_post_was_ever_published":false,"_jetpack_newsletter_access":"","_jetpack_dont_email_post_to_subs":false,"_jetpack_newsletter_tier_id":0,"_jetpack_memberships_contains_paywalled_content":false,"_jetpack_memberships_contains_paid_content":false,"footnotes":"","jetpack_publicize_message":"","jetpack_publicize_feature_enabled":true,"jetpack_social_post_already_shared":false,"jetpack_social_options":{"image_generator_settings":{"template":"highway","default_image_id":0,"font":"","enabled":false},"version":2},"_wpas_customize_per_network":false},"categories":[5],"tags":[1166],"class_list":["post-7752","post","type-post","status-publish","format-standard","hentry","category-politica","tag-frente-popular","generate-columns","tablet-grid-50","mobile-grid-100","grid-parent","grid-50"],"jetpack_publicize_connections":[],"jetpack_featured_media_url":"","wps_subtitle":"","jetpack_sharing_enabled":true,"_links":{"self":[{"href":"https:\/\/www.hoymercedes.com.ar\/principal\/wp-json\/wp\/v2\/posts\/7752","targetHints":{"allow":["GET"]}}],"collection":[{"href":"https:\/\/www.hoymercedes.com.ar\/principal\/wp-json\/wp\/v2\/posts"}],"about":[{"href":"https:\/\/www.hoymercedes.com.ar\/principal\/wp-json\/wp\/v2\/types\/post"}],"author":[{"embeddable":true,"href":"https:\/\/www.hoymercedes.com.ar\/principal\/wp-json\/wp\/v2\/users\/1"}],"replies":[{"embeddable":true,"href":"https:\/\/www.hoymercedes.com.ar\/principal\/wp-json\/wp\/v2\/comments?post=7752"}],"version-history":[{"count":0,"href":"https:\/\/www.hoymercedes.com.ar\/principal\/wp-json\/wp\/v2\/posts\/7752\/revisions"}],"wp:attachment":[{"href":"https:\/\/www.hoymercedes.com.ar\/principal\/wp-json\/wp\/v2\/media?parent=7752"}],"wp:term":[{"taxonomy":"category","embeddable":true,"href":"https:\/\/www.hoymercedes.com.ar\/principal\/wp-json\/wp\/v2\/categories?post=7752"},{"taxonomy":"post_tag","embeddable":true,"href":"https:\/\/www.hoymercedes.com.ar\/principal\/wp-json\/wp\/v2\/tags?post=7752"}],"curies":[{"name":"wp","href":"https:\/\/api.w.org\/{rel}","templated":true}]}}