{"id":77524,"date":"2018-06-21T17:17:52","date_gmt":"2018-06-21T20:17:52","guid":{"rendered":"http:\/\/www.hoymercedes.com.ar\/principal\/?p=77524"},"modified":"2018-06-21T09:41:23","modified_gmt":"2018-06-21T12:41:23","slug":"spal-quiere-contratar-a-matias-silvestre","status":"publish","type":"post","link":"https:\/\/www.hoymercedes.com.ar\/principal\/2018\/06\/21\/spal-quiere-contratar-a-matias-silvestre\/","title":{"rendered":"SPAL quiere contratar a Mat\u00edas Silvestre"},"content":{"rendered":"<p><strong>es.besoccer.com<\/strong> El SPAL no quiere pecar de poco ambicioso. Una vez conseguido el\u00a0objetivo primordial\u00a0de mantenerse en la Serie A, el conjunto entrenado por Leonardo Semplici ya planifica la plantilla de la pr\u00f3xima campa\u00f1a 2018-19 para igualar o, incluso, mejorar los registros de la actual.<\/p>\n<p><img loading=\"lazy\" decoding=\"async\" data-attachment-id=\"72978\" data-permalink=\"https:\/\/www.hoymercedes.com.ar\/principal\/2018\/02\/28\/matias-silvestre-marco-un-gol-a-favor-y-otro-en-contra-en-la-victoria-de-sampdora-video\/matias-silvestre-sampdoria-5\/#main\" data-orig-file=\"https:\/\/www.hoymercedes.com.ar\/principal\/wp-content\/uploads\/2018\/02\/Matias-Silvestre-Sampdoria-5.jpg\" data-orig-size=\"696,391\" data-comments-opened=\"0\" data-image-meta=\"{&quot;aperture&quot;:&quot;0&quot;,&quot;credit&quot;:&quot;&quot;,&quot;camera&quot;:&quot;&quot;,&quot;caption&quot;:&quot;&quot;,&quot;created_timestamp&quot;:&quot;0&quot;,&quot;copyright&quot;:&quot;&quot;,&quot;focal_length&quot;:&quot;0&quot;,&quot;iso&quot;:&quot;0&quot;,&quot;shutter_speed&quot;:&quot;0&quot;,&quot;title&quot;:&quot;&quot;,&quot;orientation&quot;:&quot;0&quot;}\" data-image-title=\"Matias Silvestre Sampdoria 5\" data-image-description=\"\" data-image-caption=\"\" data-large-file=\"https:\/\/www.hoymercedes.com.ar\/principal\/wp-content\/uploads\/2018\/02\/Matias-Silvestre-Sampdoria-5.jpg\" class=\"aligncenter size-medium wp-image-72978\" src=\"https:\/\/www.hoymercedes.com.ar\/principal\/wp-content\/uploads\/2018\/02\/Matias-Silvestre-Sampdoria-5-630x354.jpg\" alt=\"\" width=\"630\" height=\"354\" srcset=\"https:\/\/www.hoymercedes.com.ar\/principal\/wp-content\/uploads\/2018\/02\/Matias-Silvestre-Sampdoria-5-630x354.jpg 630w, https:\/\/www.hoymercedes.com.ar\/principal\/wp-content\/uploads\/2018\/02\/Matias-Silvestre-Sampdoria-5-150x84.jpg 150w, https:\/\/www.hoymercedes.com.ar\/principal\/wp-content\/uploads\/2018\/02\/Matias-Silvestre-Sampdoria-5.jpg 696w\" sizes=\"auto, (max-width: 630px) 100vw, 630px\" \/><\/p>\n<p>El cuadro italiano est\u00e1 muy metido en el mercado a estas alturas. Seg\u00fan &#8216;Sky Sport&#8217;, el club blanquiazul est\u00e1 en\u00a0conversaciones con la Sampdoria\u00a0para la llegada de Mat\u00edas Silvestre que, con la llegada de\u00a0Colley y Andersen, podr\u00eda gozar de muy pocos minutos.<\/p>\n<p>El zaguero argentino no ver\u00eda con malos ojos su salida al SPAL, que quiere contar con su\u00a0veteran\u00eda\u00a0para la defensa.<\/p>\n","protected":false},"excerpt":{"rendered":"<p>es.besoccer.com El SPAL no quiere pecar de poco ambicioso. Una vez conseguido el\u00a0objetivo primordial\u00a0de mantenerse en la Serie A, el &#8230; <a title=\"SPAL quiere contratar a Mat\u00edas Silvestre\" class=\"read-more\" href=\"https:\/\/www.hoymercedes.com.ar\/principal\/2018\/06\/21\/spal-quiere-contratar-a-matias-silvestre\/\" aria-label=\"Leer m\u00e1s sobre SPAL quiere contratar a Mat\u00edas Silvestre\">Leer m\u00e1s<\/a><\/p>\n","protected":false},"author":1,"featured_media":72978,"comment_status":"closed","ping_status":"open","sticky":false,"template":"","format":"standard","meta":{"_monsterinsights_skip_tracking":false,"_monsterinsights_sitenote_active":false,"_monsterinsights_sitenote_note":"","_monsterinsights_sitenote_category":0,"jetpack_post_was_ever_published":false,"_jetpack_newsletter_access":"","_jetpack_dont_email_post_to_subs":false,"_jetpack_newsletter_tier_id":0,"_jetpack_memberships_contains_paywalled_content":false,"_jetpack_memberships_contains_paid_content":false,"footnotes":"","jetpack_publicize_message":"","jetpack_publicize_feature_enabled":true,"jetpack_social_post_already_shared":true,"jetpack_social_options":{"image_generator_settings":{"template":"highway","default_image_id":0,"font":"","enabled":false},"version":2},"_wpas_customize_per_network":false},"categories":[21],"tags":[204,1003,7582,753,13325],"class_list":["post-77524","post","type-post","status-publish","format-standard","has-post-thumbnail","hentry","category-deportes","tag-deportes-2","tag-futbol","tag-la-legion","tag-matias-silvestre","tag-spal","generate-columns","tablet-grid-50","mobile-grid-100","grid-parent","grid-50"],"jetpack_publicize_connections":[],"jetpack_featured_media_url":"https:\/\/www.hoymercedes.com.ar\/principal\/wp-content\/uploads\/2018\/02\/Matias-Silvestre-Sampdoria-5.jpg","wps_subtitle":"La Legi\u00f3n","jetpack_sharing_enabled":true,"_links":{"self":[{"href":"https:\/\/www.hoymercedes.com.ar\/principal\/wp-json\/wp\/v2\/posts\/77524","targetHints":{"allow":["GET"]}}],"collection":[{"href":"https:\/\/www.hoymercedes.com.ar\/principal\/wp-json\/wp\/v2\/posts"}],"about":[{"href":"https:\/\/www.hoymercedes.com.ar\/principal\/wp-json\/wp\/v2\/types\/post"}],"author":[{"embeddable":true,"href":"https:\/\/www.hoymercedes.com.ar\/principal\/wp-json\/wp\/v2\/users\/1"}],"replies":[{"embeddable":true,"href":"https:\/\/www.hoymercedes.com.ar\/principal\/wp-json\/wp\/v2\/comments?post=77524"}],"version-history":[{"count":0,"href":"https:\/\/www.hoymercedes.com.ar\/principal\/wp-json\/wp\/v2\/posts\/77524\/revisions"}],"wp:featuredmedia":[{"embeddable":true,"href":"https:\/\/www.hoymercedes.com.ar\/principal\/wp-json\/wp\/v2\/media\/72978"}],"wp:attachment":[{"href":"https:\/\/www.hoymercedes.com.ar\/principal\/wp-json\/wp\/v2\/media?parent=77524"}],"wp:term":[{"taxonomy":"category","embeddable":true,"href":"https:\/\/www.hoymercedes.com.ar\/principal\/wp-json\/wp\/v2\/categories?post=77524"},{"taxonomy":"post_tag","embeddable":true,"href":"https:\/\/www.hoymercedes.com.ar\/principal\/wp-json\/wp\/v2\/tags?post=77524"}],"curies":[{"name":"wp","href":"https:\/\/api.w.org\/{rel}","templated":true}]}}