{"id":77534,"date":"2018-06-20T22:28:00","date_gmt":"2018-06-21T01:28:00","guid":{"rendered":"http:\/\/www.hoymercedes.com.ar\/principal\/?p=77534"},"modified":"2018-06-21T09:46:27","modified_gmt":"2018-06-21T12:46:27","slug":"siniestro-vial-en-ruta-41-termina-con-la-vida-de-un-jugador-de-el-fronton-de-s-a-de-giles","status":"publish","type":"post","link":"https:\/\/www.hoymercedes.com.ar\/principal\/2018\/06\/20\/siniestro-vial-en-ruta-41-termina-con-la-vida-de-un-jugador-de-el-fronton-de-s-a-de-giles\/","title":{"rendered":"Siniestro vial en Ruta 41 termina con la vida de un jugador de El Front\u00f3n de S.A. de Giles"},"content":{"rendered":"<p>En horas de la ma\u00f1ana de este mi\u00e9rcoles 20 de junio, se produjo un siniestro vial en la Ruta Provincial N\u00b0 41 km 275. En el siniestro perdi\u00f3 la vida el jugador de f\u00fatbol Mat\u00edas \u00abChetita\u00bb Caserez (21 a\u00f1os). Su veh\u00edculo volc\u00f3\u00a0cuando se trasladaba hacia San Antonio de Areco. El joven sali\u00f3 despedido de su Ford Escort.<\/p>\n<p>A\u00fan no se sabe cu\u00e1les fueron las causas del vuelco\u00a0de\u00a0este veh\u00edculo. La causa est\u00e1 caratulada como averiguaciones causales\u00a0de\u00a0muertes.<\/p>\n<p>Polic\u00eda\u00a0de\u00a0SanAntonio\u00a0de\u00a0Areco, tom\u00f3 conocimiento en la ma\u00f1ana del mi\u00e9rcoles -a trav\u00e9s de\u00a0un llamado telef\u00f3nico-\u00a0de\u00a0un vuelco\u00a0de\u00a0un autom\u00f3vil Ford Escort color blanco en Ruta 41 km 275.<\/p>\n<p>El mismo era conducido por Caserez Mat\u00edas Gabriel\u00a0de\u00a021 a\u00f1os, domiciliado en la localidad\u00a0de San Andr\u00e9s de Giles. Parte de equipo de f\u00fatbol El Front\u00f3n, club que integra la Liga Mercedina de Futbol. Este joven falleci\u00f3 en el lugar. Ven\u00eda a\u00a0San\u00a0Antonio\u00a0de\u00a0Areco a visitar a un familiar.<\/p>\n<p>Se solicit\u00f3 la presencia\u00a0de Polic\u00eda Cient\u00edfica. Interviene el Ayudante Fiscal local Dr. Chapounik, quien presente en lugar dispuso la operaci\u00f3n\u00a0de\u00a0autopsia.<\/p>\n<p>&nbsp;<\/p>\n<p>Fuente: Noticias de San Andr\u00e9s de Giles y FM Vall<\/p>\n","protected":false},"excerpt":{"rendered":"<p>En horas de la ma\u00f1ana de este mi\u00e9rcoles 20 de junio, se produjo un siniestro vial en la Ruta Provincial &#8230; <a title=\"Siniestro vial en Ruta 41 termina con la vida de un jugador de El Front\u00f3n de S.A. de Giles\" class=\"read-more\" href=\"https:\/\/www.hoymercedes.com.ar\/principal\/2018\/06\/20\/siniestro-vial-en-ruta-41-termina-con-la-vida-de-un-jugador-de-el-fronton-de-s-a-de-giles\/\" aria-label=\"Leer m\u00e1s sobre Siniestro vial en Ruta 41 termina con la vida de un jugador de El Front\u00f3n de S.A. de Giles\">Leer m\u00e1s<\/a><\/p>\n","protected":false},"author":1,"featured_media":77535,"comment_status":"closed","ping_status":"open","sticky":false,"template":"","format":"standard","meta":{"_monsterinsights_skip_tracking":false,"_monsterinsights_sitenote_active":false,"_monsterinsights_sitenote_note":"","_monsterinsights_sitenote_category":0,"jetpack_post_was_ever_published":false,"_jetpack_newsletter_access":"","_jetpack_dont_email_post_to_subs":false,"_jetpack_newsletter_tier_id":0,"_jetpack_memberships_contains_paywalled_content":false,"_jetpack_memberships_contains_paid_content":false,"footnotes":"","jetpack_publicize_message":"Siniestro vial en Ruta 41 termina con la vida de un jugador de El Front\u00f3n de S.A. de Giles","jetpack_publicize_feature_enabled":true,"jetpack_social_post_already_shared":true,"jetpack_social_options":{"image_generator_settings":{"template":"highway","default_image_id":0,"font":"","enabled":false},"version":2},"_wpas_customize_per_network":false},"categories":[85],"tags":[1812,3457,2670,10395],"class_list":["post-77534","post","type-post","status-publish","format-standard","has-post-thumbnail","hentry","category-policial","tag-el-fronton","tag-policiales","tag-ruta-41","tag-siniestro-vial","generate-columns","tablet-grid-50","mobile-grid-100","grid-parent","grid-50"],"jetpack_publicize_connections":[],"jetpack_featured_media_url":"https:\/\/www.hoymercedes.com.ar\/principal\/wp-content\/uploads\/2018\/06\/20-siniestro-41.jpg","wps_subtitle":"Kil\u00f3metro 275","jetpack_sharing_enabled":true,"_links":{"self":[{"href":"https:\/\/www.hoymercedes.com.ar\/principal\/wp-json\/wp\/v2\/posts\/77534","targetHints":{"allow":["GET"]}}],"collection":[{"href":"https:\/\/www.hoymercedes.com.ar\/principal\/wp-json\/wp\/v2\/posts"}],"about":[{"href":"https:\/\/www.hoymercedes.com.ar\/principal\/wp-json\/wp\/v2\/types\/post"}],"author":[{"embeddable":true,"href":"https:\/\/www.hoymercedes.com.ar\/principal\/wp-json\/wp\/v2\/users\/1"}],"replies":[{"embeddable":true,"href":"https:\/\/www.hoymercedes.com.ar\/principal\/wp-json\/wp\/v2\/comments?post=77534"}],"version-history":[{"count":0,"href":"https:\/\/www.hoymercedes.com.ar\/principal\/wp-json\/wp\/v2\/posts\/77534\/revisions"}],"wp:featuredmedia":[{"embeddable":true,"href":"https:\/\/www.hoymercedes.com.ar\/principal\/wp-json\/wp\/v2\/media\/77535"}],"wp:attachment":[{"href":"https:\/\/www.hoymercedes.com.ar\/principal\/wp-json\/wp\/v2\/media?parent=77534"}],"wp:term":[{"taxonomy":"category","embeddable":true,"href":"https:\/\/www.hoymercedes.com.ar\/principal\/wp-json\/wp\/v2\/categories?post=77534"},{"taxonomy":"post_tag","embeddable":true,"href":"https:\/\/www.hoymercedes.com.ar\/principal\/wp-json\/wp\/v2\/tags?post=77534"}],"curies":[{"name":"wp","href":"https:\/\/api.w.org\/{rel}","templated":true}]}}