{"id":7759,"date":"2011-09-29T11:56:26","date_gmt":"2011-09-29T11:56:26","guid":{"rendered":"http:\/\/www.hoymercedes.com.ar\/principal\/?p=7759"},"modified":"2011-09-29T11:59:22","modified_gmt":"2011-09-29T11:59:22","slug":"ustarroz-gestiona-viaje-a-tecnopolis-para-chicos-de-diferentes-barrios","status":"publish","type":"post","link":"https:\/\/www.hoymercedes.com.ar\/principal\/2011\/09\/29\/ustarroz-gestiona-viaje-a-tecnopolis-para-chicos-de-diferentes-barrios\/","title":{"rendered":"Ustarroz gestiona viaje a Tecnopolis para chicos de diferentes barrios"},"content":{"rendered":"<p><a href=\"https:\/\/www.hoymercedes.com.ar\/principal\/wp-content\/uploads\/2011\/09\/teconopilis-mercedinos.jpg\"><img loading=\"lazy\" decoding=\"async\" data-attachment-id=\"7763\" data-permalink=\"https:\/\/www.hoymercedes.com.ar\/principal\/2011\/09\/29\/ustarroz-gestiona-viaje-a-tecnopolis-para-chicos-de-diferentes-barrios\/teconopilis-mercedinos\/#main\" data-orig-file=\"https:\/\/www.hoymercedes.com.ar\/principal\/wp-content\/uploads\/2011\/09\/teconopilis-mercedinos.jpg\" data-orig-size=\"608,404\" data-comments-opened=\"1\" data-image-meta=\"{&quot;aperture&quot;:&quot;3.8&quot;,&quot;credit&quot;:&quot;&quot;,&quot;camera&quot;:&quot;NIKON D5000&quot;,&quot;caption&quot;:&quot;&quot;,&quot;created_timestamp&quot;:&quot;1251952575&quot;,&quot;copyright&quot;:&quot;&quot;,&quot;focal_length&quot;:&quot;23&quot;,&quot;iso&quot;:&quot;800&quot;,&quot;shutter_speed&quot;:&quot;0.016666666666667&quot;,&quot;title&quot;:&quot;&quot;}\" data-image-title=\"teconopilis-mercedinos\" data-image-description=\"\" data-image-caption=\"\" data-large-file=\"https:\/\/www.hoymercedes.com.ar\/principal\/wp-content\/uploads\/2011\/09\/teconopilis-mercedinos.jpg\" class=\"aligncenter size-full wp-image-7763\" title=\"teconopilis-mercedinos\" src=\"https:\/\/www.hoymercedes.com.ar\/principal\/wp-content\/uploads\/2011\/09\/teconopilis-mercedinos.jpg\" alt=\"\" width=\"608\" height=\"404\" \/><\/a><\/p>\n<p>El pasado viernes viajaron mas de 150 chicos de diferentes barrios de Mercedes viajaron hacia la ciudad futura de Tecnopolis, 60 hectareas donde se pueden distintas atracciones, disfrutar charlas y conferencias sobre ciencia, experimentos y talleres entre otras cosas.<\/p>\n<p>Tres colectivos partieron rumbo a Villa Martelli con los chicos de los barrios Lopardo, Mutti, San Martin, Blandengues, Almafuerte, Esperanza y Trocha, esto se llevo adelante gracias a las gestiones realizadas por el candidato a intendente del Frente Mercedino para la Victoria Juan Ignacio Ustarroz y la comisi\u00f3n de Educacion del Frente Mercedino para la Victoria, recordemos que d\u00edas atr\u00e1s Juani habia compartido junto a la presidenta Cristina Fernandez de Kirchner una reuni\u00f3n en ese mismo lugar y habia hablado con la presidenta sobre la importancia que tenia para los chicos hacer este tipo de visitas educativas.<\/p>\n<p>En un dia de ciencia, arte y tecnolog\u00eda los pibes de Mercedes dijeron presente mirando hacia el futuro.<\/p>\n","protected":false},"excerpt":{"rendered":"<p>El pasado viernes viajaron mas de 150 chicos de diferentes barrios de Mercedes viajaron hacia la ciudad futura de Tecnopolis, &#8230; <a title=\"Ustarroz gestiona viaje a Tecnopolis para chicos de diferentes barrios\" class=\"read-more\" href=\"https:\/\/www.hoymercedes.com.ar\/principal\/2011\/09\/29\/ustarroz-gestiona-viaje-a-tecnopolis-para-chicos-de-diferentes-barrios\/\" aria-label=\"Leer m\u00e1s sobre Ustarroz gestiona viaje a Tecnopolis para chicos de diferentes barrios\">Leer m\u00e1s<\/a><\/p>\n","protected":false},"author":1,"featured_media":0,"comment_status":"open","ping_status":"open","sticky":false,"template":"","format":"standard","meta":{"_monsterinsights_skip_tracking":false,"_monsterinsights_sitenote_active":false,"_monsterinsights_sitenote_note":"","_monsterinsights_sitenote_category":0,"jetpack_post_was_ever_published":false,"_jetpack_newsletter_access":"","_jetpack_dont_email_post_to_subs":false,"_jetpack_newsletter_tier_id":0,"_jetpack_memberships_contains_paywalled_content":false,"_jetpack_memberships_contains_paid_content":false,"footnotes":"","jetpack_publicize_message":"","jetpack_publicize_feature_enabled":true,"jetpack_social_post_already_shared":false,"jetpack_social_options":{"image_generator_settings":{"template":"highway","default_image_id":0,"font":"","enabled":false},"version":2},"_wpas_customize_per_network":false},"categories":[5],"tags":[1372,424],"class_list":["post-7759","post","type-post","status-publish","format-standard","hentry","category-politica","tag-teconopolis","tag-ustarroz","generate-columns","tablet-grid-50","mobile-grid-100","grid-parent","grid-50"],"jetpack_publicize_connections":[],"jetpack_featured_media_url":"","wps_subtitle":"","jetpack_sharing_enabled":true,"_links":{"self":[{"href":"https:\/\/www.hoymercedes.com.ar\/principal\/wp-json\/wp\/v2\/posts\/7759","targetHints":{"allow":["GET"]}}],"collection":[{"href":"https:\/\/www.hoymercedes.com.ar\/principal\/wp-json\/wp\/v2\/posts"}],"about":[{"href":"https:\/\/www.hoymercedes.com.ar\/principal\/wp-json\/wp\/v2\/types\/post"}],"author":[{"embeddable":true,"href":"https:\/\/www.hoymercedes.com.ar\/principal\/wp-json\/wp\/v2\/users\/1"}],"replies":[{"embeddable":true,"href":"https:\/\/www.hoymercedes.com.ar\/principal\/wp-json\/wp\/v2\/comments?post=7759"}],"version-history":[{"count":0,"href":"https:\/\/www.hoymercedes.com.ar\/principal\/wp-json\/wp\/v2\/posts\/7759\/revisions"}],"wp:attachment":[{"href":"https:\/\/www.hoymercedes.com.ar\/principal\/wp-json\/wp\/v2\/media?parent=7759"}],"wp:term":[{"taxonomy":"category","embeddable":true,"href":"https:\/\/www.hoymercedes.com.ar\/principal\/wp-json\/wp\/v2\/categories?post=7759"},{"taxonomy":"post_tag","embeddable":true,"href":"https:\/\/www.hoymercedes.com.ar\/principal\/wp-json\/wp\/v2\/tags?post=7759"}],"curies":[{"name":"wp","href":"https:\/\/api.w.org\/{rel}","templated":true}]}}