{"id":77599,"date":"2018-06-23T20:30:15","date_gmt":"2018-06-23T23:30:15","guid":{"rendered":"http:\/\/www.hoymercedes.com.ar\/principal\/?p=77599"},"modified":"2018-06-23T17:11:01","modified_gmt":"2018-06-23T20:11:01","slug":"servicios-publicos-realizo-multiples-tareas-en-los-barrios","status":"publish","type":"post","link":"https:\/\/www.hoymercedes.com.ar\/principal\/2018\/06\/23\/servicios-publicos-realizo-multiples-tareas-en-los-barrios\/","title":{"rendered":"Servicios P\u00fablicos realiz\u00f3 m\u00faltiples tareas en los barrios"},"content":{"rendered":"<figure id=\"attachment_77600\" aria-describedby=\"caption-attachment-77600\" style=\"width: 620px\" class=\"wp-caption aligncenter\"><img loading=\"lazy\" decoding=\"async\" data-attachment-id=\"77600\" data-permalink=\"https:\/\/www.hoymercedes.com.ar\/principal\/2018\/06\/23\/servicios-publicos-realizo-multiples-tareas-en-los-barrios\/20-3\/#main\" data-orig-file=\"https:\/\/www.hoymercedes.com.ar\/principal\/wp-content\/uploads\/2018\/06\/20.jpeg\" data-orig-size=\"1280,960\" data-comments-opened=\"0\" data-image-meta=\"{&quot;aperture&quot;:&quot;0&quot;,&quot;credit&quot;:&quot;&quot;,&quot;camera&quot;:&quot;&quot;,&quot;caption&quot;:&quot;&quot;,&quot;created_timestamp&quot;:&quot;0&quot;,&quot;copyright&quot;:&quot;&quot;,&quot;focal_length&quot;:&quot;0&quot;,&quot;iso&quot;:&quot;0&quot;,&quot;shutter_speed&quot;:&quot;0&quot;,&quot;title&quot;:&quot;&quot;,&quot;orientation&quot;:&quot;0&quot;}\" data-image-title=\"20\" data-image-description=\"\" data-image-caption=\"&lt;p&gt;Mantenimiento de calles&lt;\/p&gt;\n\" data-large-file=\"https:\/\/www.hoymercedes.com.ar\/principal\/wp-content\/uploads\/2018\/06\/20-1024x768.jpeg\" class=\"size-medium wp-image-77600\" src=\"https:\/\/www.hoymercedes.com.ar\/principal\/wp-content\/uploads\/2018\/06\/20-630x473.jpeg\" alt=\"\" width=\"630\" height=\"473\" srcset=\"https:\/\/www.hoymercedes.com.ar\/principal\/wp-content\/uploads\/2018\/06\/20-630x473.jpeg 630w, https:\/\/www.hoymercedes.com.ar\/principal\/wp-content\/uploads\/2018\/06\/20-150x113.jpeg 150w, https:\/\/www.hoymercedes.com.ar\/principal\/wp-content\/uploads\/2018\/06\/20-1024x768.jpeg 1024w, https:\/\/www.hoymercedes.com.ar\/principal\/wp-content\/uploads\/2018\/06\/20.jpeg 1280w\" sizes=\"auto, (max-width: 630px) 100vw, 630px\" \/><figcaption id=\"caption-attachment-77600\" class=\"wp-caption-text\">Mantenimiento de calles<\/figcaption><\/figure>\n<p>El clima fr\u00edo, pero sin lluvia, permiti\u00f3 que la Municipalidad de Mercedes pudiera avanzar en distintos barrios con variadas acciones de mantenimiento, obras y puesta en valor. Desde la colocaci\u00f3n de piedra a entoscado, zanjeo y asfalto. Poda y limpieza urbano.<\/p>\n<p><strong>Tareas<\/strong><\/p>\n<p>Se pudo ver en Los Robles la colocaci\u00f3n de piedras, una de las medidas que sin duda en muchos lugares esperan y que con \u201cgran esfuerzo tratamos de implementar\u201d, narraron desde la comuna, sin olvidar que \u201cel precio se ha disparado, subieron cuatro o cinco veces su valor en los \u00faltimos meses\u201d, mencionaron, pasando a pagar cada d\u00eda m\u00e1s, destacando que incluso en ocasiones los proveedores no suministran, justamente por el tema de la fluctuaci\u00f3n del precio dada la situaci\u00f3n econ\u00f3mica del pa\u00eds.<\/p>\n<p>Barrio Am\u00e9rica, 3 de Octubre, Lomas del Pac\u00edfico recibieron tareas de zanjeo y mantenimiento de calles. \u201cAll\u00ed las nuevas m\u00e1quinas hicieron una tarea necesaria y requerida\u201d, expresaron desde Servicios P\u00fablicos, a cargo de Silvio Bertera.<\/p>\n<p>Hubo tareas en plazas, como en La Amistas, Villa Industrial Este, Tom\u00e1s Jofr\u00e9 y Belgrano. Dichos espacios p\u00fablicos recibieron importantes tareas de higienizaci\u00f3n urbana y mantenimiento.<\/p>\n<figure id=\"attachment_77601\" aria-describedby=\"caption-attachment-77601\" style=\"width: 455px\" class=\"wp-caption aligncenter\"><img loading=\"lazy\" decoding=\"async\" data-attachment-id=\"77601\" data-permalink=\"https:\/\/www.hoymercedes.com.ar\/principal\/2018\/06\/23\/servicios-publicos-realizo-multiples-tareas-en-los-barrios\/attachment\/29\/#main\" data-orig-file=\"https:\/\/www.hoymercedes.com.ar\/principal\/wp-content\/uploads\/2018\/06\/29.jpeg\" data-orig-size=\"960,1280\" data-comments-opened=\"0\" data-image-meta=\"{&quot;aperture&quot;:&quot;0&quot;,&quot;credit&quot;:&quot;&quot;,&quot;camera&quot;:&quot;&quot;,&quot;caption&quot;:&quot;&quot;,&quot;created_timestamp&quot;:&quot;0&quot;,&quot;copyright&quot;:&quot;&quot;,&quot;focal_length&quot;:&quot;0&quot;,&quot;iso&quot;:&quot;0&quot;,&quot;shutter_speed&quot;:&quot;0&quot;,&quot;title&quot;:&quot;&quot;,&quot;orientation&quot;:&quot;0&quot;}\" data-image-title=\"29\" data-image-description=\"\" data-image-caption=\"&lt;p&gt;Colocaci\u00f3n de ca\u00f1os&lt;\/p&gt;\n\" data-large-file=\"https:\/\/www.hoymercedes.com.ar\/principal\/wp-content\/uploads\/2018\/06\/29-768x1024.jpeg\" class=\"size-medium wp-image-77601\" src=\"https:\/\/www.hoymercedes.com.ar\/principal\/wp-content\/uploads\/2018\/06\/29-465x620.jpeg\" alt=\"\" width=\"465\" height=\"620\" srcset=\"https:\/\/www.hoymercedes.com.ar\/principal\/wp-content\/uploads\/2018\/06\/29-465x620.jpeg 465w, https:\/\/www.hoymercedes.com.ar\/principal\/wp-content\/uploads\/2018\/06\/29-113x150.jpeg 113w, https:\/\/www.hoymercedes.com.ar\/principal\/wp-content\/uploads\/2018\/06\/29-768x1024.jpeg 768w, https:\/\/www.hoymercedes.com.ar\/principal\/wp-content\/uploads\/2018\/06\/29.jpeg 960w\" sizes=\"auto, (max-width: 465px) 100vw, 465px\" \/><figcaption id=\"caption-attachment-77601\" class=\"wp-caption-text\">Colocaci\u00f3n de ca\u00f1os<\/figcaption><\/figure>\n<p>En el Parque Nuevo, continuando su puesta en valor, recibi\u00f3 m\u00e1s tosca para sus caminos.<\/p>\n<p>En zona sub urbana y rural tambi\u00e9n se vieron acciones. Cuartel VIII, Bajada Rachi, camino viejo a Jofr\u00e9, camino viejo a Navarro, Flankiln, La Florida, calle detr\u00e1s del cementerio, fueron parte del mantenimiento de calles y arreglos, como as\u00ed tambi\u00e9n en barrio Los Duraznos y Malvinas.<\/p>\n<p>Los canteros y espacios verdes fueron parte de corte de pasto\u00a0 recolecciones, como ser Fonave, boulevard 40 y 47, en vivero municipal.<\/p>\n<p>\u201cHemos tenido una semana de muchas tareas, el clima ayudo, pero sigue siendo clave las m\u00e1quinas adquiridas por decisi\u00f3n del intendente Ustarroz. Hoy d\u00eda, con la crisis econ\u00f3mica y ajuste que se vive, con un d\u00f3lar imparable, queda en evidencia la correcta decisi\u00f3n que tom\u00f3 el ejecutivo capitalizando el \u00e1reas de servicios p\u00fablicos, porque sin herramientas y m\u00e1quinas esto ser\u00eda imposible\u201d, sostuvo Bertera.<\/p>\n<figure id=\"attachment_77602\" aria-describedby=\"caption-attachment-77602\" style=\"width: 455px\" class=\"wp-caption aligncenter\"><img loading=\"lazy\" decoding=\"async\" data-attachment-id=\"77602\" data-permalink=\"https:\/\/www.hoymercedes.com.ar\/principal\/2018\/06\/23\/servicios-publicos-realizo-multiples-tareas-en-los-barrios\/attachment\/27\/#main\" data-orig-file=\"https:\/\/www.hoymercedes.com.ar\/principal\/wp-content\/uploads\/2018\/06\/27.jpeg\" data-orig-size=\"960,1280\" data-comments-opened=\"0\" data-image-meta=\"{&quot;aperture&quot;:&quot;0&quot;,&quot;credit&quot;:&quot;&quot;,&quot;camera&quot;:&quot;&quot;,&quot;caption&quot;:&quot;&quot;,&quot;created_timestamp&quot;:&quot;0&quot;,&quot;copyright&quot;:&quot;&quot;,&quot;focal_length&quot;:&quot;0&quot;,&quot;iso&quot;:&quot;0&quot;,&quot;shutter_speed&quot;:&quot;0&quot;,&quot;title&quot;:&quot;&quot;,&quot;orientation&quot;:&quot;0&quot;}\" data-image-title=\"27\" data-image-description=\"\" data-image-caption=\"&lt;p&gt;Limpieza urbana&lt;\/p&gt;\n\" data-large-file=\"https:\/\/www.hoymercedes.com.ar\/principal\/wp-content\/uploads\/2018\/06\/27-768x1024.jpeg\" class=\"size-medium wp-image-77602\" src=\"https:\/\/www.hoymercedes.com.ar\/principal\/wp-content\/uploads\/2018\/06\/27-465x620.jpeg\" alt=\"\" width=\"465\" height=\"620\" srcset=\"https:\/\/www.hoymercedes.com.ar\/principal\/wp-content\/uploads\/2018\/06\/27-465x620.jpeg 465w, https:\/\/www.hoymercedes.com.ar\/principal\/wp-content\/uploads\/2018\/06\/27-113x150.jpeg 113w, https:\/\/www.hoymercedes.com.ar\/principal\/wp-content\/uploads\/2018\/06\/27-768x1024.jpeg 768w, https:\/\/www.hoymercedes.com.ar\/principal\/wp-content\/uploads\/2018\/06\/27.jpeg 960w\" sizes=\"auto, (max-width: 465px) 100vw, 465px\" \/><figcaption id=\"caption-attachment-77602\" class=\"wp-caption-text\">Limpieza urbana<\/figcaption><\/figure>\n<p>Acceso Sanmartin hacia 61 tambi\u00e9n vio mejoras, como\u00a0 Km 113 camino 25, avenida escolta, las limpiezas en barrio San Justo, Almafuerte y calles linderas a Rivas, calle 110 de 23 a 29 con tosca y \u201cas\u00ed muchos lugares. Los equipos de trabajo, sea de zanjeo, limpieza o mantenimiento urbano sinceramente han efectuado una gran tarea. El clima acompa\u00f1o y sabemos que falta, pero tambi\u00e9n estamos haciendo las tareas como corresponde, llevando cada d\u00eda m\u00e1s y mejores soluciones a los barrios\u201d, destac\u00f3 el sub secretario de servicios p\u00fablicos, Silvio Bertera.<\/p>\n<p>Piedras, por la ma\u00f1ana del s\u00e1bado, se colocaron tambi\u00e9n en 12 de 65 a 69, en\u00a0 14 de 69 a 71 y\u00a0\u00a0 69 de 12 a 14, adem\u00e1s de 65 de 12 a 16. Esa misma ma\u00f1ana se inici\u00f3 la obra de asfalto en calle 9 entre 52 y 54 con dos nuevas cuadras de pavimentaci\u00f3n frente al Jard\u00edn Maternal N\u00b02 de nuestra ciudad.<\/p>\n<p><img loading=\"lazy\" decoding=\"async\" data-attachment-id=\"77603\" data-permalink=\"https:\/\/www.hoymercedes.com.ar\/principal\/2018\/06\/23\/servicios-publicos-realizo-multiples-tareas-en-los-barrios\/1-5\/#main\" data-orig-file=\"https:\/\/www.hoymercedes.com.ar\/principal\/wp-content\/uploads\/2018\/06\/1.jpeg\" data-orig-size=\"1280,960\" data-comments-opened=\"0\" data-image-meta=\"{&quot;aperture&quot;:&quot;0&quot;,&quot;credit&quot;:&quot;&quot;,&quot;camera&quot;:&quot;&quot;,&quot;caption&quot;:&quot;&quot;,&quot;created_timestamp&quot;:&quot;0&quot;,&quot;copyright&quot;:&quot;&quot;,&quot;focal_length&quot;:&quot;0&quot;,&quot;iso&quot;:&quot;0&quot;,&quot;shutter_speed&quot;:&quot;0&quot;,&quot;title&quot;:&quot;&quot;,&quot;orientation&quot;:&quot;0&quot;}\" data-image-title=\"1\" data-image-description=\"\" data-image-caption=\"\" data-large-file=\"https:\/\/www.hoymercedes.com.ar\/principal\/wp-content\/uploads\/2018\/06\/1-1024x768.jpeg\" class=\"aligncenter size-medium wp-image-77603\" src=\"https:\/\/www.hoymercedes.com.ar\/principal\/wp-content\/uploads\/2018\/06\/1-630x473.jpeg\" alt=\"\" width=\"630\" height=\"473\" srcset=\"https:\/\/www.hoymercedes.com.ar\/principal\/wp-content\/uploads\/2018\/06\/1-630x473.jpeg 630w, https:\/\/www.hoymercedes.com.ar\/principal\/wp-content\/uploads\/2018\/06\/1-150x113.jpeg 150w, https:\/\/www.hoymercedes.com.ar\/principal\/wp-content\/uploads\/2018\/06\/1-1024x768.jpeg 1024w, https:\/\/www.hoymercedes.com.ar\/principal\/wp-content\/uploads\/2018\/06\/1.jpeg 1280w\" sizes=\"auto, (max-width: 630px) 100vw, 630px\" \/><\/p>\n<p><img loading=\"lazy\" decoding=\"async\" data-attachment-id=\"77604\" data-permalink=\"https:\/\/www.hoymercedes.com.ar\/principal\/2018\/06\/23\/servicios-publicos-realizo-multiples-tareas-en-los-barrios\/10-4\/#main\" data-orig-file=\"https:\/\/www.hoymercedes.com.ar\/principal\/wp-content\/uploads\/2018\/06\/10.jpeg\" data-orig-size=\"960,1280\" data-comments-opened=\"0\" data-image-meta=\"{&quot;aperture&quot;:&quot;0&quot;,&quot;credit&quot;:&quot;&quot;,&quot;camera&quot;:&quot;&quot;,&quot;caption&quot;:&quot;&quot;,&quot;created_timestamp&quot;:&quot;0&quot;,&quot;copyright&quot;:&quot;&quot;,&quot;focal_length&quot;:&quot;0&quot;,&quot;iso&quot;:&quot;0&quot;,&quot;shutter_speed&quot;:&quot;0&quot;,&quot;title&quot;:&quot;&quot;,&quot;orientation&quot;:&quot;0&quot;}\" data-image-title=\"10\" data-image-description=\"\" data-image-caption=\"\" data-large-file=\"https:\/\/www.hoymercedes.com.ar\/principal\/wp-content\/uploads\/2018\/06\/10-768x1024.jpeg\" class=\"aligncenter size-medium wp-image-77604\" src=\"https:\/\/www.hoymercedes.com.ar\/principal\/wp-content\/uploads\/2018\/06\/10-465x620.jpeg\" alt=\"\" width=\"465\" height=\"620\" srcset=\"https:\/\/www.hoymercedes.com.ar\/principal\/wp-content\/uploads\/2018\/06\/10-465x620.jpeg 465w, https:\/\/www.hoymercedes.com.ar\/principal\/wp-content\/uploads\/2018\/06\/10-113x150.jpeg 113w, https:\/\/www.hoymercedes.com.ar\/principal\/wp-content\/uploads\/2018\/06\/10-768x1024.jpeg 768w, https:\/\/www.hoymercedes.com.ar\/principal\/wp-content\/uploads\/2018\/06\/10.jpeg 960w\" sizes=\"auto, (max-width: 465px) 100vw, 465px\" \/><\/p>\n<p><img loading=\"lazy\" decoding=\"async\" data-attachment-id=\"77605\" data-permalink=\"https:\/\/www.hoymercedes.com.ar\/principal\/2018\/06\/23\/servicios-publicos-realizo-multiples-tareas-en-los-barrios\/attachment\/22\/#main\" data-orig-file=\"https:\/\/www.hoymercedes.com.ar\/principal\/wp-content\/uploads\/2018\/06\/22.jpeg\" data-orig-size=\"960,1280\" data-comments-opened=\"0\" data-image-meta=\"{&quot;aperture&quot;:&quot;0&quot;,&quot;credit&quot;:&quot;&quot;,&quot;camera&quot;:&quot;&quot;,&quot;caption&quot;:&quot;&quot;,&quot;created_timestamp&quot;:&quot;0&quot;,&quot;copyright&quot;:&quot;&quot;,&quot;focal_length&quot;:&quot;0&quot;,&quot;iso&quot;:&quot;0&quot;,&quot;shutter_speed&quot;:&quot;0&quot;,&quot;title&quot;:&quot;&quot;,&quot;orientation&quot;:&quot;0&quot;}\" data-image-title=\"22\" data-image-description=\"\" data-image-caption=\"\" data-large-file=\"https:\/\/www.hoymercedes.com.ar\/principal\/wp-content\/uploads\/2018\/06\/22-768x1024.jpeg\" class=\"aligncenter size-medium wp-image-77605\" src=\"https:\/\/www.hoymercedes.com.ar\/principal\/wp-content\/uploads\/2018\/06\/22-465x620.jpeg\" alt=\"\" width=\"465\" height=\"620\" srcset=\"https:\/\/www.hoymercedes.com.ar\/principal\/wp-content\/uploads\/2018\/06\/22-465x620.jpeg 465w, https:\/\/www.hoymercedes.com.ar\/principal\/wp-content\/uploads\/2018\/06\/22-113x150.jpeg 113w, https:\/\/www.hoymercedes.com.ar\/principal\/wp-content\/uploads\/2018\/06\/22-768x1024.jpeg 768w, https:\/\/www.hoymercedes.com.ar\/principal\/wp-content\/uploads\/2018\/06\/22.jpeg 960w\" sizes=\"auto, (max-width: 465px) 100vw, 465px\" \/><\/p>\n<p><img loading=\"lazy\" decoding=\"async\" data-attachment-id=\"77606\" data-permalink=\"https:\/\/www.hoymercedes.com.ar\/principal\/2018\/06\/23\/servicios-publicos-realizo-multiples-tareas-en-los-barrios\/attachment\/24\/#main\" data-orig-file=\"https:\/\/www.hoymercedes.com.ar\/principal\/wp-content\/uploads\/2018\/06\/24.jpeg\" data-orig-size=\"960,1280\" data-comments-opened=\"0\" data-image-meta=\"{&quot;aperture&quot;:&quot;0&quot;,&quot;credit&quot;:&quot;&quot;,&quot;camera&quot;:&quot;&quot;,&quot;caption&quot;:&quot;&quot;,&quot;created_timestamp&quot;:&quot;0&quot;,&quot;copyright&quot;:&quot;&quot;,&quot;focal_length&quot;:&quot;0&quot;,&quot;iso&quot;:&quot;0&quot;,&quot;shutter_speed&quot;:&quot;0&quot;,&quot;title&quot;:&quot;&quot;,&quot;orientation&quot;:&quot;0&quot;}\" data-image-title=\"24\" data-image-description=\"\" data-image-caption=\"\" data-large-file=\"https:\/\/www.hoymercedes.com.ar\/principal\/wp-content\/uploads\/2018\/06\/24-768x1024.jpeg\" class=\"aligncenter size-medium wp-image-77606\" src=\"https:\/\/www.hoymercedes.com.ar\/principal\/wp-content\/uploads\/2018\/06\/24-465x620.jpeg\" alt=\"\" width=\"465\" height=\"620\" srcset=\"https:\/\/www.hoymercedes.com.ar\/principal\/wp-content\/uploads\/2018\/06\/24-465x620.jpeg 465w, https:\/\/www.hoymercedes.com.ar\/principal\/wp-content\/uploads\/2018\/06\/24-113x150.jpeg 113w, https:\/\/www.hoymercedes.com.ar\/principal\/wp-content\/uploads\/2018\/06\/24-768x1024.jpeg 768w, https:\/\/www.hoymercedes.com.ar\/principal\/wp-content\/uploads\/2018\/06\/24.jpeg 960w\" sizes=\"auto, (max-width: 465px) 100vw, 465px\" \/><\/p>\n<p>&nbsp;<\/p>\n<p>Fuente: Servicios P\u00fablicos<\/p>\n<p>&nbsp;<\/p>\n","protected":false},"excerpt":{"rendered":"<p>El clima fr\u00edo, pero sin lluvia, permiti\u00f3 que la Municipalidad de Mercedes pudiera avanzar en distintos barrios con variadas acciones &#8230; <a title=\"Servicios P\u00fablicos realiz\u00f3 m\u00faltiples tareas en los barrios\" class=\"read-more\" href=\"https:\/\/www.hoymercedes.com.ar\/principal\/2018\/06\/23\/servicios-publicos-realizo-multiples-tareas-en-los-barrios\/\" aria-label=\"Leer m\u00e1s sobre Servicios P\u00fablicos realiz\u00f3 m\u00faltiples tareas en los barrios\">Leer m\u00e1s<\/a><\/p>\n","protected":false},"author":1,"featured_media":77601,"comment_status":"closed","ping_status":"open","sticky":false,"template":"","format":"standard","meta":{"_monsterinsights_skip_tracking":false,"_monsterinsights_sitenote_active":false,"_monsterinsights_sitenote_note":"","_monsterinsights_sitenote_category":0,"jetpack_post_was_ever_published":false,"_jetpack_newsletter_access":"","_jetpack_dont_email_post_to_subs":false,"_jetpack_newsletter_tier_id":0,"_jetpack_memberships_contains_paywalled_content":false,"_jetpack_memberships_contains_paid_content":false,"footnotes":"","jetpack_publicize_message":"","jetpack_publicize_feature_enabled":true,"jetpack_social_post_already_shared":true,"jetpack_social_options":{"image_generator_settings":{"template":"highway","default_image_id":0,"font":"","enabled":false},"version":2},"_wpas_customize_per_network":false},"categories":[30],"tags":[10,197,244,8628,12769],"class_list":["post-77599","post","type-post","status-publish","format-standard","has-post-thumbnail","hentry","category-municipio","tag-mercedes","tag-municipalidad-de-mercedes","tag-municipio-2","tag-servicios-publicos","tag-silvio-bertera","generate-columns","tablet-grid-50","mobile-grid-100","grid-parent","grid-50"],"jetpack_publicize_connections":[],"jetpack_featured_media_url":"https:\/\/www.hoymercedes.com.ar\/principal\/wp-content\/uploads\/2018\/06\/29.jpeg","wps_subtitle":"Acci\u00f3n municipal","jetpack_sharing_enabled":true,"_links":{"self":[{"href":"https:\/\/www.hoymercedes.com.ar\/principal\/wp-json\/wp\/v2\/posts\/77599","targetHints":{"allow":["GET"]}}],"collection":[{"href":"https:\/\/www.hoymercedes.com.ar\/principal\/wp-json\/wp\/v2\/posts"}],"about":[{"href":"https:\/\/www.hoymercedes.com.ar\/principal\/wp-json\/wp\/v2\/types\/post"}],"author":[{"embeddable":true,"href":"https:\/\/www.hoymercedes.com.ar\/principal\/wp-json\/wp\/v2\/users\/1"}],"replies":[{"embeddable":true,"href":"https:\/\/www.hoymercedes.com.ar\/principal\/wp-json\/wp\/v2\/comments?post=77599"}],"version-history":[{"count":0,"href":"https:\/\/www.hoymercedes.com.ar\/principal\/wp-json\/wp\/v2\/posts\/77599\/revisions"}],"wp:featuredmedia":[{"embeddable":true,"href":"https:\/\/www.hoymercedes.com.ar\/principal\/wp-json\/wp\/v2\/media\/77601"}],"wp:attachment":[{"href":"https:\/\/www.hoymercedes.com.ar\/principal\/wp-json\/wp\/v2\/media?parent=77599"}],"wp:term":[{"taxonomy":"category","embeddable":true,"href":"https:\/\/www.hoymercedes.com.ar\/principal\/wp-json\/wp\/v2\/categories?post=77599"},{"taxonomy":"post_tag","embeddable":true,"href":"https:\/\/www.hoymercedes.com.ar\/principal\/wp-json\/wp\/v2\/tags?post=77599"}],"curies":[{"name":"wp","href":"https:\/\/api.w.org\/{rel}","templated":true}]}}