{"id":77615,"date":"2018-06-23T14:31:45","date_gmt":"2018-06-23T17:31:45","guid":{"rendered":"http:\/\/www.hoymercedes.com.ar\/principal\/?p=77615"},"modified":"2018-06-23T17:47:49","modified_gmt":"2018-06-23T20:47:49","slug":"el-rincon-del-cuento-micro-radial-de-lele-fal-en-radio-fenix","status":"publish","type":"post","link":"https:\/\/www.hoymercedes.com.ar\/principal\/2018\/06\/23\/el-rincon-del-cuento-micro-radial-de-lele-fal-en-radio-fenix\/","title":{"rendered":"El Rinc\u00f3n del Cuento: Micro radial de Lel\u00e9 Fal en Radio F\u00e9nix"},"content":{"rendered":"<p>En el marco del programa radical \u00abMa\u00f1an\u00edsima\u00bb de Radio F\u00e9nix, la actriz Lel\u00e9 Fal volvi\u00f3 con sus lecturas en el micro radial \u00abEL Rinc\u00f3n del Cuento\u00bb.<\/p>\n<p>El debut se produjo d\u00edas atr\u00e1s, cuando Lel\u00e9 fue recibida por la conductora del programa, Susana Spano, quien se mostr\u00f3 muy feliz de poder contar con la participaci\u00f3n de esta figura del teatro local. En esta\u00a0ocasi\u00f3n, Lel\u00e9 ley\u00f3 un cuento del padre Mamerto Menapachre: \u201cMorir en la Pavada\u201d.<\/p>\n<p>El martes \u00faltimo, en ocasi\u00f3n de recordarse el 20 de junio un nuevo aniversario de la muerte del General Manuel Belgrano, la actriz ley\u00f3 un poema alusivo a la fecha.<\/p>\n<p>Susana Spano, conductora del programa radial que cuenta con el micro de lectura de cuentos dio cuenta del \u00abplacer y honor\u00bb que significa para el programa y para Radio F\u00e9nix la participaci\u00f3n de la actriz Lel\u00e9 Fal. \u00abElla tiene una trayectoria maravillosa en la actuaci\u00f3n mercedina, participe nuevamente en nuestro programa es un placer y un honor\u00bb, expres\u00f3.<\/p>\n<p>\u00abHa grabado varias obras con nosotros en Teatro en Radio y all\u00ed surgi\u00f3 su deseo de contar cuentos en nuestro programa. \u00a0El ciclo del a\u00f1o pasado tuvo una enorme repercusi\u00f3n y, por ese motivo, decidimos repetirlo nuevamente\u201d, resalt\u00f3.<\/p>\n<p>Para escuchar el cuento \u201cMorir en la Pavada\u201d de Menapache, entren en el siguiente link <a href=\"https:\/\/www.facebook.com\/RadioFenixMercedes\/videos\/1804638142923876\/\" target=\"_blank\" rel=\"noopener\">aqu\u00ed<\/a>: (\u00a0https:\/\/www.facebook.com\/RadioFenixMercedes\/videos\/1804638142923876\/)<\/p>\n<p>El programa \u201cMa\u00f1an\u00edsima\u201d se transmite por Radio F\u00e9nix (93.9 mhz) de lunes a viernes de 7.00 a 12.00 horas. Lel\u00e9 Fal tiene prevista continuar su micro los d\u00edas martes a la hora 10.<\/p>\n<p>&nbsp;<\/p>\n<p>&nbsp;<\/p>\n","protected":false},"excerpt":{"rendered":"<p>En el marco del programa radical \u00abMa\u00f1an\u00edsima\u00bb de Radio F\u00e9nix, la actriz Lel\u00e9 Fal volvi\u00f3 con sus lecturas en el &#8230; <a title=\"El Rinc\u00f3n del Cuento: Micro radial de Lel\u00e9 Fal en Radio F\u00e9nix\" class=\"read-more\" href=\"https:\/\/www.hoymercedes.com.ar\/principal\/2018\/06\/23\/el-rincon-del-cuento-micro-radial-de-lele-fal-en-radio-fenix\/\" aria-label=\"Leer m\u00e1s sobre El Rinc\u00f3n del Cuento: Micro radial de Lel\u00e9 Fal en Radio F\u00e9nix\">Leer m\u00e1s<\/a><\/p>\n","protected":false},"author":1,"featured_media":77616,"comment_status":"closed","ping_status":"open","sticky":false,"template":"","format":"standard","meta":{"_monsterinsights_skip_tracking":false,"_monsterinsights_sitenote_active":false,"_monsterinsights_sitenote_note":"","_monsterinsights_sitenote_category":0,"jetpack_post_was_ever_published":false,"_jetpack_newsletter_access":"","_jetpack_dont_email_post_to_subs":false,"_jetpack_newsletter_tier_id":0,"_jetpack_memberships_contains_paywalled_content":false,"_jetpack_memberships_contains_paid_content":false,"footnotes":"","jetpack_publicize_message":"","jetpack_publicize_feature_enabled":true,"jetpack_social_post_already_shared":true,"jetpack_social_options":{"image_generator_settings":{"template":"highway","default_image_id":0,"font":"","enabled":false},"version":2},"_wpas_customize_per_network":false},"categories":[104],"tags":[7805,6072,73,13334],"class_list":["post-77615","post","type-post","status-publish","format-standard","has-post-thumbnail","hentry","category-cultura","tag-cultura","tag-lele-fal","tag-literatura","tag-radio-fenix","generate-columns","tablet-grid-50","mobile-grid-100","grid-parent","grid-50"],"jetpack_publicize_connections":[],"jetpack_featured_media_url":"https:\/\/www.hoymercedes.com.ar\/principal\/wp-content\/uploads\/2018\/06\/23-lele-fal.jpg","wps_subtitle":"Retoma el espacio radial","jetpack_sharing_enabled":true,"_links":{"self":[{"href":"https:\/\/www.hoymercedes.com.ar\/principal\/wp-json\/wp\/v2\/posts\/77615","targetHints":{"allow":["GET"]}}],"collection":[{"href":"https:\/\/www.hoymercedes.com.ar\/principal\/wp-json\/wp\/v2\/posts"}],"about":[{"href":"https:\/\/www.hoymercedes.com.ar\/principal\/wp-json\/wp\/v2\/types\/post"}],"author":[{"embeddable":true,"href":"https:\/\/www.hoymercedes.com.ar\/principal\/wp-json\/wp\/v2\/users\/1"}],"replies":[{"embeddable":true,"href":"https:\/\/www.hoymercedes.com.ar\/principal\/wp-json\/wp\/v2\/comments?post=77615"}],"version-history":[{"count":0,"href":"https:\/\/www.hoymercedes.com.ar\/principal\/wp-json\/wp\/v2\/posts\/77615\/revisions"}],"wp:featuredmedia":[{"embeddable":true,"href":"https:\/\/www.hoymercedes.com.ar\/principal\/wp-json\/wp\/v2\/media\/77616"}],"wp:attachment":[{"href":"https:\/\/www.hoymercedes.com.ar\/principal\/wp-json\/wp\/v2\/media?parent=77615"}],"wp:term":[{"taxonomy":"category","embeddable":true,"href":"https:\/\/www.hoymercedes.com.ar\/principal\/wp-json\/wp\/v2\/categories?post=77615"},{"taxonomy":"post_tag","embeddable":true,"href":"https:\/\/www.hoymercedes.com.ar\/principal\/wp-json\/wp\/v2\/tags?post=77615"}],"curies":[{"name":"wp","href":"https:\/\/api.w.org\/{rel}","templated":true}]}}