{"id":7765,"date":"2011-09-29T12:06:20","date_gmt":"2011-09-29T12:06:20","guid":{"rendered":"http:\/\/www.hoymercedes.com.ar\/principal\/?p=7765"},"modified":"2011-09-29T12:06:20","modified_gmt":"2011-09-29T12:06:20","slug":"incorporan-modernos-elementos-en-el-area-de-maternidad-en-el-hospital-dubarry","status":"publish","type":"post","link":"https:\/\/www.hoymercedes.com.ar\/principal\/2011\/09\/29\/incorporan-modernos-elementos-en-el-area-de-maternidad-en-el-hospital-dubarry\/","title":{"rendered":"Incorporan modernos elementos en el \u00e1rea de maternidad en el Hospital Dubarry"},"content":{"rendered":"<p><a href=\"https:\/\/www.hoymercedes.com.ar\/principal\/wp-content\/uploads\/2011\/09\/camillas-hospital.jpg\"><img loading=\"lazy\" decoding=\"async\" data-attachment-id=\"7767\" data-permalink=\"https:\/\/www.hoymercedes.com.ar\/principal\/2011\/09\/29\/incorporan-modernos-elementos-en-el-area-de-maternidad-en-el-hospital-dubarry\/camillas-hospital\/#main\" data-orig-file=\"https:\/\/www.hoymercedes.com.ar\/principal\/wp-content\/uploads\/2011\/09\/camillas-hospital.jpg\" data-orig-size=\"608,456\" data-comments-opened=\"1\" data-image-meta=\"{&quot;aperture&quot;:&quot;2.8&quot;,&quot;credit&quot;:&quot;&quot;,&quot;camera&quot;:&quot;COOLPIX L10&quot;,&quot;caption&quot;:&quot;&quot;,&quot;created_timestamp&quot;:&quot;1316582737&quot;,&quot;copyright&quot;:&quot;Copyright 2006&quot;,&quot;focal_length&quot;:&quot;6.2&quot;,&quot;iso&quot;:&quot;100&quot;,&quot;shutter_speed&quot;:&quot;0.033333333333333&quot;,&quot;title&quot;:&quot;&quot;}\" data-image-title=\"camillas-hospital\" data-image-description=\"\" data-image-caption=\"\" data-large-file=\"https:\/\/www.hoymercedes.com.ar\/principal\/wp-content\/uploads\/2011\/09\/camillas-hospital.jpg\" class=\"aligncenter size-full wp-image-7767\" title=\"camillas-hospital\" src=\"https:\/\/www.hoymercedes.com.ar\/principal\/wp-content\/uploads\/2011\/09\/camillas-hospital.jpg\" alt=\"\" width=\"608\" height=\"456\" \/><\/a><\/p>\n<p>El director del Hospital Blas L Dubarry, Dr. Rodolfo Principi, se refiri\u00f3 ayer a la incorporaci\u00f3n de nuevos elementos en dicha centro asistencia beneficiando a quienes utilizan un sector muy especial dentro de la gama de prestaciones que se llevan a cabo en el lugar como es el \u00c1rea de Maternidad.<\/p>\n<p>Princip\u00ed manifest\u00f3 \u201cya tenemos en nuestra ciudad dos nuevas camillas de parto que ser\u00e1n ubicadas en la sala respectiva que se encuentra en el segundo piso de este hospital y tiene que ver de manera directa con el Plan Nacer que es impulsado a trav\u00e9s del Ministerio de Salud de la Naci\u00f3n,.<\/p>\n<p>La verdad es que en nuestro hospital hace alrededor de veinte a\u00f1os que so se cambian las camillas parto y se hac\u00eda muy necesario incorporar nuevas con una tecnolog\u00eda superior orientada a que la mujer que vaya dar a luz se encuentre con todas las comodidades posible teniendo en cuenta el momento que debe atravesar en su vida.<\/p>\n<p>Con estos elementos buscamos poder reducir los riesgos de morbi mortalidad infantil en menores de un a\u00f1o.<\/p>\n<p>Tambi\u00e9n y a trav\u00e9s de un subsidio del Ministerio de Salud de la Provincia de Buenos Aires de Treinta Mil pesos ($ 30.000) se han encarado trabajos de mejoramiento especialmente en la sala de maternidad y en la de Pediatr\u00eda con un equipamiento de aire acondicionado con un equipo de seis mil (6.000) frigor\u00edas y las modificaciones que se realizaron en la Sala de Parto con la instalaci\u00f3n de equipos que nos permiten hacer una evaluaci\u00f3n pre parto de la paciente u posteriormente ir haciendo el monitoreo general, todo esto en el sector destinado de manera excluyente a la atenci\u00f3n de la mujer embarazada que como lo manifest\u00e9 se encuentra ubicado en el segundo piso del edificio, y finalmente en dicho sector se ha incorporado una nueva heladera para poder guardar determinados medicamentos o vacunas para el reci\u00e9n nacido y su madre\u201d.<\/p>\n<p><strong>Los cambios en el sector de la guardia m\u00e9dica<\/strong><\/p>\n<p>Posteriormente el titular de nosocomio se refiri\u00f3 a los trabajos de remodelaci\u00f3n efectuados en la guardia del establecimiento en el que adem\u00e1s se dispuso que para aquellas personas que concurren a los consultorios ambulatorios de los diferentes servicios o para cualquier otro tipo de tr\u00e1mite, el ingreso al hospital sea \u00fanicamente por la calle 12 \u201cpara dejar totalmente libre el sector de la calle 35 frente a Salud Metal para que las ambulancias puedan ingresar con total comodidad y r\u00e1pidamente el grupo de camilleros pueda dirigirse al interior de la guardia con la persona accidentaba o bien con un alg\u00fan problema grave en su salud.<\/p>\n<p>Dentro del sector que ocupa la guardia se ha establecido una divisi\u00f3n en cuatro partes para que los pacientes est\u00e9n con un lugar m\u00e1s amplio para ser atendido.<\/p>\n<p>Ya hemos completado el noventa por ciento de la remodelaci\u00f3n de la guardia, solo nos queda efectuar el traslado de los consultorios externos de traumatolog\u00eda, los mismos ser\u00e1n ubicado donde est\u00e1 en lo que fue la casa de las Hermanas al lado de la Capilla y con el funcionamiento de lo que es internaci\u00f3n pedi\u00e1trica terminar\u00edamos con el cien por ciento de los trabajos en la Guardia.<\/p>\n<p>Por otra parte se ha incentivado la implementaci\u00f3n de la atenci\u00f3n con turnos prefijados, tambi\u00e9n se ha modificado el lugar donde se encontraba la parte de recepci\u00f3n e informes y se le coloc\u00f3 una computadora para tener un verdadero ordenamiento de los turnos que se van otorgando y en dicho lugar va a estar trabajando lo que nosotros llamamos la azafata, es una integrante de nuestro personal femenino que trabajar\u00e1 por la tarde desde las 14.00 hasta las 20.00 realizando tareas de acompa\u00f1amiento y orientaci\u00f3n hasta los diferentes consultorios que atienden justamente por la tarde a quienes concurran de acuerdo a los turnos ya fijados\u201d.<\/p>\n<p>&nbsp;<\/p>\n","protected":false},"excerpt":{"rendered":"<p>El director del Hospital Blas L Dubarry, Dr. Rodolfo Principi, se refiri\u00f3 ayer a la incorporaci\u00f3n de nuevos elementos en &#8230; <a title=\"Incorporan modernos elementos en el \u00e1rea de maternidad en el Hospital Dubarry\" class=\"read-more\" href=\"https:\/\/www.hoymercedes.com.ar\/principal\/2011\/09\/29\/incorporan-modernos-elementos-en-el-area-de-maternidad-en-el-hospital-dubarry\/\" aria-label=\"Leer m\u00e1s sobre Incorporan modernos elementos en el \u00e1rea de maternidad en el Hospital Dubarry\">Leer m\u00e1s<\/a><\/p>\n","protected":false},"author":1,"featured_media":0,"comment_status":"open","ping_status":"open","sticky":false,"template":"","format":"standard","meta":{"_monsterinsights_skip_tracking":false,"_monsterinsights_sitenote_active":false,"_monsterinsights_sitenote_note":"","_monsterinsights_sitenote_category":0,"jetpack_post_was_ever_published":false,"_jetpack_newsletter_access":"","_jetpack_dont_email_post_to_subs":false,"_jetpack_newsletter_tier_id":0,"_jetpack_memberships_contains_paywalled_content":false,"_jetpack_memberships_contains_paid_content":false,"footnotes":"","jetpack_publicize_message":"","jetpack_publicize_feature_enabled":true,"jetpack_social_post_already_shared":false,"jetpack_social_options":{"image_generator_settings":{"template":"highway","default_image_id":0,"font":"","enabled":false},"version":2},"_wpas_customize_per_network":false},"categories":[8],"tags":[532,140],"class_list":["post-7765","post","type-post","status-publish","format-standard","hentry","category-sociedad","tag-fito-principi","tag-hospital-dubarry","generate-columns","tablet-grid-50","mobile-grid-100","grid-parent","grid-50"],"jetpack_publicize_connections":[],"jetpack_featured_media_url":"","wps_subtitle":"","jetpack_sharing_enabled":true,"_links":{"self":[{"href":"https:\/\/www.hoymercedes.com.ar\/principal\/wp-json\/wp\/v2\/posts\/7765","targetHints":{"allow":["GET"]}}],"collection":[{"href":"https:\/\/www.hoymercedes.com.ar\/principal\/wp-json\/wp\/v2\/posts"}],"about":[{"href":"https:\/\/www.hoymercedes.com.ar\/principal\/wp-json\/wp\/v2\/types\/post"}],"author":[{"embeddable":true,"href":"https:\/\/www.hoymercedes.com.ar\/principal\/wp-json\/wp\/v2\/users\/1"}],"replies":[{"embeddable":true,"href":"https:\/\/www.hoymercedes.com.ar\/principal\/wp-json\/wp\/v2\/comments?post=7765"}],"version-history":[{"count":0,"href":"https:\/\/www.hoymercedes.com.ar\/principal\/wp-json\/wp\/v2\/posts\/7765\/revisions"}],"wp:attachment":[{"href":"https:\/\/www.hoymercedes.com.ar\/principal\/wp-json\/wp\/v2\/media?parent=7765"}],"wp:term":[{"taxonomy":"category","embeddable":true,"href":"https:\/\/www.hoymercedes.com.ar\/principal\/wp-json\/wp\/v2\/categories?post=7765"},{"taxonomy":"post_tag","embeddable":true,"href":"https:\/\/www.hoymercedes.com.ar\/principal\/wp-json\/wp\/v2\/tags?post=7765"}],"curies":[{"name":"wp","href":"https:\/\/api.w.org\/{rel}","templated":true}]}}