{"id":7769,"date":"2011-09-29T15:21:42","date_gmt":"2011-09-29T15:21:42","guid":{"rendered":"http:\/\/www.hoymercedes.com.ar\/principal\/?p=7769"},"modified":"2011-09-29T15:21:42","modified_gmt":"2011-09-29T15:21:42","slug":"visito-una-vez-mas-nuestra-ciudad-el-dr-ricardo-alfonsin","status":"publish","type":"post","link":"https:\/\/www.hoymercedes.com.ar\/principal\/2011\/09\/29\/visito-una-vez-mas-nuestra-ciudad-el-dr-ricardo-alfonsin\/","title":{"rendered":"Visit\u00f3 una vez m\u00e1s nuestra ciudad el Dr. Ricardo Alfons\u00edn"},"content":{"rendered":"<p>El candidato a presidente de la Naci\u00f3n por el UDESO, Dr. Ricardo Alfons\u00edn visit\u00f3 ayer una vez m\u00e1s la sede mercedina del comit\u00e9 de la UCR participando de un encuentro con los medios de prensa y algunos militantes acompa\u00f1ado por Juan Manuel Torres y los principales candidatos en el orden local.<\/p>\n<p>Antes de su llegada voceros del UDESO sostuvieron que \u201cpr\u00e1cticamente no hab\u00eda tiempo para poder organizar un acto con mayor presencia de militantes y afiliados porque la visita del Dr. Ricardo Alfons\u00edn nos fue informada tan solo un d\u00eda y medio antes de este momento, incluso modificaron el horario original tambi\u00e9n a ultimo momento.<\/p>\n<p>De cualquier manera con la convocatoria a los medios estaremos haciendo llegar el pensamiento de nuestro candidato a presidente a todos los vecinos de la ciudad\u201d.<\/p>\n<p>El Dr. Ricardo Alfons\u00edn sostuvo que antes de llegar a Mercedes hab\u00eda estado compartiendo un acto con afiliados y militantes de su partido en la ciudad de Suipacha \u201cya ahora acompa\u00f1ado por Juan Manuel Torres y el resto delos candidatos locales estoy dispuesto a dialogar con los medios de prensa y responder, si as\u00ed lo desean cualquier pregunta que me formulen los simpatizantes presentes\u201d.<\/p>\n<p>El candidato a presidente resalt\u00f3 la importancia que tiene un acto electoral no solo para el pa\u00eds sino para las provincias y cualquiera delos distritos que forman las misma, al tiempo que reconoci\u00f3 la necesidad que tendr\u00eda de en cada localidad donde concurre poder, acompa\u00f1ado del candidato local, golpear puerta a puerta las viviendas de todo los vecinos para hablar personalmente con aquellos que quisieran hacerlo\u201d.<\/p>\n","protected":false},"excerpt":{"rendered":"<p>El candidato a presidente de la Naci\u00f3n por el UDESO, Dr. Ricardo Alfons\u00edn visit\u00f3 ayer una vez m\u00e1s la sede &#8230; <a title=\"Visit\u00f3 una vez m\u00e1s nuestra ciudad el Dr. Ricardo Alfons\u00edn\" class=\"read-more\" href=\"https:\/\/www.hoymercedes.com.ar\/principal\/2011\/09\/29\/visito-una-vez-mas-nuestra-ciudad-el-dr-ricardo-alfonsin\/\" aria-label=\"Leer m\u00e1s sobre Visit\u00f3 una vez m\u00e1s nuestra ciudad el Dr. Ricardo Alfons\u00edn\">Leer m\u00e1s<\/a><\/p>\n","protected":false},"author":1,"featured_media":0,"comment_status":"open","ping_status":"open","sticky":false,"template":"","format":"standard","meta":{"_monsterinsights_skip_tracking":false,"_monsterinsights_sitenote_active":false,"_monsterinsights_sitenote_note":"","_monsterinsights_sitenote_category":0,"jetpack_post_was_ever_published":false,"_jetpack_newsletter_access":"","_jetpack_dont_email_post_to_subs":false,"_jetpack_newsletter_tier_id":0,"_jetpack_memberships_contains_paywalled_content":false,"_jetpack_memberships_contains_paid_content":false,"footnotes":"","jetpack_publicize_message":"","jetpack_publicize_feature_enabled":true,"jetpack_social_post_already_shared":false,"jetpack_social_options":{"image_generator_settings":{"template":"highway","default_image_id":0,"font":"","enabled":false},"version":2},"_wpas_customize_per_network":false},"categories":[5],"tags":[1373,392,408,1090],"class_list":["post-7769","post","type-post","status-publish","format-standard","hentry","category-politica","tag-alfonsin","tag-pancho-torres","tag-ucr","tag-udeso","generate-columns","tablet-grid-50","mobile-grid-100","grid-parent","grid-50"],"jetpack_publicize_connections":[],"jetpack_featured_media_url":"","wps_subtitle":"","jetpack_sharing_enabled":true,"_links":{"self":[{"href":"https:\/\/www.hoymercedes.com.ar\/principal\/wp-json\/wp\/v2\/posts\/7769","targetHints":{"allow":["GET"]}}],"collection":[{"href":"https:\/\/www.hoymercedes.com.ar\/principal\/wp-json\/wp\/v2\/posts"}],"about":[{"href":"https:\/\/www.hoymercedes.com.ar\/principal\/wp-json\/wp\/v2\/types\/post"}],"author":[{"embeddable":true,"href":"https:\/\/www.hoymercedes.com.ar\/principal\/wp-json\/wp\/v2\/users\/1"}],"replies":[{"embeddable":true,"href":"https:\/\/www.hoymercedes.com.ar\/principal\/wp-json\/wp\/v2\/comments?post=7769"}],"version-history":[{"count":0,"href":"https:\/\/www.hoymercedes.com.ar\/principal\/wp-json\/wp\/v2\/posts\/7769\/revisions"}],"wp:attachment":[{"href":"https:\/\/www.hoymercedes.com.ar\/principal\/wp-json\/wp\/v2\/media?parent=7769"}],"wp:term":[{"taxonomy":"category","embeddable":true,"href":"https:\/\/www.hoymercedes.com.ar\/principal\/wp-json\/wp\/v2\/categories?post=7769"},{"taxonomy":"post_tag","embeddable":true,"href":"https:\/\/www.hoymercedes.com.ar\/principal\/wp-json\/wp\/v2\/tags?post=7769"}],"curies":[{"name":"wp","href":"https:\/\/api.w.org\/{rel}","templated":true}]}}