{"id":77700,"date":"2018-06-25T11:46:44","date_gmt":"2018-06-25T14:46:44","guid":{"rendered":"http:\/\/www.hoymercedes.com.ar\/principal\/?p=77700"},"modified":"2018-06-25T19:00:05","modified_gmt":"2018-06-25T22:00:05","slug":"en-reserva-sumaron-casi-todos-los-que-ingresan-a-liguilla","status":"publish","type":"post","link":"https:\/\/www.hoymercedes.com.ar\/principal\/2018\/06\/25\/en-reserva-sumaron-casi-todos-los-que-ingresan-a-liguilla\/","title":{"rendered":"En Reserva sumaron casi todos los que ingresan a Liguilla"},"content":{"rendered":"<p>No hubo grandes sorpresas el certamen de Reserva de la Liga Mercedina en cuanto a resultados, ya que todos los equipos de la parte alta de cada zona se enfrentaron con los de la parte baja y los resultados fueron los l\u00f3gicos. S\u00f3lo se midieron Trocha y AMEFIP Barrio San Mart\u00edn, que pelean en la Zona B, y terminaron empatados para que, con la victoria de El Front\u00f3n, la diferencia de puntos sea la m\u00ednima entre los tres.<\/p>\n<p>En la Zona A, Pabell\u00f3n le descont\u00f3 a Atl\u00e9tico Marcos Paz y, salvo Col\u00f3n, que perdi\u00f3 ante Holanda, el resto, todos sumaron.<\/p>\n<p>JUVENTUD: -3-; Santiago Su\u00e1rez, Esteban Braghi, Alejandro Mansilla.<br \/>\nDEFENSORES: -2-; Cristian Barroca, Cristian Lucero<\/p>\n<p>ATLETICO MARCOS PAZ: -2-; Gonzalo Ru\u00edz (2)<br \/>\nCOMUNICACIONES: -2-; Alexis S\u00e1nchez, Jer\u00f3nimo Navarro<\/p>\n<p>ESTUDIANTES: -0-<br \/>\nPABELLON ARGENTINO: -1-; Mauro Vigliarolo<\/p>\n<p>EL FRONTON: -5-; Santiago Gaynor, Sergio G\u00f3mez, Jos\u00e9 Mansilla, Francisco Lennard, Joaqu\u00edn Casado.<br \/>\nUNION: -1-; Mat\u00edas Altamore<\/p>\n<p>QUILMES A.C.: -1-; Joaqu\u00edn Dabove<br \/>\nVELEZ SARSFIELD: -1-; Nicol\u00e1s Bartolomeo<\/p>\n<p>PALOMETAS: -1-; Federico Flores Arce<br \/>\nCOSTA BRAVA: -2-; Yonatan Tust, Mat\u00edas G\u00f3mez<\/p>\n<p>HOLANDA: -3-; Juan Demonti, Braian Flores (2)<br \/>\nCOLON: -2-; Maximiliano Alfonso, Diego Cerdeiro<\/p>\n<p>EL TIMON: -0-<br \/>\nMERCEDES: -3-; Gustavo B\u00edsforo, Francisco Silvestre, Franco Mart\u00ednez<\/p>\n<p>AMEFIP: -0-<br \/>\nTROCHA: -0-<\/p>\n<p>ATENEO: -0-<br \/>\nPE\u00d1A XENEIZE: -1-; Daniel Becerra<\/p>\n<p><img loading=\"lazy\" decoding=\"async\" data-attachment-id=\"77701\" data-permalink=\"https:\/\/www.hoymercedes.com.ar\/principal\/2018\/06\/25\/en-reserva-sumaron-casi-todos-los-que-ingresan-a-liguilla\/pos-reserva-46\/#main\" data-orig-file=\"https:\/\/www.hoymercedes.com.ar\/principal\/wp-content\/uploads\/2018\/06\/Pos-Reserva-3.png\" data-orig-size=\"569,595\" data-comments-opened=\"0\" data-image-meta=\"{&quot;aperture&quot;:&quot;0&quot;,&quot;credit&quot;:&quot;&quot;,&quot;camera&quot;:&quot;&quot;,&quot;caption&quot;:&quot;&quot;,&quot;created_timestamp&quot;:&quot;0&quot;,&quot;copyright&quot;:&quot;&quot;,&quot;focal_length&quot;:&quot;0&quot;,&quot;iso&quot;:&quot;0&quot;,&quot;shutter_speed&quot;:&quot;0&quot;,&quot;title&quot;:&quot;&quot;,&quot;orientation&quot;:&quot;0&quot;}\" data-image-title=\"Pos Reserva\" data-image-description=\"\" data-image-caption=\"\" data-large-file=\"https:\/\/www.hoymercedes.com.ar\/principal\/wp-content\/uploads\/2018\/06\/Pos-Reserva-3.png\" class=\"aligncenter size-full wp-image-77701\" src=\"https:\/\/www.hoymercedes.com.ar\/principal\/wp-content\/uploads\/2018\/06\/Pos-Reserva-3.png\" alt=\"\" width=\"569\" height=\"595\" srcset=\"https:\/\/www.hoymercedes.com.ar\/principal\/wp-content\/uploads\/2018\/06\/Pos-Reserva-3.png 569w, https:\/\/www.hoymercedes.com.ar\/principal\/wp-content\/uploads\/2018\/06\/Pos-Reserva-3-143x150.png 143w\" sizes=\"auto, (max-width: 569px) 100vw, 569px\" \/><\/p>\n<p><img loading=\"lazy\" decoding=\"async\" data-attachment-id=\"77724\" data-permalink=\"https:\/\/www.hoymercedes.com.ar\/principal\/2018\/06\/25\/en-reserva-sumaron-casi-todos-los-que-ingresan-a-liguilla\/goles-reserva-37\/#main\" data-orig-file=\"https:\/\/www.hoymercedes.com.ar\/principal\/wp-content\/uploads\/2018\/06\/Goles-Reserva-4.png\" data-orig-size=\"323,427\" data-comments-opened=\"0\" data-image-meta=\"{&quot;aperture&quot;:&quot;0&quot;,&quot;credit&quot;:&quot;&quot;,&quot;camera&quot;:&quot;&quot;,&quot;caption&quot;:&quot;&quot;,&quot;created_timestamp&quot;:&quot;0&quot;,&quot;copyright&quot;:&quot;&quot;,&quot;focal_length&quot;:&quot;0&quot;,&quot;iso&quot;:&quot;0&quot;,&quot;shutter_speed&quot;:&quot;0&quot;,&quot;title&quot;:&quot;&quot;,&quot;orientation&quot;:&quot;0&quot;}\" data-image-title=\"Goles Reserva\" data-image-description=\"\" data-image-caption=\"\" data-large-file=\"https:\/\/www.hoymercedes.com.ar\/principal\/wp-content\/uploads\/2018\/06\/Goles-Reserva-4.png\" class=\"aligncenter size-full wp-image-77724\" src=\"https:\/\/www.hoymercedes.com.ar\/principal\/wp-content\/uploads\/2018\/06\/Goles-Reserva-4.png\" alt=\"\" width=\"323\" height=\"427\" srcset=\"https:\/\/www.hoymercedes.com.ar\/principal\/wp-content\/uploads\/2018\/06\/Goles-Reserva-4.png 323w, https:\/\/www.hoymercedes.com.ar\/principal\/wp-content\/uploads\/2018\/06\/Goles-Reserva-4-113x150.png 113w\" sizes=\"auto, (max-width: 323px) 100vw, 323px\" \/><\/p>\n","protected":false},"excerpt":{"rendered":"<p>No hubo grandes sorpresas el certamen de Reserva de la Liga Mercedina en cuanto a resultados, ya que todos los &#8230; <a title=\"En Reserva sumaron casi todos los que ingresan a Liguilla\" class=\"read-more\" href=\"https:\/\/www.hoymercedes.com.ar\/principal\/2018\/06\/25\/en-reserva-sumaron-casi-todos-los-que-ingresan-a-liguilla\/\" aria-label=\"Leer m\u00e1s sobre En Reserva sumaron casi todos los que ingresan a Liguilla\">Leer m\u00e1s<\/a><\/p>\n","protected":false},"author":1,"featured_media":77701,"comment_status":"closed","ping_status":"open","sticky":false,"template":"","format":"standard","meta":{"_monsterinsights_skip_tracking":false,"_monsterinsights_sitenote_active":false,"_monsterinsights_sitenote_note":"","_monsterinsights_sitenote_category":0,"jetpack_post_was_ever_published":false,"_jetpack_newsletter_access":"","_jetpack_dont_email_post_to_subs":false,"_jetpack_newsletter_tier_id":0,"_jetpack_memberships_contains_paywalled_content":false,"_jetpack_memberships_contains_paid_content":false,"footnotes":"","jetpack_publicize_message":"","jetpack_publicize_feature_enabled":true,"jetpack_social_post_already_shared":true,"jetpack_social_options":{"image_generator_settings":{"template":"highway","default_image_id":0,"font":"","enabled":false},"version":2},"_wpas_customize_per_network":false},"categories":[21],"tags":[204,1901,10,8775],"class_list":["post-77700","post","type-post","status-publish","format-standard","has-post-thumbnail","hentry","category-deportes","tag-deportes-2","tag-liga-mercedina","tag-mercedes","tag-reserva","generate-columns","tablet-grid-50","mobile-grid-100","grid-parent","grid-50"],"jetpack_publicize_connections":[],"jetpack_featured_media_url":"https:\/\/www.hoymercedes.com.ar\/principal\/wp-content\/uploads\/2018\/06\/Pos-Reserva-3.png","wps_subtitle":"Liga Mercedina","jetpack_sharing_enabled":true,"_links":{"self":[{"href":"https:\/\/www.hoymercedes.com.ar\/principal\/wp-json\/wp\/v2\/posts\/77700","targetHints":{"allow":["GET"]}}],"collection":[{"href":"https:\/\/www.hoymercedes.com.ar\/principal\/wp-json\/wp\/v2\/posts"}],"about":[{"href":"https:\/\/www.hoymercedes.com.ar\/principal\/wp-json\/wp\/v2\/types\/post"}],"author":[{"embeddable":true,"href":"https:\/\/www.hoymercedes.com.ar\/principal\/wp-json\/wp\/v2\/users\/1"}],"replies":[{"embeddable":true,"href":"https:\/\/www.hoymercedes.com.ar\/principal\/wp-json\/wp\/v2\/comments?post=77700"}],"version-history":[{"count":0,"href":"https:\/\/www.hoymercedes.com.ar\/principal\/wp-json\/wp\/v2\/posts\/77700\/revisions"}],"wp:featuredmedia":[{"embeddable":true,"href":"https:\/\/www.hoymercedes.com.ar\/principal\/wp-json\/wp\/v2\/media\/77701"}],"wp:attachment":[{"href":"https:\/\/www.hoymercedes.com.ar\/principal\/wp-json\/wp\/v2\/media?parent=77700"}],"wp:term":[{"taxonomy":"category","embeddable":true,"href":"https:\/\/www.hoymercedes.com.ar\/principal\/wp-json\/wp\/v2\/categories?post=77700"},{"taxonomy":"post_tag","embeddable":true,"href":"https:\/\/www.hoymercedes.com.ar\/principal\/wp-json\/wp\/v2\/tags?post=77700"}],"curies":[{"name":"wp","href":"https:\/\/api.w.org\/{rel}","templated":true}]}}