{"id":77708,"date":"2018-06-25T17:01:28","date_gmt":"2018-06-25T20:01:28","guid":{"rendered":"http:\/\/www.hoymercedes.com.ar\/principal\/?p=77708"},"modified":"2018-06-26T09:21:06","modified_gmt":"2018-06-26T12:21:06","slug":"policia-comunal-detiene-a-ladron-motorizado-y-esclarece-otros-hecho","status":"publish","type":"post","link":"https:\/\/www.hoymercedes.com.ar\/principal\/2018\/06\/25\/policia-comunal-detiene-a-ladron-motorizado-y-esclarece-otros-hecho\/","title":{"rendered":"Polic\u00eda Comunal detiene a ladr\u00f3n motorizado y esclarece otros hecho"},"content":{"rendered":"<figure id=\"attachment_77709\" aria-describedby=\"caption-attachment-77709\" style=\"width: 720px\" class=\"wp-caption aligncenter\"><img loading=\"lazy\" decoding=\"async\" data-attachment-id=\"77709\" data-permalink=\"https:\/\/www.hoymercedes.com.ar\/principal\/2018\/06\/25\/policia-comunal-detiene-a-ladron-motorizado-y-esclarece-otros-hecho\/detenido-2\/#main\" data-orig-file=\"https:\/\/www.hoymercedes.com.ar\/principal\/wp-content\/uploads\/2018\/06\/Detenido-2.jpeg\" data-orig-size=\"730,859\" data-comments-opened=\"0\" data-image-meta=\"{&quot;aperture&quot;:&quot;0&quot;,&quot;credit&quot;:&quot;&quot;,&quot;camera&quot;:&quot;&quot;,&quot;caption&quot;:&quot;&quot;,&quot;created_timestamp&quot;:&quot;0&quot;,&quot;copyright&quot;:&quot;&quot;,&quot;focal_length&quot;:&quot;0&quot;,&quot;iso&quot;:&quot;0&quot;,&quot;shutter_speed&quot;:&quot;0&quot;,&quot;title&quot;:&quot;&quot;,&quot;orientation&quot;:&quot;0&quot;}\" data-image-title=\"Detenido-2\" data-image-description=\"\" data-image-caption=\"&lt;p&gt;\u00abMoto chorro\u00bb&lt;\/p&gt;\n\" data-large-file=\"https:\/\/www.hoymercedes.com.ar\/principal\/wp-content\/uploads\/2018\/06\/Detenido-2.jpeg\" class=\"wp-image-77709 size-full\" src=\"https:\/\/www.hoymercedes.com.ar\/principal\/wp-content\/uploads\/2018\/06\/Detenido-2.jpeg\" alt=\"\" width=\"730\" height=\"859\" srcset=\"https:\/\/www.hoymercedes.com.ar\/principal\/wp-content\/uploads\/2018\/06\/Detenido-2.jpeg 730w, https:\/\/www.hoymercedes.com.ar\/principal\/wp-content\/uploads\/2018\/06\/Detenido-2-127x150.jpeg 127w, https:\/\/www.hoymercedes.com.ar\/principal\/wp-content\/uploads\/2018\/06\/Detenido-2-527x620.jpeg 527w\" sizes=\"auto, (max-width: 730px) 100vw, 730px\" \/><figcaption id=\"caption-attachment-77709\" class=\"wp-caption-text\">\u00abMoto chorro\u00bb<\/figcaption><\/figure>\n<p>La Polic\u00eda Comunal de nuestra ciudad llev\u00f3 a cabo en las \u00faltimas jornadas detenciones y recuperaci\u00f3n de bienes de nuestros vecinos tras efectuar una investigaci\u00f3n tras recibir las correspondientes denuncias de hechos delictivos. Los dirigidos por Sergio Macedo lograron no solo las detenciones, sino tambi\u00e9n trabajar en una l\u00ednea de acci\u00f3n que podr\u00eda dar m\u00e1s resultados en los pr\u00f3ximos d\u00edas.<\/p>\n<p>Robo en moto<br \/>\nSe supo que d\u00edas atr\u00e1s se produjo la modalidad de robo utilizando una moto como veh\u00edculo de r\u00e1pida movilidad en el asalto. Una moto Honda Tit\u00e1n era la sindicada. Los uniformados iniciaron con los datos obtenidos y tras la denuncia de una vecina una investigaci\u00f3n que permiti\u00f3 la detenci\u00f3n de un masculino que ser\u00eda un punto de enlace importante para seguir pistas de otros potenciales hechos.}<br \/>\nEl acto se concret\u00f3 en calle 38 entre 21 y 23, poco despu\u00e9s de las 22hs y se logr\u00f3 la recuperaci\u00f3n de lo robado, siendo un tel\u00e9fono m\u00f3vil propiedad de la vecina v\u00edctima de apellido G\u00f3mez. El sujeto detenido est\u00e1 tras las rejas y a disposici\u00f3n de la justicia.<\/p>\n<figure id=\"attachment_77710\" aria-describedby=\"caption-attachment-77710\" style=\"width: 620px\" class=\"wp-caption aligncenter\"><img loading=\"lazy\" decoding=\"async\" data-attachment-id=\"77710\" data-permalink=\"https:\/\/www.hoymercedes.com.ar\/principal\/2018\/06\/25\/policia-comunal-detiene-a-ladron-motorizado-y-esclarece-otros-hecho\/bici-recuperada\/#main\" data-orig-file=\"https:\/\/www.hoymercedes.com.ar\/principal\/wp-content\/uploads\/2018\/06\/bici-recuperada.jpeg\" data-orig-size=\"1280,720\" data-comments-opened=\"0\" data-image-meta=\"{&quot;aperture&quot;:&quot;0&quot;,&quot;credit&quot;:&quot;&quot;,&quot;camera&quot;:&quot;&quot;,&quot;caption&quot;:&quot;&quot;,&quot;created_timestamp&quot;:&quot;0&quot;,&quot;copyright&quot;:&quot;&quot;,&quot;focal_length&quot;:&quot;0&quot;,&quot;iso&quot;:&quot;0&quot;,&quot;shutter_speed&quot;:&quot;0&quot;,&quot;title&quot;:&quot;&quot;,&quot;orientation&quot;:&quot;0&quot;}\" data-image-title=\"bici-recuperada\" data-image-description=\"\" data-image-caption=\"&lt;p&gt;Bicicleta recuperada&lt;\/p&gt;\n\" data-large-file=\"https:\/\/www.hoymercedes.com.ar\/principal\/wp-content\/uploads\/2018\/06\/bici-recuperada-1024x576.jpeg\" class=\"size-medium wp-image-77710\" src=\"https:\/\/www.hoymercedes.com.ar\/principal\/wp-content\/uploads\/2018\/06\/bici-recuperada-630x354.jpeg\" alt=\"\" width=\"630\" height=\"354\" srcset=\"https:\/\/www.hoymercedes.com.ar\/principal\/wp-content\/uploads\/2018\/06\/bici-recuperada-630x354.jpeg 630w, https:\/\/www.hoymercedes.com.ar\/principal\/wp-content\/uploads\/2018\/06\/bici-recuperada-150x84.jpeg 150w, https:\/\/www.hoymercedes.com.ar\/principal\/wp-content\/uploads\/2018\/06\/bici-recuperada-1024x576.jpeg 1024w, https:\/\/www.hoymercedes.com.ar\/principal\/wp-content\/uploads\/2018\/06\/bici-recuperada.jpeg 1280w\" sizes=\"auto, (max-width: 630px) 100vw, 630px\" \/><figcaption id=\"caption-attachment-77710\" class=\"wp-caption-text\">Bicicleta recuperada<\/figcaption><\/figure>\n<p>Bici recuperada<br \/>\nUna vecina explic\u00f3 que sinti\u00f3 un ruido en su garaje, donde ten\u00eda una bicicleta Venza y que desde all\u00ed mismo, tras violentar el port\u00f3n se llevan la bicicleta. R\u00e1pidamente da aviso a los dirigidos por el comisario Macedo e intervenci\u00f3n a la U.F.I N\u00b06.<br \/>\nTras investigar el hecho los integrantes de la Estaci\u00f3n Comunal Mercedes logran dar con el autor, un masculino de apellido Adrob\u00e9 en calle 14 y 103, recuperando el bien de la vecina de apellido Huerto.<\/p>\n<figure id=\"attachment_77712\" aria-describedby=\"caption-attachment-77712\" style=\"width: 620px\" class=\"wp-caption aligncenter\"><img loading=\"lazy\" decoding=\"async\" data-attachment-id=\"77712\" data-permalink=\"https:\/\/www.hoymercedes.com.ar\/principal\/2018\/06\/25\/policia-comunal-detiene-a-ladron-motorizado-y-esclarece-otros-hecho\/incautacion-policiagowland\/#main\" data-orig-file=\"https:\/\/www.hoymercedes.com.ar\/principal\/wp-content\/uploads\/2018\/06\/Incautacion-PoliciaGowland.jpeg\" data-orig-size=\"730,511\" data-comments-opened=\"0\" data-image-meta=\"{&quot;aperture&quot;:&quot;0&quot;,&quot;credit&quot;:&quot;&quot;,&quot;camera&quot;:&quot;&quot;,&quot;caption&quot;:&quot;&quot;,&quot;created_timestamp&quot;:&quot;0&quot;,&quot;copyright&quot;:&quot;&quot;,&quot;focal_length&quot;:&quot;0&quot;,&quot;iso&quot;:&quot;0&quot;,&quot;shutter_speed&quot;:&quot;0&quot;,&quot;title&quot;:&quot;&quot;,&quot;orientation&quot;:&quot;0&quot;}\" data-image-title=\"Incautacion-PoliciaGowland\" data-image-description=\"\" data-image-caption=\"&lt;p&gt;Incautaciones&lt;\/p&gt;\n\" data-large-file=\"https:\/\/www.hoymercedes.com.ar\/principal\/wp-content\/uploads\/2018\/06\/Incautacion-PoliciaGowland.jpeg\" class=\"size-medium wp-image-77712\" src=\"https:\/\/www.hoymercedes.com.ar\/principal\/wp-content\/uploads\/2018\/06\/Incautacion-PoliciaGowland-630x441.jpeg\" alt=\"\" width=\"630\" height=\"441\" srcset=\"https:\/\/www.hoymercedes.com.ar\/principal\/wp-content\/uploads\/2018\/06\/Incautacion-PoliciaGowland-630x441.jpeg 630w, https:\/\/www.hoymercedes.com.ar\/principal\/wp-content\/uploads\/2018\/06\/Incautacion-PoliciaGowland-150x105.jpeg 150w, https:\/\/www.hoymercedes.com.ar\/principal\/wp-content\/uploads\/2018\/06\/Incautacion-PoliciaGowland.jpeg 730w\" sizes=\"auto, (max-width: 630px) 100vw, 630px\" \/><figcaption id=\"caption-attachment-77712\" class=\"wp-caption-text\">Incautaciones<\/figcaption><\/figure>\n<p>Detenido<br \/>\nOtro hecho resuelto fue la detenci\u00f3n de un joven, a instancias de la delegaci\u00f3n Gowland, que ten\u00eda en su poder sustancias prohibidas. Las tareas de prevenci\u00f3n en esta localidad son constantes. Semanas atr\u00e1s tambi\u00e9n se hab\u00edan producido detenciones en la misma l\u00ednea llevando tranquilidad a los vecinos.<\/p>\n<p>El comisario Macedo destac\u00f3 la tarea efectuada \u201cagradeciendo a todo el equipo de la Estaci\u00f3n Comunal Mercedes, junto a Alejandro Delporto, Ricardo Distefano como as\u00ed tambi\u00e9n al jefe del gabinete de prevenci\u00f3n oficial subinspector Roberto Laf\u00f3n con el equipo de trabajo junto a Sandro Herrera, Dar\u00edo Luj\u00e1n y Mat\u00edas Ponce\u201d y por supuesto \u201cal Departamento Judicial Mercedes\u201d con quien llevan constantes y cotidianas tareas en conjunto<\/p>\n<figure id=\"attachment_77711\" aria-describedby=\"caption-attachment-77711\" style=\"width: 620px\" class=\"wp-caption aligncenter\"><img loading=\"lazy\" decoding=\"async\" data-attachment-id=\"77711\" data-permalink=\"https:\/\/www.hoymercedes.com.ar\/principal\/2018\/06\/25\/policia-comunal-detiene-a-ladron-motorizado-y-esclarece-otros-hecho\/detenido-3\/#main\" data-orig-file=\"https:\/\/www.hoymercedes.com.ar\/principal\/wp-content\/uploads\/2018\/06\/Detenido-3.jpeg\" data-orig-size=\"1180,812\" data-comments-opened=\"0\" data-image-meta=\"{&quot;aperture&quot;:&quot;0&quot;,&quot;credit&quot;:&quot;&quot;,&quot;camera&quot;:&quot;&quot;,&quot;caption&quot;:&quot;&quot;,&quot;created_timestamp&quot;:&quot;0&quot;,&quot;copyright&quot;:&quot;&quot;,&quot;focal_length&quot;:&quot;0&quot;,&quot;iso&quot;:&quot;0&quot;,&quot;shutter_speed&quot;:&quot;0&quot;,&quot;title&quot;:&quot;&quot;,&quot;orientation&quot;:&quot;0&quot;}\" data-image-title=\"Detenido-3\" data-image-description=\"\" data-image-caption=\"&lt;p&gt;Detenido en Gowland&lt;\/p&gt;\n\" data-large-file=\"https:\/\/www.hoymercedes.com.ar\/principal\/wp-content\/uploads\/2018\/06\/Detenido-3-1024x705.jpeg\" class=\"size-medium wp-image-77711\" src=\"https:\/\/www.hoymercedes.com.ar\/principal\/wp-content\/uploads\/2018\/06\/Detenido-3-630x434.jpeg\" alt=\"\" width=\"630\" height=\"434\" srcset=\"https:\/\/www.hoymercedes.com.ar\/principal\/wp-content\/uploads\/2018\/06\/Detenido-3-630x434.jpeg 630w, https:\/\/www.hoymercedes.com.ar\/principal\/wp-content\/uploads\/2018\/06\/Detenido-3-150x103.jpeg 150w, https:\/\/www.hoymercedes.com.ar\/principal\/wp-content\/uploads\/2018\/06\/Detenido-3-1024x705.jpeg 1024w, https:\/\/www.hoymercedes.com.ar\/principal\/wp-content\/uploads\/2018\/06\/Detenido-3.jpeg 1180w\" sizes=\"auto, (max-width: 630px) 100vw, 630px\" \/><figcaption id=\"caption-attachment-77711\" class=\"wp-caption-text\">Detenido en Gowland<\/figcaption><\/figure>\n","protected":false},"excerpt":{"rendered":"<p>La Polic\u00eda Comunal de nuestra ciudad llev\u00f3 a cabo en las \u00faltimas jornadas detenciones y recuperaci\u00f3n de bienes de nuestros &#8230; <a title=\"Polic\u00eda Comunal detiene a ladr\u00f3n motorizado y esclarece otros hecho\" class=\"read-more\" href=\"https:\/\/www.hoymercedes.com.ar\/principal\/2018\/06\/25\/policia-comunal-detiene-a-ladron-motorizado-y-esclarece-otros-hecho\/\" aria-label=\"Leer m\u00e1s sobre Polic\u00eda Comunal detiene a ladr\u00f3n motorizado y esclarece otros hecho\">Leer m\u00e1s<\/a><\/p>\n","protected":false},"author":1,"featured_media":77709,"comment_status":"closed","ping_status":"open","sticky":false,"template":"","format":"standard","meta":{"_monsterinsights_skip_tracking":false,"_monsterinsights_sitenote_active":false,"_monsterinsights_sitenote_note":"","_monsterinsights_sitenote_category":0,"jetpack_post_was_ever_published":false,"_jetpack_newsletter_access":"","_jetpack_dont_email_post_to_subs":false,"_jetpack_newsletter_tier_id":0,"_jetpack_memberships_contains_paywalled_content":false,"_jetpack_memberships_contains_paid_content":false,"footnotes":"","jetpack_publicize_message":"","jetpack_publicize_feature_enabled":true,"jetpack_social_post_already_shared":true,"jetpack_social_options":{"image_generator_settings":{"template":"highway","default_image_id":0,"font":"","enabled":false},"version":2},"_wpas_customize_per_network":false},"categories":[85],"tags":[5766,10277],"class_list":["post-77708","post","type-post","status-publish","format-standard","has-post-thumbnail","hentry","category-policial","tag-policia-comunal","tag-sergio-macedo","generate-columns","tablet-grid-50","mobile-grid-100","grid-parent","grid-50"],"jetpack_publicize_connections":[],"jetpack_featured_media_url":"https:\/\/www.hoymercedes.com.ar\/principal\/wp-content\/uploads\/2018\/06\/Detenido-2.jpeg","wps_subtitle":"","jetpack_sharing_enabled":true,"_links":{"self":[{"href":"https:\/\/www.hoymercedes.com.ar\/principal\/wp-json\/wp\/v2\/posts\/77708","targetHints":{"allow":["GET"]}}],"collection":[{"href":"https:\/\/www.hoymercedes.com.ar\/principal\/wp-json\/wp\/v2\/posts"}],"about":[{"href":"https:\/\/www.hoymercedes.com.ar\/principal\/wp-json\/wp\/v2\/types\/post"}],"author":[{"embeddable":true,"href":"https:\/\/www.hoymercedes.com.ar\/principal\/wp-json\/wp\/v2\/users\/1"}],"replies":[{"embeddable":true,"href":"https:\/\/www.hoymercedes.com.ar\/principal\/wp-json\/wp\/v2\/comments?post=77708"}],"version-history":[{"count":0,"href":"https:\/\/www.hoymercedes.com.ar\/principal\/wp-json\/wp\/v2\/posts\/77708\/revisions"}],"wp:featuredmedia":[{"embeddable":true,"href":"https:\/\/www.hoymercedes.com.ar\/principal\/wp-json\/wp\/v2\/media\/77709"}],"wp:attachment":[{"href":"https:\/\/www.hoymercedes.com.ar\/principal\/wp-json\/wp\/v2\/media?parent=77708"}],"wp:term":[{"taxonomy":"category","embeddable":true,"href":"https:\/\/www.hoymercedes.com.ar\/principal\/wp-json\/wp\/v2\/categories?post=77708"},{"taxonomy":"post_tag","embeddable":true,"href":"https:\/\/www.hoymercedes.com.ar\/principal\/wp-json\/wp\/v2\/tags?post=77708"}],"curies":[{"name":"wp","href":"https:\/\/api.w.org\/{rel}","templated":true}]}}