{"id":7785,"date":"2011-09-30T02:27:34","date_gmt":"2011-09-30T02:27:34","guid":{"rendered":"http:\/\/www.hoymercedes.com.ar\/principal\/?p=7785"},"modified":"2011-09-30T02:27:34","modified_gmt":"2011-09-30T02:27:34","slug":"dara-una-charla-el-lic-giacchino-sobre-medio-ambiente","status":"publish","type":"post","link":"https:\/\/www.hoymercedes.com.ar\/principal\/2011\/09\/30\/dara-una-charla-el-lic-giacchino-sobre-medio-ambiente\/","title":{"rendered":"Dar\u00e1 una charla el Lic. Giacchino sobre medio ambiente"},"content":{"rendered":"<p>La Municipalidad de Mercedes, a trav\u00e9s de la Direcci\u00f3n de Cultura y Educaci\u00f3n tiene el agrado de invitar a la charla que dar\u00e1 el Lic. Adri\u00e1n Giacchino, director de la Fundaci\u00f3n de Historia Natural Felix de Azara, el d\u00eda viernes 7 de octubre a las 18,30 hs. en el Complejo Ameghino &#8211; Mar\u00edn, calle 26 esq. 21<\/p>\n<p>La Fundaci\u00f3n Felix de Azara es una instituci\u00f3n no gubernamental y sin fines de lucro, con la misi\u00f3n de contribuir al estudio y conservaci\u00f3n del patrimonio natural y cultural.<\/p>\n<p>Tiene especial inter\u00e9s en la conservaci\u00f3n del medio ambiente y la investigaci\u00f3n de la naturaleza en distintas regiones del pa\u00eds. Ha colaborado con el Museo Municipal de Ciencias Naturales \u00abCarlos Ameghino\u00bb desde 2007, donando libros y con una publicaci\u00f3n.<\/p>\n","protected":false},"excerpt":{"rendered":"<p>La Municipalidad de Mercedes, a trav\u00e9s de la Direcci\u00f3n de Cultura y Educaci\u00f3n tiene el agrado de invitar a la &#8230; <a title=\"Dar\u00e1 una charla el Lic. Giacchino sobre medio ambiente\" class=\"read-more\" href=\"https:\/\/www.hoymercedes.com.ar\/principal\/2011\/09\/30\/dara-una-charla-el-lic-giacchino-sobre-medio-ambiente\/\" aria-label=\"Leer m\u00e1s sobre Dar\u00e1 una charla el Lic. Giacchino sobre medio ambiente\">Leer m\u00e1s<\/a><\/p>\n","protected":false},"author":1,"featured_media":0,"comment_status":"open","ping_status":"open","sticky":false,"template":"","format":"standard","meta":{"_monsterinsights_skip_tracking":false,"_monsterinsights_sitenote_active":false,"_monsterinsights_sitenote_note":"","_monsterinsights_sitenote_category":0,"jetpack_post_was_ever_published":false,"_jetpack_newsletter_access":"","_jetpack_dont_email_post_to_subs":false,"_jetpack_newsletter_tier_id":0,"_jetpack_memberships_contains_paywalled_content":false,"_jetpack_memberships_contains_paid_content":false,"footnotes":"","jetpack_publicize_message":"","jetpack_publicize_feature_enabled":true,"jetpack_social_post_already_shared":false,"jetpack_social_options":{"image_generator_settings":{"template":"highway","default_image_id":0,"font":"","enabled":false},"version":2},"_wpas_customize_per_network":false},"categories":[8],"tags":[43,1378],"class_list":["post-7785","post","type-post","status-publish","format-standard","hentry","category-sociedad","tag-medio-ambiente","tag-naturaleza","generate-columns","tablet-grid-50","mobile-grid-100","grid-parent","grid-50"],"jetpack_publicize_connections":[],"jetpack_featured_media_url":"","wps_subtitle":"","jetpack_sharing_enabled":true,"_links":{"self":[{"href":"https:\/\/www.hoymercedes.com.ar\/principal\/wp-json\/wp\/v2\/posts\/7785","targetHints":{"allow":["GET"]}}],"collection":[{"href":"https:\/\/www.hoymercedes.com.ar\/principal\/wp-json\/wp\/v2\/posts"}],"about":[{"href":"https:\/\/www.hoymercedes.com.ar\/principal\/wp-json\/wp\/v2\/types\/post"}],"author":[{"embeddable":true,"href":"https:\/\/www.hoymercedes.com.ar\/principal\/wp-json\/wp\/v2\/users\/1"}],"replies":[{"embeddable":true,"href":"https:\/\/www.hoymercedes.com.ar\/principal\/wp-json\/wp\/v2\/comments?post=7785"}],"version-history":[{"count":0,"href":"https:\/\/www.hoymercedes.com.ar\/principal\/wp-json\/wp\/v2\/posts\/7785\/revisions"}],"wp:attachment":[{"href":"https:\/\/www.hoymercedes.com.ar\/principal\/wp-json\/wp\/v2\/media?parent=7785"}],"wp:term":[{"taxonomy":"category","embeddable":true,"href":"https:\/\/www.hoymercedes.com.ar\/principal\/wp-json\/wp\/v2\/categories?post=7785"},{"taxonomy":"post_tag","embeddable":true,"href":"https:\/\/www.hoymercedes.com.ar\/principal\/wp-json\/wp\/v2\/tags?post=7785"}],"curies":[{"name":"wp","href":"https:\/\/api.w.org\/{rel}","templated":true}]}}