{"id":77884,"date":"2018-06-28T18:25:16","date_gmt":"2018-06-28T21:25:16","guid":{"rendered":"http:\/\/www.hoymercedes.com.ar\/principal\/?p=77884"},"modified":"2018-06-28T18:26:32","modified_gmt":"2018-06-28T21:26:32","slug":"el-jurado-actuo-se-conocen-los-seleccionados-para-el-salon-de-pintura","status":"publish","type":"post","link":"https:\/\/www.hoymercedes.com.ar\/principal\/2018\/06\/28\/el-jurado-actuo-se-conocen-los-seleccionados-para-el-salon-de-pintura\/","title":{"rendered":"El jurado actu\u00f3: se conocen los seleccionados para el Sal\u00f3n de Pintura"},"content":{"rendered":"<p>El jurado del 15\u00b0 Sal\u00f3n Anual Provincial de Pintura \u00abCiudad de Mercedes\u00bb 2018 actu\u00f3 durante el d\u00eda mi\u00e9rcoles en donde tuvo la dura tarea de seleccionar entre 233 pinturas qui\u00e9nes integrar\u00edan la exposici\u00f3n a inaugurarse el pr\u00f3ximo s\u00e1bado 7 de julio. 31 obras fueron seleccionadas, de las cuales s\u00f3lo tres pertenecen a artistas locales.<\/p>\n<p>El pasado domingo 24 de Junio finaliz\u00f3 la primera etapa del 15\u00b0 Sal\u00f3n Anual Provincial de Pintura \u00abCiudad de Mercedes\u00bb 2018, con la recepci\u00f3n de m\u00e1s de 230 obras. En tanto,\u00a0el mi\u00e9rcoles, el jurado integrado por Alejandro De Ilzarbe (MNBA), Cecilia Medina (curadora) y Guillermo David (BNMM) estuvo presente en el Museo de Arte \u00abMunicipalidad de Mercedes\u00bb para determinar los seleccionados y premios de esta nueva edici\u00f3n del certamen de pintura.<\/p>\n<p>El listado de seleccionados se dio a conocer el d\u00eda jueves al mediod\u00eda. Son 31 los nombres de los artistas pl\u00e1sticos que fueron seleccionados. S\u00f3lo tres de Mercedes participar\u00e1n del sal\u00f3n: C\u00e9sar Lalla, Pablo Russo y Jorge Blanco. Uno de ellos, obviamente, ganar\u00e1 el premio local.<\/p>\n<p>Los ganadores de premios y menciones se conocer\u00e1n en la inauguraci\u00f3n del Sal\u00f3n el d\u00eda 7 de julio\u00a0desde las 19:30 hs, en el Museo de Arte Municipalidad de Mercedes (MAMM). Durante la inauguraci\u00f3n se conocer\u00e1n los premios y menciones de este a\u00f1o.<\/p>\n<p>Se le recuerda\u00a0a aquellos cuyas obras no han sido seleccionadas por el jurado pueden retirarlas a partir del viernes 29 de Junio, en los horarios de atenci\u00f3n del Museo (martes a viernes de 8 a 19 hs, s\u00e1bados y domingos de 16 a 20 hs).<\/p>\n<p><img loading=\"lazy\" decoding=\"async\" data-attachment-id=\"77886\" data-permalink=\"https:\/\/www.hoymercedes.com.ar\/principal\/2018\/06\/28\/el-jurado-actuo-se-conocen-los-seleccionados-para-el-salon-de-pintura\/28-salon-pintura\/#main\" data-orig-file=\"https:\/\/www.hoymercedes.com.ar\/principal\/wp-content\/uploads\/2018\/06\/28-salon-pintura.jpg\" data-orig-size=\"800,477\" data-comments-opened=\"0\" data-image-meta=\"{&quot;aperture&quot;:&quot;0&quot;,&quot;credit&quot;:&quot;Museo Arte&quot;,&quot;camera&quot;:&quot;&quot;,&quot;caption&quot;:&quot;&quot;,&quot;created_timestamp&quot;:&quot;0&quot;,&quot;copyright&quot;:&quot;&quot;,&quot;focal_length&quot;:&quot;0&quot;,&quot;iso&quot;:&quot;0&quot;,&quot;shutter_speed&quot;:&quot;0&quot;,&quot;title&quot;:&quot;&quot;,&quot;orientation&quot;:&quot;0&quot;}\" data-image-title=\"28 salon pintura\" data-image-description=\"\" data-image-caption=\"\" data-large-file=\"https:\/\/www.hoymercedes.com.ar\/principal\/wp-content\/uploads\/2018\/06\/28-salon-pintura.jpg\" class=\"aligncenter size-medium wp-image-77886\" src=\"https:\/\/www.hoymercedes.com.ar\/principal\/wp-content\/uploads\/2018\/06\/28-salon-pintura-630x376.jpg\" alt=\"\" width=\"630\" height=\"376\" srcset=\"https:\/\/www.hoymercedes.com.ar\/principal\/wp-content\/uploads\/2018\/06\/28-salon-pintura-630x376.jpg 630w, https:\/\/www.hoymercedes.com.ar\/principal\/wp-content\/uploads\/2018\/06\/28-salon-pintura-150x89.jpg 150w, https:\/\/www.hoymercedes.com.ar\/principal\/wp-content\/uploads\/2018\/06\/28-salon-pintura.jpg 800w\" sizes=\"auto, (max-width: 630px) 100vw, 630px\" \/><\/p>\n<p>&nbsp;<\/p>\n<p>&nbsp;<\/p>\n","protected":false},"excerpt":{"rendered":"<p>El jurado del 15\u00b0 Sal\u00f3n Anual Provincial de Pintura \u00abCiudad de Mercedes\u00bb 2018 actu\u00f3 durante el d\u00eda mi\u00e9rcoles en donde &#8230; <a title=\"El jurado actu\u00f3: se conocen los seleccionados para el Sal\u00f3n de Pintura\" class=\"read-more\" href=\"https:\/\/www.hoymercedes.com.ar\/principal\/2018\/06\/28\/el-jurado-actuo-se-conocen-los-seleccionados-para-el-salon-de-pintura\/\" aria-label=\"Leer m\u00e1s sobre El jurado actu\u00f3: se conocen los seleccionados para el Sal\u00f3n de Pintura\">Leer m\u00e1s<\/a><\/p>\n","protected":false},"author":1,"featured_media":77885,"comment_status":"closed","ping_status":"open","sticky":false,"template":"","format":"standard","meta":{"_monsterinsights_skip_tracking":false,"_monsterinsights_sitenote_active":false,"_monsterinsights_sitenote_note":"","_monsterinsights_sitenote_category":0,"jetpack_post_was_ever_published":false,"_jetpack_newsletter_access":"","_jetpack_dont_email_post_to_subs":false,"_jetpack_newsletter_tier_id":0,"_jetpack_memberships_contains_paywalled_content":false,"_jetpack_memberships_contains_paid_content":false,"footnotes":"","jetpack_publicize_message":"","jetpack_publicize_feature_enabled":true,"jetpack_social_post_already_shared":true,"jetpack_social_options":{"image_generator_settings":{"template":"highway","default_image_id":0,"font":"","enabled":false},"version":2},"_wpas_customize_per_network":false},"categories":[104],"tags":[7805,10,9056,970,9484],"class_list":["post-77884","post","type-post","status-publish","format-standard","has-post-thumbnail","hentry","category-cultura","tag-cultura","tag-mercedes","tag-pintura","tag-salon-de-pintura","tag-seleccionados","generate-columns","tablet-grid-50","mobile-grid-100","grid-parent","grid-50"],"jetpack_publicize_connections":[],"jetpack_featured_media_url":"https:\/\/www.hoymercedes.com.ar\/principal\/wp-content\/uploads\/2018\/06\/28-jurado-pintura.jpg","wps_subtitle":"El 7 de julio inaugura","jetpack_sharing_enabled":true,"_links":{"self":[{"href":"https:\/\/www.hoymercedes.com.ar\/principal\/wp-json\/wp\/v2\/posts\/77884","targetHints":{"allow":["GET"]}}],"collection":[{"href":"https:\/\/www.hoymercedes.com.ar\/principal\/wp-json\/wp\/v2\/posts"}],"about":[{"href":"https:\/\/www.hoymercedes.com.ar\/principal\/wp-json\/wp\/v2\/types\/post"}],"author":[{"embeddable":true,"href":"https:\/\/www.hoymercedes.com.ar\/principal\/wp-json\/wp\/v2\/users\/1"}],"replies":[{"embeddable":true,"href":"https:\/\/www.hoymercedes.com.ar\/principal\/wp-json\/wp\/v2\/comments?post=77884"}],"version-history":[{"count":0,"href":"https:\/\/www.hoymercedes.com.ar\/principal\/wp-json\/wp\/v2\/posts\/77884\/revisions"}],"wp:featuredmedia":[{"embeddable":true,"href":"https:\/\/www.hoymercedes.com.ar\/principal\/wp-json\/wp\/v2\/media\/77885"}],"wp:attachment":[{"href":"https:\/\/www.hoymercedes.com.ar\/principal\/wp-json\/wp\/v2\/media?parent=77884"}],"wp:term":[{"taxonomy":"category","embeddable":true,"href":"https:\/\/www.hoymercedes.com.ar\/principal\/wp-json\/wp\/v2\/categories?post=77884"},{"taxonomy":"post_tag","embeddable":true,"href":"https:\/\/www.hoymercedes.com.ar\/principal\/wp-json\/wp\/v2\/tags?post=77884"}],"curies":[{"name":"wp","href":"https:\/\/api.w.org\/{rel}","templated":true}]}}