{"id":7789,"date":"2011-09-30T02:30:42","date_gmt":"2011-09-30T02:30:42","guid":{"rendered":"http:\/\/www.hoymercedes.com.ar\/principal\/?p=7789"},"modified":"2011-09-30T02:30:42","modified_gmt":"2011-09-30T02:30:42","slug":"a-poco-de-las-elecciones-selva-comenta-los-pasos-que-dara","status":"publish","type":"post","link":"https:\/\/www.hoymercedes.com.ar\/principal\/2011\/09\/30\/a-poco-de-las-elecciones-selva-comenta-los-pasos-que-dara\/","title":{"rendered":"A poco de las elecciones Selva comenta los pasos que dar\u00e1"},"content":{"rendered":"<p>El intendente Carlos Selva se refiri\u00f3 a menos de un mes de las elecciones a las tareas que realizar\u00e1 en dicho lapso de tiempo sosteniendo \u201cvamos a tener casi un mes por delante para trabajar mucho sobre todo en lo que hace a este muy buen momento que est\u00e1 viviendo Mercedes en base a la producci\u00f3n, a la cultura, al deporte, y a muchas otras \u00e1rea que nos hace estar, insisto en decirlo, en un muy buen momento como ciudad a trav\u00e9s de lo que el municipio propone perta atenci\u00f3n tambi\u00e9n a partir de lo que las Instituciones generan y este camino que hemos recorrido durante estos a\u00f1os con una relaci\u00f3n muy fluida con todas las entidades, con un respeto muy grande hacia las mismas y porque se sintieron tambi\u00e9n muy identificadas con la comuna hizo que nosotros pidamos decir hoy que Mercedes est\u00e1 muy bien.<\/p>\n<p>Sobre esa base ya construida pensamos seguir trabajando y proyect\u00e1ndonos hacia adelante con el anhelo de ir cumpliendo cosas que nos hab\u00edamos prometido y que ahora para los pr\u00f3ximos cuatro a\u00f1os tenemos una agenda muy diferente a la actual.<\/p>\n<p>Hoy el tema cloacal se complet\u00f3 casi de manera total en el porcentaje de vecinos que faltaba contar con dicho servicio, hay una etapa que nos falta que es la extensi\u00f3n hacia la zona sur con el colector que nos va a permitir incorporar una serie barrios muy importantes, tambi\u00e9n debemos extender las redes de gas natural y por eso ma\u00f1ana (por hoy) vamos a tener una reuni\u00f3n muy importante, una reuni\u00f3n muy en serio, no con promesas sino con temas concretos.<\/p>\n<p>Y desde ya nuestra labor tambi\u00e9n se orientar\u00e1 a mejorar la salud, la educaci\u00f3n y las cosas que no tienen techo y por eso hay que seguir haciendo todos los d\u00edas los esfuerzos necesarios incorporando nuevas tecnolog\u00edas para mejorar la calidad de vida de los mercedinos, sobre eso vamos a trabajar.<\/p>\n<p>La posibilidad de tomar una licencia no queda descartada, si hemos modificado la fecha por las circunstancias que todos conocen, poner las cosas en su camino institucional correcto as\u00ed que no ser\u00e1 una licencia de un mes pero va a ser importante que los \u00faltimos d\u00edas lo dediquemos a lleno al proceso electoral porque es mucho lo que se pone en juego para Mercedes.<\/p>\n<p>Por eso vamos a trabajar de manera muy seria en el tema de la fiscalizaci\u00f3n para que no nos vuelva a pasar lo de agosto, vamos a fiscalizar de una manera muy diferente y para ello nos estamos preparando con un trabajo muy serio capacitando a toda nuestra estructura.<\/p>\n<p>Nosotros tenemos una visi\u00f3n totalmente distinta, no nos gusta para nada ser conejitos de indias como ciudad y eso es que lo que realmente queremos defender, el trabajo, la armon\u00eda, la integraci\u00f3n y no la disociaci\u00f3n de la sociedad y sobre todo siempre trabajando con todo el respeto por las instituciones en el marco de una armon\u00eda de ciudad que durante ocho a\u00f1os con todas las situaciones dif\u00edciles que le toco vivir a Mercedes lo supimos llevar, supimos conducir los destinos de nuestra Mercedes\u201d<\/p>\n<p>Al ser consultado acerca si el Ministerio de Justicia hab\u00eda respondido la carta documento que le enviara por el tema del barrio Obrero y la Casa de la Justicia, Selva dijo \u201caun est\u00e1n corriendo los t\u00e9rminos legales para que nos responda por lo cual realmente espero que lo hagan porque todo esto tiene que ver con algo que venimos diciendo desde hace y tiempo, el avasallamiento de las instituciones, los Ministros fueron en todos los casos circunstanciales invitados a participar, creo que la irresponsabilidad est\u00e1 en quien la promueve desde ac\u00e1 para a trav\u00e9s de un desconocimiento total tratar de poder generar un gobierno paralelo en contra de la representatividad popular y es por eso que nosotros decimos que tienen una actitud sectaria haciendo las cosas al extremo, actitudes extremistas y no creemos que eso sea lo que la ciudad de Mercedes quiera por eso le damos la oportunidad que la misma necesita para tener otra alternativa.<\/p>\n<p>Por ejemplo con relaci\u00f3n a la visita del Ministro de Educaci\u00f3n de la Naci\u00f3n de pudo ver esas situaciones extremistas, hubiese sido un orgullo y un honor poder recibir al Ministro de Educaci\u00f3n de la Naci\u00f3n en el Concejo Deliberante con todos los honores declar\u00e1ndolo hu\u00e9sped de honor como se merece su investidura y se merece la ciudad.<\/p>\n<p>Como esta gente es sectaria y marcan as situaciones sin importarles las instituciones hacen lo que hacen m\u00e1s haya que haya una obligaci\u00f3n protocolar cuando se trata de un acto oficial pero ellos disfrazan la situaci\u00f3n aunque igual entregan cosas en nombre del estado entonces pasa a ser una cosa poco seria y adem\u00e1s irresponsable ya que de ninguna manera dej\u00f3 de ser una visita protocolar a un establecimiento educacional por lo tanto hay un protocolo que observar ya que se present\u00f3 con un candidato que no conoce lo que es la Escuela Industrial donde hasta el momento se trabaj\u00f3 con un proyecto del municipio que lo potenci\u00f3, trajo a los arquitectos y se moviliz\u00f3 la propuesta dentro del gobierno de la provincia a trav\u00e9s de la Unidad Ejecutora como corresponde y despu\u00e9s se dan situaciones como esta que hemos vivido, una falta de respeto a la Escuela Industrial, al Municipio, al Consejo Escolar y a toda la ciudad porque en esto, en Educaci\u00f3n no puede haber ning\u00fan tipo especulaci\u00f3n pol\u00edtica\u201d.<\/p>\n","protected":false},"excerpt":{"rendered":"<p>El intendente Carlos Selva se refiri\u00f3 a menos de un mes de las elecciones a las tareas que realizar\u00e1 en &#8230; <a title=\"A poco de las elecciones Selva comenta los pasos que dar\u00e1\" class=\"read-more\" href=\"https:\/\/www.hoymercedes.com.ar\/principal\/2011\/09\/30\/a-poco-de-las-elecciones-selva-comenta-los-pasos-que-dara\/\" aria-label=\"Leer m\u00e1s sobre A poco de las elecciones Selva comenta los pasos que dar\u00e1\">Leer m\u00e1s<\/a><\/p>\n","protected":false},"author":1,"featured_media":0,"comment_status":"open","ping_status":"open","sticky":false,"template":"","format":"standard","meta":{"_monsterinsights_skip_tracking":false,"_monsterinsights_sitenote_active":false,"_monsterinsights_sitenote_note":"","_monsterinsights_sitenote_category":0,"jetpack_post_was_ever_published":false,"_jetpack_newsletter_access":"","_jetpack_dont_email_post_to_subs":false,"_jetpack_newsletter_tier_id":0,"_jetpack_memberships_contains_paywalled_content":false,"_jetpack_memberships_contains_paid_content":false,"footnotes":"","jetpack_publicize_message":"","jetpack_publicize_feature_enabled":true,"jetpack_social_post_already_shared":false,"jetpack_social_options":{"image_generator_settings":{"template":"highway","default_image_id":0,"font":"","enabled":false},"version":2},"_wpas_customize_per_network":false},"categories":[5],"tags":[957,18],"class_list":["post-7789","post","type-post","status-publish","format-standard","hentry","category-politica","tag-elecciones-2011-2","tag-selva","generate-columns","tablet-grid-50","mobile-grid-100","grid-parent","grid-50"],"jetpack_publicize_connections":[],"jetpack_featured_media_url":"","wps_subtitle":"","jetpack_sharing_enabled":true,"_links":{"self":[{"href":"https:\/\/www.hoymercedes.com.ar\/principal\/wp-json\/wp\/v2\/posts\/7789","targetHints":{"allow":["GET"]}}],"collection":[{"href":"https:\/\/www.hoymercedes.com.ar\/principal\/wp-json\/wp\/v2\/posts"}],"about":[{"href":"https:\/\/www.hoymercedes.com.ar\/principal\/wp-json\/wp\/v2\/types\/post"}],"author":[{"embeddable":true,"href":"https:\/\/www.hoymercedes.com.ar\/principal\/wp-json\/wp\/v2\/users\/1"}],"replies":[{"embeddable":true,"href":"https:\/\/www.hoymercedes.com.ar\/principal\/wp-json\/wp\/v2\/comments?post=7789"}],"version-history":[{"count":0,"href":"https:\/\/www.hoymercedes.com.ar\/principal\/wp-json\/wp\/v2\/posts\/7789\/revisions"}],"wp:attachment":[{"href":"https:\/\/www.hoymercedes.com.ar\/principal\/wp-json\/wp\/v2\/media?parent=7789"}],"wp:term":[{"taxonomy":"category","embeddable":true,"href":"https:\/\/www.hoymercedes.com.ar\/principal\/wp-json\/wp\/v2\/categories?post=7789"},{"taxonomy":"post_tag","embeddable":true,"href":"https:\/\/www.hoymercedes.com.ar\/principal\/wp-json\/wp\/v2\/tags?post=7789"}],"curies":[{"name":"wp","href":"https:\/\/api.w.org\/{rel}","templated":true}]}}