{"id":780,"date":"2010-12-02T15:14:32","date_gmt":"2010-12-02T15:14:32","guid":{"rendered":"http:\/\/www.hoymercedes.com.ar\/principal\/?p=780"},"modified":"2010-12-04T00:13:59","modified_gmt":"2010-12-04T00:13:59","slug":"gorosterrazu-sorprendio-la-gran-presencia-de-jovenes-de-diferentes-lugares-en-nuestra-ciudad","status":"publish","type":"post","link":"https:\/\/www.hoymercedes.com.ar\/principal\/2010\/12\/02\/gorosterrazu-sorprendio-la-gran-presencia-de-jovenes-de-diferentes-lugares-en-nuestra-ciudad\/","title":{"rendered":"Gorosterraz\u00fa: sorprendi\u00f3 la gran presencia de j\u00f3venes de diferentes lugares en nuestra ciudad"},"content":{"rendered":"<p style=\"text-align: justify;\">El contador N\u00e9stor Gorosterraz\u00fa, integrante en la d\u00e9cada del setenta de la Juventud Peronista se refiri\u00f3\u00a0 a lo ocurrido este lunes con la masiva presencia de j\u00f3venes de diferentes localidades enel acto de la Presidente Cristina Fern\u00e1ndez de Kirchner en nuestra ciudad.<\/p>\n<p style=\"text-align: justify;\">El ex Secretario de Econom\u00eda y posteriormente de Obras y Servicios P\u00fablicos de la comuna y actual referente de una de las lineas internas del PJ local\u00a0 sostuvo al referirse al acto realizado en la Plaza de la Estaci\u00f3n \u201cdesde mi punto de vista fue un encuentro importante con un gran fervor popular y sobre todo me gust\u00f3 por la gran cantidad de j\u00f3venes de diferentes lugares que se hicieron presentes dando su apoyo a la se\u00f1ora Presidente de la Naci\u00f3n y al actual modelo impulsado por su esposo y ahora a cargo de ella.<\/p>\n<p style=\"text-align: justify;\">No solo fue importante la presencia de j\u00f3venes de nuestra ciudad, que realmente fueron muchos, sihno tambi\u00e9n aquellos que vinieron de otras ciudades y sinceramente al verlos con las banderas, las remeras y los c\u00e1nticos me hizo acordar a aquella juventud peronista de la d\u00e9cada del setenta en la que tuve la suerte de militar como otra importante cantidad de mercedinos, por lo tanto para mi fue un volver a vivir esa \u00e9poca tan especial para muchos de nosotros, reitero que realmente fue algo muy lindo poder ver gente con ganas de seguir luchando, casi con las mismas consignas de aquella \u00e9poca o sea defender nuestro proyecto nacional y popular, decir no al colonialismo, estar en contra del imperialismo y su recetas y creo que en ese camino estamos cada d\u00eda profundizando m\u00e1s dichos aspectos que sin lugar a dudas el ex presidente N\u00e9stor Kirchner revitaliz\u00f3 en el pueblo argentino.<\/p>\n<p style=\"text-align: justify;\">Vi banderas de muchas localidades apoyando el acto, apoyando todo lo que est\u00e1 haciendo la presidente, una presidente a la que sinceramente vi bien a pesar de todo lo lamentable que le ha tocado vivir a lo largo del \u00faltimo mes, realmente me sorprendi\u00f3 y me di cuenta\u00a0 que se trata de una persona con mucho temple, es aguerrida, luchadora, no la veo abatida ni deprimida, al contrario, me encontr\u00e9 con una mujer que lucha y que sobre todas las cosas se empe\u00f1a en cumplir con su funci\u00f3n que por cierto es de much\u00edsima responsabilidad.<\/p>\n<p style=\"text-align: justify;\">Creo que a la mayor\u00eda de los que est\u00e1bamos en el acto nos sorprendi\u00f3 la entereza con la que se dirigi\u00f3 a los presente, en\u00a0 lo personal cre\u00eda que en alg\u00fan momento podr\u00eda quebrase pero no fue as\u00ed, tambi\u00e9n tras el fallecimiento de su esposo pens\u00e9 que como cualquier ser humano de la tierra se ir\u00eda a tomar cuatro \u00f3 cinco d\u00edas de duelo\u00a0 y de licencia,\u00a0 y otra vez me equivoque porque r\u00e1pidamente retorno a sus tareas y hasta emprendi\u00f3 un viaje al exterior realmente muy dif\u00edcil as\u00ed que en definitiva pienso que estamos pol\u00edticamente en un muy buen momento\u201d.<\/p>\n<p style=\"text-align: justify;\">Por \u00faltimo Gorosterraz\u00fa\u00a0 agrego \u201cvuelvo a insistir en el gran acompa\u00f1amiento de j\u00f3venes que con toda correcci\u00f3n tuvo durante su presencia en nuestra ciudad la se\u00f1ora Presidente\u201d.<\/p>\n","protected":false},"excerpt":{"rendered":"<p>El contador N\u00e9stor Gorosterraz\u00fa, integrante en la d\u00e9cada del setenta de la Juventud Peronista se refiri\u00f3\u00a0 a lo ocurrido este &#8230; <a title=\"Gorosterraz\u00fa: sorprendi\u00f3 la gran presencia de j\u00f3venes de diferentes lugares en nuestra ciudad\" class=\"read-more\" href=\"https:\/\/www.hoymercedes.com.ar\/principal\/2010\/12\/02\/gorosterrazu-sorprendio-la-gran-presencia-de-jovenes-de-diferentes-lugares-en-nuestra-ciudad\/\" aria-label=\"Leer m\u00e1s sobre Gorosterraz\u00fa: sorprendi\u00f3 la gran presencia de j\u00f3venes de diferentes lugares en nuestra ciudad\">Leer m\u00e1s<\/a><\/p>\n","protected":false},"author":1,"featured_media":0,"comment_status":"open","ping_status":"open","sticky":false,"template":"","format":"standard","meta":{"_monsterinsights_skip_tracking":false,"_monsterinsights_sitenote_active":false,"_monsterinsights_sitenote_note":"","_monsterinsights_sitenote_category":0,"jetpack_post_was_ever_published":false,"_jetpack_newsletter_access":"","_jetpack_dont_email_post_to_subs":false,"_jetpack_newsletter_tier_id":0,"_jetpack_memberships_contains_paywalled_content":false,"_jetpack_memberships_contains_paid_content":false,"footnotes":"","jetpack_publicize_message":"","jetpack_publicize_feature_enabled":true,"jetpack_social_post_already_shared":false,"jetpack_social_options":{"image_generator_settings":{"template":"highway","default_image_id":0,"font":"","enabled":false},"version":2},"_wpas_customize_per_network":false},"categories":[5],"tags":[211],"class_list":["post-780","post","type-post","status-publish","format-standard","hentry","category-politica","tag-gorosterrazu","generate-columns","tablet-grid-50","mobile-grid-100","grid-parent","grid-50"],"jetpack_publicize_connections":[],"jetpack_featured_media_url":"","wps_subtitle":"","jetpack_sharing_enabled":true,"jetpack-related-posts":[{"id":3608,"url":"https:\/\/www.hoymercedes.com.ar\/principal\/2011\/04\/19\/finalmente-el-vasco-gorosterrazu-se-unio-al-fmpv\/","url_meta":{"origin":780,"position":0},"title":"Finalmente el Vasco Gorosterraz\u00fa se uni\u00f3 al FMPV","author":"hoymercedes","date":"19 abril, 2011","format":false,"excerpt":"Luego de varias reuniones mantenidas entre el referente selvista y posteriormente m\u00e1ximo inspirador de una nueva l\u00ednea del PJ local, Edgardo Gorosterraz\u00fa, se produjo la incorporaci\u00f3n de su grupo al Frente Mercedino para la Victoria tal como en su momento lo hab\u00eda hecho la Agrupaci\u00f3n Leales a Per\u00f3n encabezada por\u2026","rel":"","context":"En \u00abPol\u00edtica\u00bb","block_context":{"text":"Pol\u00edtica","link":"https:\/\/www.hoymercedes.com.ar\/principal\/category\/politica\/"},"img":{"alt_text":"","src":"","width":0,"height":0},"classes":[]},{"id":1154,"url":"https:\/\/www.hoymercedes.com.ar\/principal\/2010\/12\/20\/movimiento-mercedino-para-la-victoria-lleno-el-comunicaciones-en-el-primer-acto-publico-realizado-en-la-ciudad\/","url_meta":{"origin":780,"position":1},"title":"Movimiento Mercedino para la Victoria llen\u00f3 el Comunicaciones en el primer acto p\u00fablico realizado en la ciudad","author":"hoymercedes","date":"20 diciembre, 2010","format":false,"excerpt":"El grupo pol\u00edtico conocido a nivel nacional con el nombre de La Campora, realiz\u00f3 el dimingol su primer acto pol\u00edtico oficial en nuestra ciudad con la denominaci\u00f3n de Movimiento Mercedino para la Victoria con la participaci\u00f3n de un muy significativa cantidad de publico, especialmente j\u00f3venes de nuestro medio. El acto\u2026","rel":"","context":"En \u00abPol\u00edtica\u00bb","block_context":{"text":"Pol\u00edtica","link":"https:\/\/www.hoymercedes.com.ar\/principal\/category\/politica\/"},"img":{"alt_text":"","src":"https:\/\/i0.wp.com\/www.hoymercedes.com.ar\/principal\/wp-content\/uploads\/2010\/12\/DSCN4307.jpg?resize=350%2C200","width":350,"height":200},"classes":[]},{"id":2274,"url":"https:\/\/www.hoymercedes.com.ar\/principal\/2011\/02\/17\/los-jovenes-de-agrupaciones-kirchneristas-trabajan-pintando-escuelas-de-nuestra-ciudad\/","url_meta":{"origin":780,"position":2},"title":"Los j\u00f3venes de Agrupaciones Kirchneristas trabajan pintando  escuelas de nuestra ciudad","author":"hoymercedes","date":"17 febrero, 2011","format":false,"excerpt":"Se concret\u00f3 ayer la tercera de las cinco jornadas de trabajo programadas en nuestra ciudad en las que j\u00f3venes militantes del sector Kirchnerista del Justicialismo se encargaran dentro del Programa Nacional Pinto Mil Flores pinto Mil Escuela de concretar dicha tarea. En nuestra ciudad se congregaron para trabajar en este\u2026","rel":"","context":"En \u00abPol\u00edtica\u00bb","block_context":{"text":"Pol\u00edtica","link":"https:\/\/www.hoymercedes.com.ar\/principal\/category\/politica\/"},"img":{"alt_text":"","src":"","width":0,"height":0},"classes":[]},{"id":133674,"url":"https:\/\/www.hoymercedes.com.ar\/principal\/2021\/07\/19\/jovenes-radicales-piden-lugares-protagonicos-en-las-listas\/","url_meta":{"origin":780,"position":3},"title":"J\u00f3venes radicales piden lugares protag\u00f3nicos en las listas","author":"hoymercedes","date":"19 julio, 2021","format":false,"excerpt":"La\u00a0Juventud\u00a0Radical de\u00a0Mercedes emitieron una comunicaci\u00f3n con el fin de hacer p\u00fablico el pedido a las fuerzas pol\u00edticas que integran el frente electoral un lugar \"protag\u00f3nico\" en la lista de candidatos para las elecciones 2021. El pedido es tambi\u00e9n para la fuerza de en la Primera Secci\u00f3n Electoral. \"Hace ya varios\u2026","rel":"","context":"En \u00abPol\u00edtica\u00bb","block_context":{"text":"Pol\u00edtica","link":"https:\/\/www.hoymercedes.com.ar\/principal\/category\/politica\/"},"img":{"alt_text":"","src":"https:\/\/i0.wp.com\/www.hoymercedes.com.ar\/principal\/wp-content\/uploads\/2021\/07\/WhatsApp-Image-2021-07-19-at-16.42.03.jpeg?resize=350%2C200&ssl=1","width":350,"height":200,"srcset":"https:\/\/i0.wp.com\/www.hoymercedes.com.ar\/principal\/wp-content\/uploads\/2021\/07\/WhatsApp-Image-2021-07-19-at-16.42.03.jpeg?resize=350%2C200&ssl=1 1x, https:\/\/i0.wp.com\/www.hoymercedes.com.ar\/principal\/wp-content\/uploads\/2021\/07\/WhatsApp-Image-2021-07-19-at-16.42.03.jpeg?resize=525%2C300&ssl=1 1.5x, https:\/\/i0.wp.com\/www.hoymercedes.com.ar\/principal\/wp-content\/uploads\/2021\/07\/WhatsApp-Image-2021-07-19-at-16.42.03.jpeg?resize=700%2C400&ssl=1 2x, https:\/\/i0.wp.com\/www.hoymercedes.com.ar\/principal\/wp-content\/uploads\/2021\/07\/WhatsApp-Image-2021-07-19-at-16.42.03.jpeg?resize=1050%2C600&ssl=1 3x"},"classes":[]},{"id":169017,"url":"https:\/\/www.hoymercedes.com.ar\/principal\/2023\/10\/31\/conmemoraron-los-40-anos-de-la-eleccion-que-inicio-el-actual-periodo-democratico\/","url_meta":{"origin":780,"position":4},"title":"Conmemoraron los 40 a\u00f1os de la elecci\u00f3n que inici\u00f3 el actual per\u00edodo democr\u00e1tico","author":"hoymercedes","date":"31 octubre, 2023","format":false,"excerpt":"En la tarde del lunes 30 de octubre, el monumento que recuerda al presidente Ra\u00fal Alfons\u00edn fue el centro del acto principal que record\u00f3 los 40 a\u00f1os de la elecci\u00f3n que llev\u00f3 al l\u00edder radical a ser la m\u00e1xima autoridad del pa\u00eds en 1983. Se concentraron referentes pol\u00edticos de diversos\u2026","rel":"","context":"En \u00abPol\u00edtica\u00bb","block_context":{"text":"Pol\u00edtica","link":"https:\/\/www.hoymercedes.com.ar\/principal\/category\/politica\/"},"img":{"alt_text":"","src":"https:\/\/i0.wp.com\/www.hoymercedes.com.ar\/principal\/wp-content\/uploads\/2023\/10\/IMG_20231030_184947708_copy_800x533.jpg?resize=350%2C200&ssl=1","width":350,"height":200,"srcset":"https:\/\/i0.wp.com\/www.hoymercedes.com.ar\/principal\/wp-content\/uploads\/2023\/10\/IMG_20231030_184947708_copy_800x533.jpg?resize=350%2C200&ssl=1 1x, https:\/\/i0.wp.com\/www.hoymercedes.com.ar\/principal\/wp-content\/uploads\/2023\/10\/IMG_20231030_184947708_copy_800x533.jpg?resize=525%2C300&ssl=1 1.5x, https:\/\/i0.wp.com\/www.hoymercedes.com.ar\/principal\/wp-content\/uploads\/2023\/10\/IMG_20231030_184947708_copy_800x533.jpg?resize=700%2C400&ssl=1 2x"},"classes":[]},{"id":120830,"url":"https:\/\/www.hoymercedes.com.ar\/principal\/2020\/11\/26\/encuentro-virtual-del-programa-jovenes-y-memoria\/","url_meta":{"origin":780,"position":5},"title":"Encuentro virtual del Programa J\u00f3venes y Memoria","author":"hoymercedes","date":"26 noviembre, 2020","format":false,"excerpt":"En la tarde del martes \u00faltimo se llev\u00f3 adelante, de manera virtual, el acto de apertura del encuentro final del Programa J\u00f3venes y Memoria. Con la participaci\u00f3n de m\u00e1s de 300 docentes, coordinadores y j\u00f3venes de distintas localidades de la provincia. El encuentro contin\u00faa y podr\u00e1 seguirse por los canales\u2026","rel":"","context":"En \u00abProvincia\u00bb","block_context":{"text":"Provincia","link":"https:\/\/www.hoymercedes.com.ar\/principal\/category\/provincia\/"},"img":{"alt_text":"","src":"https:\/\/i0.wp.com\/www.hoymercedes.com.ar\/principal\/wp-content\/uploads\/2020\/11\/26-jovymem.jpg?resize=350%2C200&ssl=1","width":350,"height":200,"srcset":"https:\/\/i0.wp.com\/www.hoymercedes.com.ar\/principal\/wp-content\/uploads\/2020\/11\/26-jovymem.jpg?resize=350%2C200&ssl=1 1x, https:\/\/i0.wp.com\/www.hoymercedes.com.ar\/principal\/wp-content\/uploads\/2020\/11\/26-jovymem.jpg?resize=525%2C300&ssl=1 1.5x, https:\/\/i0.wp.com\/www.hoymercedes.com.ar\/principal\/wp-content\/uploads\/2020\/11\/26-jovymem.jpg?resize=700%2C400&ssl=1 2x"},"classes":[]}],"_links":{"self":[{"href":"https:\/\/www.hoymercedes.com.ar\/principal\/wp-json\/wp\/v2\/posts\/780","targetHints":{"allow":["GET"]}}],"collection":[{"href":"https:\/\/www.hoymercedes.com.ar\/principal\/wp-json\/wp\/v2\/posts"}],"about":[{"href":"https:\/\/www.hoymercedes.com.ar\/principal\/wp-json\/wp\/v2\/types\/post"}],"author":[{"embeddable":true,"href":"https:\/\/www.hoymercedes.com.ar\/principal\/wp-json\/wp\/v2\/users\/1"}],"replies":[{"embeddable":true,"href":"https:\/\/www.hoymercedes.com.ar\/principal\/wp-json\/wp\/v2\/comments?post=780"}],"version-history":[{"count":0,"href":"https:\/\/www.hoymercedes.com.ar\/principal\/wp-json\/wp\/v2\/posts\/780\/revisions"}],"wp:attachment":[{"href":"https:\/\/www.hoymercedes.com.ar\/principal\/wp-json\/wp\/v2\/media?parent=780"}],"wp:term":[{"taxonomy":"category","embeddable":true,"href":"https:\/\/www.hoymercedes.com.ar\/principal\/wp-json\/wp\/v2\/categories?post=780"},{"taxonomy":"post_tag","embeddable":true,"href":"https:\/\/www.hoymercedes.com.ar\/principal\/wp-json\/wp\/v2\/tags?post=780"}],"curies":[{"name":"wp","href":"https:\/\/api.w.org\/{rel}","templated":true}]}}